{"id":334171,"date":"2021-05-05T10:10:27","date_gmt":"2021-05-05T07:10:27","guid":{"rendered":"https:\/\/arantv.az\/?p=334171"},"modified":"2021-05-05T10:10:27","modified_gmt":"2021-05-05T07:10:27","slug":"bakidaki-marketd%c9%99-m%c9%99hsullari-yararsiz-hala-salan-generalin-oglu-imis","status":"publish","type":"post","link":"https:\/\/arantv.az\/?p=334171","title":{"rendered":"Bak\u0131dak\u0131 marketd\u0259 m\u0259hsullar\u0131 yarars\u0131z hala salan general\u0131n o\u011flu imi\u015f"},"content":{"rendered":"<p>Bir ne\u00e7\u0259 g\u00fcn \u00f6nc\u0259 Bak\u0131dak\u0131 marketl\u0259rd\u0259n birind\u0259 m\u0259hsullar\u0131 q\u0259sd\u0259n yarars\u0131z hala salan R\u00fcst\u0259m Orucovla ba\u011fl\u0131 maraql\u0131 detal m\u0259lum olub.<\/p>\n<p><strong>ARANTV.AZ <\/strong>\u00a0x\u0259b\u0259r verir ki, o, S\u0259f\u0259rb\u0259rlik v\u0259 H\u0259rbi Xidm\u0259t\u0259 \u00c7a\u011f\u0131r\u0131\u015f \u00fczr\u0259 D\u00f6vl\u0259t Xidm\u0259ti r\u0259isinin sabiq m\u00fcavini, general-mayor Novruz\u0259li Orucovun o\u011fludur.<\/p>\n<div id=\"AdviadNativeVideo0\" class=\"AdviadNativeVideo\">\n<div class=\"adviad-inboard sm-screen\">\n<div>\n<div class=\"adviad-ui-components-label\">\n<p>R.Orucov bir ne\u00e7\u0259 il \u0259vv\u0259l Bak\u0131da avtobus s\u00fcr\u00fcc\u00fcs\u00fcn\u00fc d\u00f6yd\u00fcy\u00fc \u00fc\u00e7\u00fcn 4 il 6 ay m\u00fcdd\u0259tin\u0259 azadl\u0131qdan m\u0259hrum edilib.<\/p>\n<p>Xat\u0131rladaq ki, R.Orucov bu \u0259m\u0259lin\u0259 g\u00f6r\u0259 \u00fczr ist\u0259yib.<\/p>\n<\/div>\n<\/div>\n<\/div>\n<\/div>\n","protected":false},"excerpt":{"rendered":"<p>Bir ne\u00e7\u0259 g\u00fcn \u00f6nc\u0259 Bak\u0131dak\u0131 marketl\u0259rd\u0259n birind\u0259 m\u0259hsullar\u0131 q\u0259sd\u0259n yarars\u0131z hala salan R\u00fcst\u0259m Orucovla ba\u011fl\u0131 maraql\u0131 detal m\u0259lum olub. ARANTV.AZ \u00a0x\u0259b\u0259r verir ki, o, S\u0259f\u0259rb\u0259rlik v\u0259 H\u0259rbi Xidm\u0259t\u0259 \u00c7a\u011f\u0131r\u0131\u015f \u00fczr\u0259 D\u00f6vl\u0259t Xidm\u0259ti r\u0259isinin sabiq m\u00fcavini, general-mayor Novruz\u0259li Orucovun o\u011fludur. R.Orucov bir ne\u00e7\u0259 il \u0259vv\u0259l Bak\u0131da avtobus s\u00fcr\u00fcc\u00fcs\u00fcn\u00fc d\u00f6yd\u00fcy\u00fc \u00fc\u00e7\u00fcn 4 il 6 ay m\u00fcdd\u0259tin\u0259 azadl\u0131qdan m\u0259hrum edilib. Xat\u0131rladaq ki, R.Orucov bu \u0259m\u0259lin\u0259 g\u00f6r\u0259 \u00fczr ist\u0259yib.<\/p>\n","protected":false},"author":2,"featured_media":334172,"comment_status":"closed","ping_status":"closed","sticky":false,"template":"","format":"standard","meta":{"om_disable_all_campaigns":false,"_monsterinsights_skip_tracking":false,"_monsterinsights_sitenote_active":false,"_monsterinsights_sitenote_note":"","_monsterinsights_sitenote_category":0},"categories":[26],"tags":[],"aioseo_notices":[],"gutentor_comment":0,"rttpg_featured_image_url":{"full":["https:\/\/arantv.az\/wp-content\/uploads\/2021\/05\/6e400c72-138f-4f45-b885-ba88c23b91b1.jpg",620,430,false],"landscape":["https:\/\/arantv.az\/wp-content\/uploads\/2021\/05\/6e400c72-138f-4f45-b885-ba88c23b91b1.jpg",620,430,false],"portraits":["https:\/\/arantv.az\/wp-content\/uploads\/2021\/05\/6e400c72-138f-4f45-b885-ba88c23b91b1.jpg",620,430,false],"thumbnail":["https:\/\/arantv.az\/wp-content\/uploads\/2021\/05\/6e400c72-138f-4f45-b885-ba88c23b91b1-500x280.jpg",500,280,true],"medium":["https:\/\/arantv.az\/wp-content\/uploads\/2021\/05\/6e400c72-138f-4f45-b885-ba88c23b91b1-526x365.jpg",526,365,true],"large":["https:\/\/arantv.az\/wp-content\/uploads\/2021\/05\/6e400c72-138f-4f45-b885-ba88c23b91b1.jpg",620,430,false],"1536x1536":["https:\/\/arantv.az\/wp-content\/uploads\/2021\/05\/6e400c72-138f-4f45-b885-ba88c23b91b1.jpg",620,430,false],"2048x2048":["https:\/\/arantv.az\/wp-content\/uploads\/2021\/05\/6e400c72-138f-4f45-b885-ba88c23b91b1.jpg",620,430,false],"post-thumbnail":["https:\/\/arantv.az\/wp-content\/uploads\/2021\/05\/6e400c72-138f-4f45-b885-ba88c23b91b1-240x172.jpg",240,172,true],"advps-thumb-one":["https:\/\/arantv.az\/wp-content\/uploads\/2021\/05\/6e400c72-138f-4f45-b885-ba88c23b91b1.jpg",620,430,false]},"rttpg_author":{"display_name":"V\u00fcsal Rafiqo\u011flu","author_link":"https:\/\/arantv.az\/?author=2"},"rttpg_comment":0,"rttpg_category":"<a href=\"https:\/\/arantv.az\/?cat=26\" rel=\"category\">Sosial<\/a>","rttpg_excerpt":"Bir ne\u00e7\u0259 g\u00fcn \u00f6nc\u0259 Bak\u0131dak\u0131 marketl\u0259rd\u0259n birind\u0259 m\u0259hsullar\u0131 q\u0259sd\u0259n yarars\u0131z hala salan R\u00fcst\u0259m Orucovla ba\u011fl\u0131 maraql\u0131 detal m\u0259lum olub. ARANTV.AZ \u00a0x\u0259b\u0259r verir ki, o, S\u0259f\u0259rb\u0259rlik v\u0259 H\u0259rbi Xidm\u0259t\u0259 \u00c7a\u011f\u0131r\u0131\u015f \u00fczr\u0259 D\u00f6vl\u0259t Xidm\u0259ti r\u0259isinin sabiq m\u00fcavini, general-mayor Novruz\u0259li Orucovun o\u011fludur. R.Orucov bir ne\u00e7\u0259 il \u0259vv\u0259l Bak\u0131da avtobus s\u00fcr\u00fcc\u00fcs\u00fcn\u00fc d\u00f6yd\u00fcy\u00fc \u00fc\u00e7\u00fcn 4 il 6 ay m\u00fcdd\u0259tin\u0259 azadl\u0131qdan&hellip;","_links":{"self":[{"href":"https:\/\/arantv.az\/index.php?rest_route=\/wp\/v2\/posts\/334171"}],"collection":[{"href":"https:\/\/arantv.az\/index.php?rest_route=\/wp\/v2\/posts"}],"about":[{"href":"https:\/\/arantv.az\/index.php?rest_route=\/wp\/v2\/types\/post"}],"author":[{"embeddable":true,"href":"https:\/\/arantv.az\/index.php?rest_route=\/wp\/v2\/users\/2"}],"replies":[{"embeddable":true,"href":"https:\/\/arantv.az\/index.php?rest_route=%2Fwp%2Fv2%2Fcomments&post=334171"}],"version-history":[{"count":0,"href":"https:\/\/arantv.az\/index.php?rest_route=\/wp\/v2\/posts\/334171\/revisions"}],"wp:featuredmedia":[{"embeddable":true,"href":"https:\/\/arantv.az\/index.php?rest_route=\/wp\/v2\/media\/334172"}],"wp:attachment":[{"href":"https:\/\/arantv.az\/index.php?rest_route=%2Fwp%2Fv2%2Fmedia&parent=334171"}],"wp:term":[{"taxonomy":"category","embeddable":true,"href":"https:\/\/arantv.az\/index.php?rest_route=%2Fwp%2Fv2%2Fcategories&post=334171"},{"taxonomy":"post_tag","embeddable":true,"href":"https:\/\/arantv.az\/index.php?rest_route=%2Fwp%2Fv2%2Ftags&post=334171"}],"curies":[{"name":"wp","href":"https:\/\/api.w.org\/{rel}","templated":true}]}}