{"id":334174,"date":"2021-05-05T10:11:09","date_gmt":"2021-05-05T07:11:09","guid":{"rendered":"https:\/\/arantv.az\/?p=334174"},"modified":"2021-05-05T10:11:09","modified_gmt":"2021-05-05T07:11:09","slug":"h%c9%99bs-edil%c9%99n-icra-bascilarina-xususi-imtiyazlar-yaradilir-aciqlama","status":"publish","type":"post","link":"https:\/\/arantv.az\/?p=334174","title":{"rendered":"H\u0259bs edil\u0259n icra ba\u015f\u00e7\u0131lar\u0131na x\u00fcsusi imtiyazlar yarad\u0131l\u0131r? &#8211; A\u00c7IQLAMA"},"content":{"rendered":"<p>Sosial \u015f\u0259b\u0259k\u0259l\u0259rd\u0259 v\u0259 b\u0259zi k\u00fctl\u0259vi informasiya vasit\u0259l\u0259rind\u0259\u00a0G\u0259nc\u0259 \u015f\u0259h\u0259rind\u0259 yerl\u0259\u015f\u0259n 2 sayl\u0131 \u0130stintaq t\u0259cridxanas\u0131nda saxlan\u0131lan \u015f\u0259xsl\u0259r\u0259\u00a0x\u00fcsusi rahat \u015f\u0259rait yarad\u0131ld\u0131\u011f\u0131na dair m\u0259lumatlar payla\u015f\u0131l\u0131r.<\/p>\n<p><strong>ARANTV.AZ <\/strong>\u00a0x\u0259b\u0259r verir ki, x\u00fcsusi imtiyaz yarad\u0131lanlar aras\u0131nda h\u0259bs edil\u0259n icra ba\u015f\u00e7\u0131lar\u0131n\u0131n da oldu\u011fu iddia edilir.<\/p>\n<p>M\u0259s\u0259l\u0259 il\u0259 ba\u011fl\u0131 \u018fdliyy\u0259 Nazirliyinin Penitensiar Xidm\u0259tin\u0259 sor\u011fu \u00fcnvanlad\u0131q. Sor\u011fuya cavab olaraq bildirilib ki, b\u0259zi informasiya saytlar\u0131nda \u018fdliyy\u0259 Nazirliyi Penitensiar xidm\u0259tinin G\u0259nc\u0259 \u015f\u0259h\u0259rind\u0259 yerl\u0259\u015f\u0259n 2 sayl\u0131 \u0130stintaq t\u0259cridxanas\u0131nda guya h\u0259bs edilmi\u015f ayr\u0131-ayr\u0131 \u015f\u0259xsl\u0259rin imtiyazl\u0131 \u015f\u0259raitd\u0259 saxlan\u0131lmas\u0131na dair d\u0259rc edil\u0259n m\u0259lumatlar \u0259sas\u0131nda ara\u015fd\u0131rma apar\u0131l\u0131b:<\/p>\n<p>\u201cH\u0259min m\u0259lumat\u0131n yoxlan\u0131lmas\u0131 \u00fc\u00e7\u00fcn d\u0259rhal t\u0259cridxanaya ba\u015f \u00e7\u0259kilib. H\u0259bsd\u0259 olan \u015f\u0259xsl\u0259rin saxlanma \u015f\u0259raiti il\u0259 tan\u0131\u015f olunub\u00a0v\u0259 yerind\u0259 ara\u015fd\u0131rma apar\u0131l\u0131b. N\u0259tic\u0259d\u0259 m\u0259lumat\u0131n yanl\u0131\u015f olmaqla h\u0259qiq\u0259ti \u0259ks etdirm\u0259diyi v\u0259 ictimaiyy\u0259td\u0259 yaln\u0131z \u00e7a\u015fq\u0131nl\u0131q yaratmaq m\u0259qs\u0259di da\u015f\u0131d\u0131\u011f\u0131 m\u00fc\u0259yy\u0259n edilib\u201d.<\/p>\n","protected":false},"excerpt":{"rendered":"<p>Sosial \u015f\u0259b\u0259k\u0259l\u0259rd\u0259 v\u0259 b\u0259zi k\u00fctl\u0259vi informasiya vasit\u0259l\u0259rind\u0259\u00a0G\u0259nc\u0259 \u015f\u0259h\u0259rind\u0259 yerl\u0259\u015f\u0259n 2 sayl\u0131 \u0130stintaq t\u0259cridxanas\u0131nda saxlan\u0131lan \u015f\u0259xsl\u0259r\u0259\u00a0x\u00fcsusi rahat \u015f\u0259rait yarad\u0131ld\u0131\u011f\u0131na dair m\u0259lumatlar payla\u015f\u0131l\u0131r. ARANTV.AZ \u00a0x\u0259b\u0259r verir ki, x\u00fcsusi imtiyaz yarad\u0131lanlar aras\u0131nda h\u0259bs edil\u0259n icra ba\u015f\u00e7\u0131lar\u0131n\u0131n da oldu\u011fu iddia edilir. M\u0259s\u0259l\u0259 il\u0259 ba\u011fl\u0131 \u018fdliyy\u0259 Nazirliyinin Penitensiar Xidm\u0259tin\u0259 sor\u011fu \u00fcnvanlad\u0131q. Sor\u011fuya cavab olaraq bildirilib ki, b\u0259zi informasiya saytlar\u0131nda \u018fdliyy\u0259 Nazirliyi Penitensiar xidm\u0259tinin G\u0259nc\u0259 \u015f\u0259h\u0259rind\u0259 yerl\u0259\u015f\u0259n 2 sayl\u0131 \u0130stintaq t\u0259cridxanas\u0131nda guya h\u0259bs edilmi\u015f ayr\u0131-ayr\u0131 \u015f\u0259xsl\u0259rin imtiyazl\u0131 \u015f\u0259raitd\u0259 saxlan\u0131lmas\u0131na dair d\u0259rc edil\u0259n m\u0259lumatlar \u0259sas\u0131nda ara\u015fd\u0131rma apar\u0131l\u0131b: \u201cH\u0259min m\u0259lumat\u0131n yoxlan\u0131lmas\u0131 \u00fc\u00e7\u00fcn d\u0259rhal t\u0259cridxanaya ba\u015f \u00e7\u0259kilib. H\u0259bsd\u0259 olan&hellip;<\/p>\n","protected":false},"author":2,"featured_media":334175,"comment_status":"closed","ping_status":"closed","sticky":false,"template":"","format":"standard","meta":{"om_disable_all_campaigns":false,"_monsterinsights_skip_tracking":false,"_monsterinsights_sitenote_active":false,"_monsterinsights_sitenote_note":"","_monsterinsights_sitenote_category":0},"categories":[26],"tags":[],"aioseo_notices":[],"gutentor_comment":0,"rttpg_featured_image_url":{"full":["https:\/\/arantv.az\/wp-content\/uploads\/2021\/05\/411483291.jpg",620,335,false],"landscape":["https:\/\/arantv.az\/wp-content\/uploads\/2021\/05\/411483291.jpg",620,335,false],"portraits":["https:\/\/arantv.az\/wp-content\/uploads\/2021\/05\/411483291.jpg",620,335,false],"thumbnail":["https:\/\/arantv.az\/wp-content\/uploads\/2021\/05\/411483291-500x280.jpg",500,280,true],"medium":["https:\/\/arantv.az\/wp-content\/uploads\/2021\/05\/411483291.jpg",620,335,false],"large":["https:\/\/arantv.az\/wp-content\/uploads\/2021\/05\/411483291.jpg",620,335,false],"1536x1536":["https:\/\/arantv.az\/wp-content\/uploads\/2021\/05\/411483291.jpg",620,335,false],"2048x2048":["https:\/\/arantv.az\/wp-content\/uploads\/2021\/05\/411483291.jpg",620,335,false],"post-thumbnail":["https:\/\/arantv.az\/wp-content\/uploads\/2021\/05\/411483291-240x172.jpg",240,172,true],"advps-thumb-one":["https:\/\/arantv.az\/wp-content\/uploads\/2021\/05\/411483291.jpg",620,335,false]},"rttpg_author":{"display_name":"V\u00fcsal Rafiqo\u011flu","author_link":"https:\/\/arantv.az\/?author=2"},"rttpg_comment":0,"rttpg_category":"<a href=\"https:\/\/arantv.az\/?cat=26\" rel=\"category\">Sosial<\/a>","rttpg_excerpt":"Sosial \u015f\u0259b\u0259k\u0259l\u0259rd\u0259 v\u0259 b\u0259zi k\u00fctl\u0259vi informasiya vasit\u0259l\u0259rind\u0259\u00a0G\u0259nc\u0259 \u015f\u0259h\u0259rind\u0259 yerl\u0259\u015f\u0259n 2 sayl\u0131 \u0130stintaq t\u0259cridxanas\u0131nda saxlan\u0131lan \u015f\u0259xsl\u0259r\u0259\u00a0x\u00fcsusi rahat \u015f\u0259rait yarad\u0131ld\u0131\u011f\u0131na dair m\u0259lumatlar payla\u015f\u0131l\u0131r. ARANTV.AZ \u00a0x\u0259b\u0259r verir ki, x\u00fcsusi imtiyaz yarad\u0131lanlar aras\u0131nda h\u0259bs edil\u0259n icra ba\u015f\u00e7\u0131lar\u0131n\u0131n da oldu\u011fu iddia edilir. M\u0259s\u0259l\u0259 il\u0259 ba\u011fl\u0131 \u018fdliyy\u0259 Nazirliyinin Penitensiar Xidm\u0259tin\u0259 sor\u011fu \u00fcnvanlad\u0131q. Sor\u011fuya cavab olaraq bildirilib ki, b\u0259zi informasiya saytlar\u0131nda \u018fdliyy\u0259&hellip;","_links":{"self":[{"href":"https:\/\/arantv.az\/index.php?rest_route=\/wp\/v2\/posts\/334174"}],"collection":[{"href":"https:\/\/arantv.az\/index.php?rest_route=\/wp\/v2\/posts"}],"about":[{"href":"https:\/\/arantv.az\/index.php?rest_route=\/wp\/v2\/types\/post"}],"author":[{"embeddable":true,"href":"https:\/\/arantv.az\/index.php?rest_route=\/wp\/v2\/users\/2"}],"replies":[{"embeddable":true,"href":"https:\/\/arantv.az\/index.php?rest_route=%2Fwp%2Fv2%2Fcomments&post=334174"}],"version-history":[{"count":0,"href":"https:\/\/arantv.az\/index.php?rest_route=\/wp\/v2\/posts\/334174\/revisions"}],"wp:featuredmedia":[{"embeddable":true,"href":"https:\/\/arantv.az\/index.php?rest_route=\/wp\/v2\/media\/334175"}],"wp:attachment":[{"href":"https:\/\/arantv.az\/index.php?rest_route=%2Fwp%2Fv2%2Fmedia&parent=334174"}],"wp:term":[{"taxonomy":"category","embeddable":true,"href":"https:\/\/arantv.az\/index.php?rest_route=%2Fwp%2Fv2%2Fcategories&post=334174"},{"taxonomy":"post_tag","embeddable":true,"href":"https:\/\/arantv.az\/index.php?rest_route=%2Fwp%2Fv2%2Ftags&post=334174"}],"curies":[{"name":"wp","href":"https:\/\/api.w.org\/{rel}","templated":true}]}}