{"id":334177,"date":"2021-05-05T10:12:03","date_gmt":"2021-05-05T07:12:03","guid":{"rendered":"https:\/\/arantv.az\/?p=334177"},"modified":"2021-05-05T10:12:03","modified_gmt":"2021-05-05T07:12:03","slug":"bir-ay-onc%c9%99-evl%c9%99n%c9%99n-g%c9%99nc-gold%c9%99-batdi-video","status":"publish","type":"post","link":"https:\/\/arantv.az\/?p=334177","title":{"rendered":"Bir ay \u00f6nc\u0259 evl\u0259n\u0259n g\u0259nc g\u00f6ld\u0259 batd\u0131 &#8211; V\u0130DEO"},"content":{"rendered":"<p>\u0130smay\u0131ll\u0131 rayonunun Top\u00e7u k\u0259nd sakini, 28 ya\u015fl\u0131 H\u0259zi Z\u0259rb\u0259liyev dostlar\u0131 il\u0259 g\u00f6ld\u0259 \u00e7im\u0259rk\u0259n ehtiyats\u0131zl\u0131qdan suda bat\u0131b.<\/p>\n<p>Baku TV x\u0259b\u0259r verir ki, onun axtar\u0131\u015flar\u0131na F\u00f6vq\u0259lad\u0259 Hallar Nazirliyinin (FHN)\u00a0dal\u011f\u0131c-axtar\u0131\u015f qrupunun \u0259m\u0259kda\u015flar\u0131 c\u0259lb edilib.<\/p>\n<article class=\"news\">\n<div class=\"news-inner\">\n<p>H.Z\u0259rb\u0259liyevin meyiti ax\u015fam saatlar\u0131nda sudan \u00e7\u0131xararaq ail\u0259sin\u0259 t\u0259hvil verib.<\/p>\n<p>Faktla ba\u011fl\u0131 \u0130smay\u0131ll\u0131 Rayon Prokurorlu\u011funda ara\u015fd\u0131rma apar\u0131l\u0131r.<\/p>\n<p>Qeyd ed\u0259k ki, H.Z\u0259rb\u0259liyev bir ay \u00f6nc\u0259 ail\u0259 h\u0259yat\u0131 qurubmu\u015f.<\/p>\n<div><iframe loading=\"lazy\" title=\"YouTube video player\" src=\"https:\/\/www.youtube.com\/embed\/UZfSmk8ObjE\" width=\"560\" height=\"315\" frameborder=\"0\" allowfullscreen=\"allowfullscreen\" data-mce-fragment=\"1\"><\/iframe><\/div>\n<\/div>\n<\/article>\n<h2 class=\"news-share-title\"><\/h2>\n","protected":false},"excerpt":{"rendered":"<p>\u0130smay\u0131ll\u0131 rayonunun Top\u00e7u k\u0259nd sakini, 28 ya\u015fl\u0131 H\u0259zi Z\u0259rb\u0259liyev dostlar\u0131 il\u0259 g\u00f6ld\u0259 \u00e7im\u0259rk\u0259n ehtiyats\u0131zl\u0131qdan suda bat\u0131b. Baku TV x\u0259b\u0259r verir ki, onun axtar\u0131\u015flar\u0131na F\u00f6vq\u0259lad\u0259 Hallar Nazirliyinin (FHN)\u00a0dal\u011f\u0131c-axtar\u0131\u015f qrupunun \u0259m\u0259kda\u015flar\u0131 c\u0259lb edilib. H.Z\u0259rb\u0259liyevin meyiti ax\u015fam saatlar\u0131nda sudan \u00e7\u0131xararaq ail\u0259sin\u0259 t\u0259hvil verib. Faktla ba\u011fl\u0131 \u0130smay\u0131ll\u0131 Rayon Prokurorlu\u011funda ara\u015fd\u0131rma apar\u0131l\u0131r. Qeyd ed\u0259k ki, H.Z\u0259rb\u0259liyev bir ay \u00f6nc\u0259 ail\u0259 h\u0259yat\u0131 qurubmu\u015f.<\/p>\n","protected":false},"author":2,"featured_media":334178,"comment_status":"closed","ping_status":"closed","sticky":false,"template":"","format":"standard","meta":{"om_disable_all_campaigns":false,"_monsterinsights_skip_tracking":false,"_monsterinsights_sitenote_active":false,"_monsterinsights_sitenote_note":"","_monsterinsights_sitenote_category":0},"categories":[5],"tags":[],"aioseo_notices":[],"gutentor_comment":0,"rttpg_featured_image_url":{"full":["https:\/\/arantv.az\/wp-content\/uploads\/2021\/05\/GOL.jpg",620,349,false],"landscape":["https:\/\/arantv.az\/wp-content\/uploads\/2021\/05\/GOL.jpg",620,349,false],"portraits":["https:\/\/arantv.az\/wp-content\/uploads\/2021\/05\/GOL.jpg",620,349,false],"thumbnail":["https:\/\/arantv.az\/wp-content\/uploads\/2021\/05\/GOL-500x280.jpg",500,280,true],"medium":["https:\/\/arantv.az\/wp-content\/uploads\/2021\/05\/GOL.jpg",620,349,false],"large":["https:\/\/arantv.az\/wp-content\/uploads\/2021\/05\/GOL.jpg",620,349,false],"1536x1536":["https:\/\/arantv.az\/wp-content\/uploads\/2021\/05\/GOL.jpg",620,349,false],"2048x2048":["https:\/\/arantv.az\/wp-content\/uploads\/2021\/05\/GOL.jpg",620,349,false],"post-thumbnail":["https:\/\/arantv.az\/wp-content\/uploads\/2021\/05\/GOL-240x172.jpg",240,172,true],"advps-thumb-one":["https:\/\/arantv.az\/wp-content\/uploads\/2021\/05\/GOL.jpg",620,349,false]},"rttpg_author":{"display_name":"V\u00fcsal Rafiqo\u011flu","author_link":"https:\/\/arantv.az\/?author=2"},"rttpg_comment":0,"rttpg_category":"<a href=\"https:\/\/arantv.az\/?cat=5\" rel=\"category\">Hadis\u0259<\/a>","rttpg_excerpt":"\u0130smay\u0131ll\u0131 rayonunun Top\u00e7u k\u0259nd sakini, 28 ya\u015fl\u0131 H\u0259zi Z\u0259rb\u0259liyev dostlar\u0131 il\u0259 g\u00f6ld\u0259 \u00e7im\u0259rk\u0259n ehtiyats\u0131zl\u0131qdan suda bat\u0131b. Baku TV x\u0259b\u0259r verir ki, onun axtar\u0131\u015flar\u0131na F\u00f6vq\u0259lad\u0259 Hallar Nazirliyinin (FHN)\u00a0dal\u011f\u0131c-axtar\u0131\u015f qrupunun \u0259m\u0259kda\u015flar\u0131 c\u0259lb edilib. H.Z\u0259rb\u0259liyevin meyiti ax\u015fam saatlar\u0131nda sudan \u00e7\u0131xararaq ail\u0259sin\u0259 t\u0259hvil verib. Faktla ba\u011fl\u0131 \u0130smay\u0131ll\u0131 Rayon Prokurorlu\u011funda ara\u015fd\u0131rma apar\u0131l\u0131r. Qeyd ed\u0259k ki, H.Z\u0259rb\u0259liyev bir ay \u00f6nc\u0259 ail\u0259&hellip;","_links":{"self":[{"href":"https:\/\/arantv.az\/index.php?rest_route=\/wp\/v2\/posts\/334177"}],"collection":[{"href":"https:\/\/arantv.az\/index.php?rest_route=\/wp\/v2\/posts"}],"about":[{"href":"https:\/\/arantv.az\/index.php?rest_route=\/wp\/v2\/types\/post"}],"author":[{"embeddable":true,"href":"https:\/\/arantv.az\/index.php?rest_route=\/wp\/v2\/users\/2"}],"replies":[{"embeddable":true,"href":"https:\/\/arantv.az\/index.php?rest_route=%2Fwp%2Fv2%2Fcomments&post=334177"}],"version-history":[{"count":0,"href":"https:\/\/arantv.az\/index.php?rest_route=\/wp\/v2\/posts\/334177\/revisions"}],"wp:featuredmedia":[{"embeddable":true,"href":"https:\/\/arantv.az\/index.php?rest_route=\/wp\/v2\/media\/334178"}],"wp:attachment":[{"href":"https:\/\/arantv.az\/index.php?rest_route=%2Fwp%2Fv2%2Fmedia&parent=334177"}],"wp:term":[{"taxonomy":"category","embeddable":true,"href":"https:\/\/arantv.az\/index.php?rest_route=%2Fwp%2Fv2%2Fcategories&post=334177"},{"taxonomy":"post_tag","embeddable":true,"href":"https:\/\/arantv.az\/index.php?rest_route=%2Fwp%2Fv2%2Ftags&post=334177"}],"curies":[{"name":"wp","href":"https:\/\/api.w.org\/{rel}","templated":true}]}}