{"id":33418,"date":"2019-01-18T16:23:45","date_gmt":"2019-01-18T13:23:45","guid":{"rendered":"http:\/\/arantv.az\/?p=33418"},"modified":"2019-01-18T16:23:45","modified_gmt":"2019-01-18T13:23:45","slug":"d%c9%99l%c9%99duzluqda-ittiham-olunan-vitse-prezident-federasiyadan-qovulub","status":"publish","type":"post","link":"https:\/\/arantv.az\/?p=33418","title":{"rendered":"D\u0259l\u0259duzluqda ittiham olunan vitse-prezident federasiyadan qovulub"},"content":{"rendered":"<p>Az\u0259rbaycan Kikboksinq Federasiyas\u0131n\u0131n pe\u015f\u0259karlar \u00fczr\u0259 vitse-prezidenti\u00a0<strong>Ayd\u0131n \u018fhm\u0259dov<\/strong>\u00a010 milyon manat d\u0259y\u0259rind\u0259 d\u0259l\u0259duzluqda ittiham edilir.<\/p>\n<p><b>ARANTV.AZ\u00a0\u00a0<\/b>x\u0259b\u0259r verir ki, o bir ne\u00e7\u0259 g\u00fcnd\u00fcr Ba\u015f M\u00fct\u0259\u015f\u0259kkil Cinay\u0259tkarl\u0131qla M\u00fcbariz\u0259 \u0130dar\u0259sind\u0259 n\u0259zar\u0259t\u0259 g\u00f6t\u00fcr\u00fcl\u00fcb.<\/p>\n<p>\u018fld\u0259 olunan m\u0259lumata \u0259sas\u0259n, A.\u018fhm\u0259dov s\u00f6z\u00fcged\u0259n m\u0259bl\u0259\u011fi bir ne\u00e7\u0259 insandan al\u0131b v\u0259 qaytarmay\u0131b. Buna g\u00f6r\u0259 d\u0259 ona pul ver\u0259n \u015f\u0259xsl\u0259r haqq\u0131nda \u015fikay\u0259t edibl\u0259r. Bu s\u0259b\u0259bd\u0259n ara\u015fd\u0131rmalar apar\u0131l\u0131b v\u0259 n\u0259tic\u0259d\u0259 A.\u018fhm\u0259dov g\u00f6zalt\u0131na al\u0131n\u0131b. Faktla ba\u011fl\u0131 ara\u015fd\u0131rmalar davam edir.<\/p>\n<div id=\"AdributorNativeVideo0\" class=\"AdributorNativeVideo\"><\/div>\n<p>M\u0259s\u0259l\u0259 il\u0259 ba\u011fl\u0131 olaraq Kikboksinq Federasiyas\u0131n\u0131n vitse-prezidenti\u00a0<strong>G\u00fclo\u011flan Cabbarov<\/strong>la \u0259laq\u0259 saxlad\u0131q. O bildirib\u00a0ki, Ayd\u0131n \u018fhm\u0259dovu art\u0131q federasiya il\u0259 h\u0259r hans\u0131sa ba\u011f ba\u011flam\u0131r:<\/p>\n<p>\u201cBildiyiniz kimi, o, apreld\u0259 bizim federasiyada vitse-prezident t\u0259yin olunmu\u015fdu. Lakin biz bir ne\u00e7\u0259 pe\u015f\u0259kar d\u00f6y\u00fc\u015f ke\u00e7irdik. Ancaq o, h\u0259min d\u00f6y\u00fc\u015fl\u0259r\u0259 g\u0259lm\u0259di. Onun yerin\u0259 b\u00fct\u00fcn i\u015fl\u0259ri m\u0259n g\u00f6rm\u0259li oldum. H\u0259l\u0259 onda hiss edirdim ki, onun probleml\u0259ri var.<\/p>\n<p>M\u0259n d\u0259 federasiyam\u0131z\u0131n prezidenti Adil \u018fliyev\u0259 bunlar\u0131 bildirdim. Hardasa iki ay olar ki, m\u0259n v\u0259 dig\u0259r vitse-prezidentimiz Nadir \u018fzizov istisna olmaqla, b\u00fct\u00fcn \u0130dar\u0259 Hey\u0259ti istefaya g\u00f6nd\u0259rilib. Fevral\u0131n \u0259vv\u0259ll\u0259rind\u0259 yeni \u0130dar\u0259 Hey\u0259tinin se\u00e7kisi ke\u00e7iril\u0259c\u0259k<\/p>\n<p>Onun r\u0259hb\u0259ri oldu\u011fu \u201cEuro Fight\u201d klubunun f\u0259aliyy\u0259tin\u0259 d\u0259 son qoyulub. H\u0259min klubda ba\u015f m\u0259\u015fq\u00e7i olan Eduard M\u0259mm\u0259dova demi\u015fdim ki, h\u0259min u\u015faqlar\u0131 y\u0131\u011f\u0131b ba\u015fqa adla klub yarats\u0131n\u201d.<\/p>\n<p>Tan\u0131nm\u0131\u015f kikboks\u00e7umuz\u00a0<strong>Eduard M\u0259mm\u0259dov<\/strong>\u00a0is\u0259 sayt\u0131m\u0131za bu klubun \u0259v\u0259zin\u0259 \u00fc\u00e7 il \u0259vv\u0259l yaratd\u0131\u011f\u0131, daha sonra bir m\u00fcdd\u0259t f\u0259aliyy\u0259tin\u0259 ara verdiyi \u00f6z\u00fcn\u00fcn \u201cA\u011f Canavar\u201d adl\u0131 komandas\u0131nda f\u0259aliyy\u0259t g\u00f6st\u0259rdiyini bildirib.<\/p>\n<p>Sonda onu da bildir\u0259k ki, Ayd\u0131n \u018fhm\u0259dov \u201cPremium Travel\u201d turizm \u015firk\u0259tinin d\u0259 r\u0259hb\u0259ri say\u0131l\u0131rd\u0131. Ayd\u0131n \u018fhm\u0259dovun tutulmas\u0131 x\u0259b\u0259rini is\u0259 ilk olaraq news24.az sayt\u0131 yaym\u0131\u015fd\u0131.oxu.az<\/p>\n","protected":false},"excerpt":{"rendered":"<p>Az\u0259rbaycan Kikboksinq Federasiyas\u0131n\u0131n pe\u015f\u0259karlar \u00fczr\u0259 vitse-prezidenti\u00a0Ayd\u0131n \u018fhm\u0259dov\u00a010 milyon manat d\u0259y\u0259rind\u0259 d\u0259l\u0259duzluqda ittiham edilir. ARANTV.AZ\u00a0\u00a0x\u0259b\u0259r verir ki, o bir ne\u00e7\u0259 g\u00fcnd\u00fcr Ba\u015f M\u00fct\u0259\u015f\u0259kkil Cinay\u0259tkarl\u0131qla M\u00fcbariz\u0259 \u0130dar\u0259sind\u0259 n\u0259zar\u0259t\u0259 g\u00f6t\u00fcr\u00fcl\u00fcb. \u018fld\u0259 olunan m\u0259lumata \u0259sas\u0259n, A.\u018fhm\u0259dov s\u00f6z\u00fcged\u0259n m\u0259bl\u0259\u011fi bir ne\u00e7\u0259 insandan al\u0131b v\u0259 qaytarmay\u0131b. Buna g\u00f6r\u0259 d\u0259 ona pul ver\u0259n \u015f\u0259xsl\u0259r haqq\u0131nda \u015fikay\u0259t edibl\u0259r. Bu s\u0259b\u0259bd\u0259n ara\u015fd\u0131rmalar apar\u0131l\u0131b v\u0259 n\u0259tic\u0259d\u0259 A.\u018fhm\u0259dov g\u00f6zalt\u0131na al\u0131n\u0131b. Faktla ba\u011fl\u0131 ara\u015fd\u0131rmalar davam edir. M\u0259s\u0259l\u0259 il\u0259 ba\u011fl\u0131 olaraq Kikboksinq Federasiyas\u0131n\u0131n vitse-prezidenti\u00a0G\u00fclo\u011flan Cabbarovla \u0259laq\u0259 saxlad\u0131q. O bildirib\u00a0ki, Ayd\u0131n \u018fhm\u0259dovu art\u0131q federasiya il\u0259 h\u0259r hans\u0131sa ba\u011f ba\u011flam\u0131r: \u201cBildiyiniz kimi, o, apreld\u0259 bizim&hellip;<\/p>\n","protected":false},"author":2,"featured_media":33419,"comment_status":"closed","ping_status":"closed","sticky":false,"template":"","format":"standard","meta":{"om_disable_all_campaigns":false,"_monsterinsights_skip_tracking":false,"_monsterinsights_sitenote_active":false,"_monsterinsights_sitenote_note":"","_monsterinsights_sitenote_category":0},"categories":[6],"tags":[],"aioseo_notices":[],"gutentor_comment":0,"rttpg_featured_image_url":{"full":["https:\/\/arantv.az\/wp-content\/uploads\/2019\/01\/photo-2.jpg",620,413,false],"landscape":["https:\/\/arantv.az\/wp-content\/uploads\/2019\/01\/photo-2.jpg",620,413,false],"portraits":["https:\/\/arantv.az\/wp-content\/uploads\/2019\/01\/photo-2.jpg",620,413,false],"thumbnail":["https:\/\/arantv.az\/wp-content\/uploads\/2019\/01\/photo-2-150x150.jpg",150,150,true],"medium":["https:\/\/arantv.az\/wp-content\/uploads\/2019\/01\/photo-2-300x200.jpg",300,200,true],"large":["https:\/\/arantv.az\/wp-content\/uploads\/2019\/01\/photo-2.jpg",620,413,false],"1536x1536":["https:\/\/arantv.az\/wp-content\/uploads\/2019\/01\/photo-2.jpg",620,413,false],"2048x2048":["https:\/\/arantv.az\/wp-content\/uploads\/2019\/01\/photo-2.jpg",620,413,false],"post-thumbnail":["https:\/\/arantv.az\/wp-content\/uploads\/2019\/01\/photo-2-240x172.jpg",240,172,true],"advps-thumb-one":["https:\/\/arantv.az\/wp-content\/uploads\/2019\/01\/photo-2.jpg",620,413,false]},"rttpg_author":{"display_name":"V\u00fcsal Rafiqo\u011flu","author_link":"https:\/\/arantv.az\/?author=2"},"rttpg_comment":0,"rttpg_category":"<a href=\"https:\/\/arantv.az\/?cat=6\" rel=\"category\">\u0130dman<\/a>","rttpg_excerpt":"Az\u0259rbaycan Kikboksinq Federasiyas\u0131n\u0131n pe\u015f\u0259karlar \u00fczr\u0259 vitse-prezidenti\u00a0Ayd\u0131n \u018fhm\u0259dov\u00a010 milyon manat d\u0259y\u0259rind\u0259 d\u0259l\u0259duzluqda ittiham edilir. ARANTV.AZ\u00a0\u00a0x\u0259b\u0259r verir ki, o bir ne\u00e7\u0259 g\u00fcnd\u00fcr Ba\u015f M\u00fct\u0259\u015f\u0259kkil Cinay\u0259tkarl\u0131qla M\u00fcbariz\u0259 \u0130dar\u0259sind\u0259 n\u0259zar\u0259t\u0259 g\u00f6t\u00fcr\u00fcl\u00fcb. \u018fld\u0259 olunan m\u0259lumata \u0259sas\u0259n, A.\u018fhm\u0259dov s\u00f6z\u00fcged\u0259n m\u0259bl\u0259\u011fi bir ne\u00e7\u0259 insandan al\u0131b v\u0259 qaytarmay\u0131b. Buna g\u00f6r\u0259 d\u0259 ona pul ver\u0259n \u015f\u0259xsl\u0259r haqq\u0131nda \u015fikay\u0259t edibl\u0259r. Bu s\u0259b\u0259bd\u0259n ara\u015fd\u0131rmalar apar\u0131l\u0131b v\u0259&hellip;","_links":{"self":[{"href":"https:\/\/arantv.az\/index.php?rest_route=\/wp\/v2\/posts\/33418"}],"collection":[{"href":"https:\/\/arantv.az\/index.php?rest_route=\/wp\/v2\/posts"}],"about":[{"href":"https:\/\/arantv.az\/index.php?rest_route=\/wp\/v2\/types\/post"}],"author":[{"embeddable":true,"href":"https:\/\/arantv.az\/index.php?rest_route=\/wp\/v2\/users\/2"}],"replies":[{"embeddable":true,"href":"https:\/\/arantv.az\/index.php?rest_route=%2Fwp%2Fv2%2Fcomments&post=33418"}],"version-history":[{"count":0,"href":"https:\/\/arantv.az\/index.php?rest_route=\/wp\/v2\/posts\/33418\/revisions"}],"wp:featuredmedia":[{"embeddable":true,"href":"https:\/\/arantv.az\/index.php?rest_route=\/wp\/v2\/media\/33419"}],"wp:attachment":[{"href":"https:\/\/arantv.az\/index.php?rest_route=%2Fwp%2Fv2%2Fmedia&parent=33418"}],"wp:term":[{"taxonomy":"category","embeddable":true,"href":"https:\/\/arantv.az\/index.php?rest_route=%2Fwp%2Fv2%2Fcategories&post=33418"},{"taxonomy":"post_tag","embeddable":true,"href":"https:\/\/arantv.az\/index.php?rest_route=%2Fwp%2Fv2%2Ftags&post=33418"}],"curies":[{"name":"wp","href":"https:\/\/api.w.org\/{rel}","templated":true}]}}