{"id":334195,"date":"2021-05-05T10:17:34","date_gmt":"2021-05-05T07:17:34","guid":{"rendered":"https:\/\/arantv.az\/?p=334195"},"modified":"2021-05-05T10:17:34","modified_gmt":"2021-05-05T07:17:34","slug":"v%c9%99t%c9%99ndaslarimiz-qarabaga-n%c9%99-zaman-kocurul%c9%99c%c9%99kl%c9%99r-aciqlama","status":"publish","type":"post","link":"https:\/\/arantv.az\/?p=334195","title":{"rendered":"V\u0259t\u0259nda\u015flar\u0131m\u0131z Qaraba\u011fa n\u0259 zaman k\u00f6\u00e7\u00fcr\u00fcl\u0259c\u0259kl\u0259r? \u2013 A\u00c7IQLAMA"},"content":{"rendered":"<p>44 g\u00fcnl\u00fck V\u0259t\u0259n m\u00fcharib\u0259sind\u0259n sonra yay\u0131lan g\u00f6r\u00fcnt\u00fcl\u0259rd\u0259n t\u0259kc\u0259 biz\u0259 deyil b\u00fct\u00fcn d\u00fcnyaya m\u0259lum oldu ki, erm\u0259nil\u0259r torpaqlar\u0131m\u0131z\u0131 i\u015f\u011falda saxlad\u0131\u011f\u0131 30 il\u0259 yax\u0131n m\u00fcdd\u0259td\u0259 h\u0259min \u0259rzil\u0259rd\u0259 a\u011flas\u0131\u011fmaz v\u0259h\u015filikl\u0259r t\u00f6r\u0259dibl\u0259r. Ekoloji terrordan tutmu\u015f milli m\u0259d\u0259ni abid\u0259l\u0259rimizin da\u011f\u0131d\u0131lmas\u0131na kimi.<\/p>\n<p>Zaman-zaman &#8220;Qaraba\u011f bizimdir&#8221; fikrin\u0259 \u00f6zl\u0259rini inand\u0131ran erm\u0259nil\u0259r bu fikirl\u0259 d\u00fcnyaya da car \u00e7\u0259kirdil\u0259r. B\u0259s yax\u015f\u0131 erm\u0259ni d\u00fc\u015f\u00fcnc\u0259si il\u0259 Qaraba\u011f onlar\u0131n idis\u0259 niy\u0259 o torpaqlarda vandalizm akt\u0131 t\u00f6r\u0259dirdil\u0259r? Dem\u0259li uydurduqlar\u0131 yalana bel\u0259 \u00f6zl\u0259ri d\u0259 inanmam\u0131\u015fd\u0131lar \u0259slind\u0259.<\/p>\n<div id=\"AdviadNativeVideo0\" class=\"AdviadNativeVideo\"><\/div>\n<p><strong>ARANTV.AZ<\/strong> \u00a0<a title=\"xeberler son xeberler 2021\" href=\"https:\/\/big.az\/\" target=\"_blank\" rel=\"noopener\">x\u0259b\u0259r<\/a>\u00a0verir ki, m\u0259s\u0259l\u0259y\u0259 m\u00fcnasib\u0259t bildir\u0259n siyasi \u015f\u0259rh\u00e7i X\u0259yal B\u0259\u015firov 7times.az sayt\u0131na a\u00e7\u0131qlamas\u0131nda bildirdi ki, Az\u0259rbaycan r\u0259hb\u0259rliyinin y\u00fcr\u00fctd\u00fcy\u00fc d\u00fczg\u00fcn siyas\u0259t v\u0259 ordumuzun \u015f\u00fcca\u0259ti il\u0259 torpaqlar\u0131m\u0131z\u0131n 44 g\u00fcnl\u00fck V\u0259t\u0259n m\u00fcharib\u0259sind\u0259 i\u015f\u011faldan azad edilm\u0259si bir daha g\u00f6st\u0259rdi ki, Erm\u0259nistan\u0131n b\u00f6y\u00fck xalq yox, \u0259slind\u0259 m\u0259d\u0259niyy\u0259td\u0259n v\u0259 sivilizasiyadan k\u0259nar bir t\u0259x\u0259yy\u00fcl\u0259 malik xalqd\u0131r.<\/p>\n<p>&#8220;Qaraba\u011f i\u015f\u011faldan azad edildikd\u0259n sonra qalib \u00f6lk\u0259nin r\u0259hb\u0259ri, M\u00fcz\u0259ff\u0259r ordumuzun Ali Ba\u015f Komandan\u0131 \u0130lham \u018fliyevin o torpaqlara s\u0259f\u0259r etm\u0259si v\u0259 \u0259n x\u0131rda detallar\u0131 bel\u0259 Az\u0259rbaycan c\u0259miyy\u0259tin\u0259 v\u0259 d\u00fcnya ictimaiyy\u0259tin\u0259 \u00e7atd\u0131r\u0131lmas\u0131nda \u0259sas m\u0259qs\u0259d o idi ki, erm\u0259ni vandallar\u0131 30 il\u0259 yax\u0131n m\u00fcdd\u0259td\u0259 t\u0259kc\u0259 t\u0259cav\u00fczkarl\u0131q v\u0259 soyq\u0131r\u0131m\u0131 cinay\u0259ti t\u00f6r\u0259tm\u0259yibl\u0259r, eyni zamanda Az\u0259rnaycan torpaqlar\u0131na qar\u015f\u0131 daha b\u00f6y\u00fck cinay\u0259tl\u0259r t\u00f6r\u0259dibl\u0259r&#8221;<\/p>\n<p>Bu m\u0259s\u0259l\u0259nin beyn\u0259lxalq h\u00fcquq m\u00fcst\u0259visind\u0259 m\u00fcvafiq add\u0131mlar at\u0131lmaqla h\u0259llin\u0259 nail olaca\u011f\u0131m\u0131z\u0131 dey\u0259n X\u0259yal B\u0259\u015firov qeyd etdi ki, haz\u0131rda h\u0259min \u0259razil\u0259rd\u0259 \u00e7ox b\u00f6y\u00fck b\u00f6y\u00fck b\u0259rpa i\u015fl\u0259ri apar\u0131l\u0131r.<\/p>\n<p>&#8220;Bununla ba\u011fl\u0131 Az\u0259rbaycan d\u00f6vl\u0259tinin r\u0259smi m\u00f6vqeyi d\u0259 b\u0259llidir.\u00d6lk\u0259 ba\u015f\u00e7\u0131s\u0131 da d\u0259f\u0259l\u0259rd\u0259 \u00e7\u0131x\u0131\u015flar\u0131nda qeyd edir ki, h\u0259min o torpaqlar\u0131n b\u0259rpa olunmas\u0131na, o \u0259razil\u0259rd\u0259 ya\u015fayan insanlar\u0131n uzun ill\u0259rd\u0259n sonra h\u0259sr\u0259tind\u0259 oldu\u011fu ata-baba yurdlar\u0131na k\u00f6\u00e7\u00fcr\u00fclm\u0259si \u00fc\u00e7\u00fcn \u0259limizd\u0259n g\u0259l\u0259ni ed\u0259c\u0259yik.T\u0259bii ki, m\u0259lum pandemiya d\u00fcnya iqdisadiyyat\u0131na b\u00f6y\u00fck z\u0259r\u0259r vurdu. Amma buna r\u0259\u011fm\u0259n Az\u0259rbaycan 44 g\u00fcnl\u00fck m\u00fcharib\u0259d\u0259n sonra art\u0131q i\u015f\u011faldan azad olunmu\u015f \u0259razil\u0259rd\u0259 b\u00f6y\u00fck infrastruktur layih\u0259l\u0259rinin icras\u0131na start verib.Haz\u0131rda bir ne\u00e7\u0259 yolun b\u0259rpas\u0131 il\u0259 ba\u011fl\u0131 geni\u015fmiqyasl\u0131 i\u015fl\u0259r g\u00f6r\u00fcl\u00fcr.Prezident \u0130lham \u018fliyevin i\u015ftirak\u0131 il\u0259 \u0130lk Elektrik Stansiyan\u0131n a\u00e7\u0131l\u0131\u015f\u0131 da ba\u015f tutub.<\/p>\n<p>O ki, qald\u0131 i\u015f\u011faldan azad olunmu\u015f \u0259razil\u0259r\u0259 sakinl\u0259rin k\u00f6\u00e7\u00fcr\u00fclm\u0259sin\u0259, m\u00fcsahibim bildirdi ki, d\u00f6vl\u0259tin bu istiqam\u0259td\u0259 siyas\u0259ti d\u0259 f\u0259rqlidir.<\/p>\n<p>&#8220;Bu k\u00f6n\u00fcll\u00fck prinsipi \u0259sas\u0131nda realla\u015facaq . \u00c7\u00fcnki Az\u0259rbaycan qanunvericiliyin\u0259 \u0259sas\u0259n he\u00e7 bir m\u0259cbutiyy\u0259t yoxdur. \u018fslind\u0259 bu \u0259n do\u011fru add\u0131md\u0131r ki, Erm\u0259nistan d\u00fcnyaya car \u00e7\u0259km\u0259sin ki, Az\u0259rbaycan hakimiyy\u0259ti insanlar\u0131 Qaraba\u011fa m\u0259cburi \u015f\u0259kild\u0259 k\u00f6\u00e7\u00fcr\u00fcr.Onu deyim ki, \u0259sas m\u0259qs\u0259d orada ya\u015fayacaq insanlar\u0131n t\u0259hl\u00fck\u0259sizliyinin t\u0259min edilm\u0259sidir . D\u00f6vl\u0259t t\u0259r\u0259find\u0259n infrastrukturun b\u0259rpas\u0131, yeni i\u015f yerl\u0259rinin a\u00e7\u0131lmas\u0131 , insanlar\u0131n h\u0259yat \u015f\u0259raitinin yax\u015f\u0131la\u015fd\u0131r\u0131lmas\u0131 g\u0259tirib \u00e7\u0131xaracaq f\u0259aliyy\u0259t sah\u0259l\u0259rinin inki\u015faf\u0131 istiqam\u0259tind\u0259 at\u0131lacaq add\u0131mlar sakinl\u0259rin k\u00f6n\u00fcll\u00fc \u015f\u0259kild\u0259 h\u0259min \u0259razil\u0259r\u0259 k\u00f6\u00e7\u00fcr\u00fclm\u0259sin\u0259 hesablan\u0131b.H\u0259tta ola bil\u0259r ki, he\u00e7 Qaraba\u011fl\u0131 olmayan bir insan da i\u015fl\u0259m\u0259k m\u0259qs\u0259dil\u0259 ora k\u00f6\u00e7s\u00fcn&#8221;<\/p>\n<p>Siyahi \u015f\u0259rh\u00e7i \u0259lav\u0259 etdi ki, torpaqlar\u0131m\u0131z erm\u0259ni vandallar\u0131ndan t\u0259mizl\u0259ns\u0259 d\u0259, onlar\u0131n qal\u0131qlar\u0131ndan , basd\u0131rd\u0131qlar\u0131 minalardan tam t\u0259mizl\u0259nm\u0259yib.<\/p>\n<p>D\u00f6vl\u0259t t\u0259r\u0259find\u0259n qar\u015f\u0131da duran \u0259sas v\u0259zif\u0259l\u0259rd\u0259n biri d\u0259 m\u0259hz bu \u0259razil\u0259rin minalardan t\u0259mizl\u0259nm\u0259sidir.<\/p>\n<p>&#8220;M\u00fcharib\u0259d\u0259n bir ne\u00e7\u0259 ay sonra ora qanunsuz s\u0259yah\u0259t etm\u0259y\u0259 c\u0259hd ed\u0259n m\u00fclki \u015f\u0259xsl\u0259rd\u0259n v\u0259 h\u0259rb\u00e7il\u0259rimizd\u0259n h\u0259yatlar\u0131n\u0131 itir\u0259nl\u0259r oldu. Erm\u0259nistan \u00f6z\u00fcn\u00fcn nankor, t\u0259cav\u00fczkar, i\u015f\u011fal\u00e7\u0131l\u0131q siyas\u0259tini bu g\u00fcn d\u0259 davam etdirir.Beyn\u0259lxalq h\u00fcququn b\u00fct\u00fcn prinsipl\u0259rin\u0259 uy\u011fun olaraq etm\u0259li oldu\u011fu i\u015fi etmir.Y\u0259ni h\u0259min \u0259razil\u0259rd\u0259 basd\u0131rd\u0131\u011f\u0131 minalar\u0131n x\u0259rit\u0259sini Az\u0259rbaycana t\u0259qdim etmir.Bunla ba\u011fl\u0131 Az\u0259rbaycan d\u00f6vl\u0259ti m\u00fcxt\u0259lif s\u0259viyy\u0259l\u0259rd\u0259 m\u0259s\u0259l\u0259 qald\u0131r\u0131r.Bizim s\u0259simiz\u0259 s\u0259s ver\u0259n d\u00f6vl\u0259tl\u0259r d\u0259 oldu. Bir ne\u00e7\u0259 m\u00fcdd\u0259t \u0259vv\u0259l \u0130taliya parlamentind\u0259 minalanm\u0131\u015f \u0259razil\u0259rl\u0259 ba\u011fl\u0131 q\u0259tnam\u0259 q\u0259bul olundu. Q\u0259tnam\u0259y\u0259 \u0259sas\u0259n Erm\u0259nistan d\u00f6vl\u0259ti minalad\u0131\u011f\u0131 \u0259razil\u0259rl\u0259 ba\u011fl\u0131 x\u0259rit\u0259l\u0259ri Az\u0259rbayacana t\u0259qdim etm\u0259lidir. \u018fks halda Erm\u0259nistana beyn\u0259lxaq s\u0259viyy\u0259d\u0259 t\u0259zyiq g\u00f6st\u0259rilm\u0259lidir. \u00dcmid edirik ki, dig\u0259r d\u00f6vl\u0259tl\u0259r d\u0259 bu \u00e7a\u011f\u0131r\u0131\u015fa qo\u015fulacaq. Bu t\u0259kc\u0259 Az\u0259rbaycan\u0131n problemi deyil, bu b\u0259\u015f\u0259riyy\u0259tin, insanl\u0131\u011f\u0131n, problemidir.B\u00fct\u00fcn d\u00f6vl\u0259tl\u0259r bununla ba\u011fl\u0131 vahid fikir s\u0259rgil\u0259m\u0259lidirl\u0259r. Ancaq t\u0259\u0259ss\u00fcfl\u0259r olsun ki, b\u0259zi d\u00f6vl\u0259tl\u0259r bu m\u0259s\u0259l\u0259d\u0259 s\u0259ssizlik n\u00fcmayi\u015f etdirm\u0259kl\u0259, Erm\u0259nistana laz\u0131mi t\u0259sir g\u00f6st\u0259rm\u0259kd\u0259n yay\u0131n\u0131rlar. Yax\u015f\u0131 olar ki, h\u0259min x\u0259rit\u0259l\u0259r biz\u0259 t\u0259qdim olunsun . Bu g\u0259l\u0259c\u0259kd\u0259 Az\u0259rbayacan-Erm\u0259nistan qon\u015fuluq m\u00fcnasib\u0259tl\u0259r\u0259 d\u0259 t\u0259sir g\u00f6st\u0259r\u0259c\u0259k.<\/p>\n<p>T\u0259xmini hesablamalar \u0259sas\u0259n 1 milyard kvadrat metr\u0259 yax\u0131n \u0259razil\u0259rin minaland\u0131\u011f\u0131n\u0131 dey\u0259n X\u0259yal B\u0259\u015firov bildirdi ki, bu \u0259razil\u0259rin minalardan t\u0259mizl\u0259nm\u0259si prosesin\u0259 kifay\u0259t q\u0259d\u0259r m\u00fct\u0259x\u0259ssis c\u0259lb edilib.<\/p>\n<p>&#8220;Bu m\u0259s\u0259l\u0259d\u0259 h\u0259min \u0259razil\u0259rd\u0259 s\u00fclhm\u0259raml\u0131l\u0131q missiyas\u0131n\u0131 \u00f6hd\u0259sin\u0259 g\u00f6t\u00fcr\u0259n Rusiya da ciddi f\u0259all\u0131q g\u00f6st\u0259rm\u0259lidir. Nec\u0259 ki, 10 noyabr b\u0259yanat\u0131n\u0131n imzalanmas\u0131, ard\u0131nca 11 yanvar b\u0259yanat\u0131n imzalanmas\u0131nda ciddi vasit\u0259\u00e7ilik g\u00f6st\u0259r\u0259r\u0259k, birba\u015fa r\u0259hb\u0259rliyi i\u015ftirak etdi.Hesab edir\u0259m ki, Rusiya bu m\u0259s\u0259l\u0259d\u0259 Erm\u0259nistana ciddi t\u0259sir g\u00f6st\u0259rm\u0259lidir. \u00c7\u00fcnki h\u0259min \u0259razil\u0259rd\u0259 minalar\u0131n olmas\u0131 h\u0259m d\u0259 Rusiya s\u00fclhm\u0259raml\u0131lar\u0131n\u0131n h\u0259yat\u0131n\u0131 t\u0259hl\u00fck\u0259y\u0259 at\u0131r.Rusiyan\u0131n m\u0259ram\u0131 v\u0259 m\u0259qs\u0259di h\u0259min \u0259razil\u0259rd\u0259 s\u00fclh\u00fcn v\u0259 t\u0259hl\u00fck\u0259sizliyin t\u0259min edilm\u0259sidirs\u0259, deyim ki, minalar\u0131n m\u00f6vcud oldu\u011fu \u0259razil\u0259rd\u0259 s\u00fclh\u00fcn v\u0259 t\u0259hl\u00fck\u0259sizliyin t\u0259minat\u0131ndan s\u00f6hb\u0259t ged\u0259 bilm\u0259z&#8221;<\/p>\n","protected":false},"excerpt":{"rendered":"<p>44 g\u00fcnl\u00fck V\u0259t\u0259n m\u00fcharib\u0259sind\u0259n sonra yay\u0131lan g\u00f6r\u00fcnt\u00fcl\u0259rd\u0259n t\u0259kc\u0259 biz\u0259 deyil b\u00fct\u00fcn d\u00fcnyaya m\u0259lum oldu ki, erm\u0259nil\u0259r torpaqlar\u0131m\u0131z\u0131 i\u015f\u011falda saxlad\u0131\u011f\u0131 30 il\u0259 yax\u0131n m\u00fcdd\u0259td\u0259 h\u0259min \u0259rzil\u0259rd\u0259 a\u011flas\u0131\u011fmaz v\u0259h\u015filikl\u0259r t\u00f6r\u0259dibl\u0259r. Ekoloji terrordan tutmu\u015f milli m\u0259d\u0259ni abid\u0259l\u0259rimizin da\u011f\u0131d\u0131lmas\u0131na kimi. Zaman-zaman &#8220;Qaraba\u011f bizimdir&#8221; fikrin\u0259 \u00f6zl\u0259rini inand\u0131ran erm\u0259nil\u0259r bu fikirl\u0259 d\u00fcnyaya da car \u00e7\u0259kirdil\u0259r. B\u0259s yax\u015f\u0131 erm\u0259ni d\u00fc\u015f\u00fcnc\u0259si il\u0259 Qaraba\u011f onlar\u0131n idis\u0259 niy\u0259 o torpaqlarda vandalizm akt\u0131 t\u00f6r\u0259dirdil\u0259r? Dem\u0259li uydurduqlar\u0131 yalana bel\u0259 \u00f6zl\u0259ri d\u0259 inanmam\u0131\u015fd\u0131lar \u0259slind\u0259. ARANTV.AZ \u00a0x\u0259b\u0259r\u00a0verir ki, m\u0259s\u0259l\u0259y\u0259 m\u00fcnasib\u0259t bildir\u0259n siyasi \u015f\u0259rh\u00e7i X\u0259yal B\u0259\u015firov 7times.az sayt\u0131na a\u00e7\u0131qlamas\u0131nda bildirdi ki, Az\u0259rbaycan r\u0259hb\u0259rliyinin y\u00fcr\u00fctd\u00fcy\u00fc d\u00fczg\u00fcn&hellip;<\/p>\n","protected":false},"author":2,"featured_media":334196,"comment_status":"closed","ping_status":"closed","sticky":false,"template":"","format":"standard","meta":{"om_disable_all_campaigns":false,"_monsterinsights_skip_tracking":false,"_monsterinsights_sitenote_active":false,"_monsterinsights_sitenote_note":"","_monsterinsights_sitenote_category":0},"categories":[26],"tags":[],"aioseo_notices":[],"gutentor_comment":0,"rttpg_featured_image_url":{"full":["https:\/\/arantv.az\/wp-content\/uploads\/2021\/05\/3_31620198779.jpg",650,374,false],"landscape":["https:\/\/arantv.az\/wp-content\/uploads\/2021\/05\/3_31620198779.jpg",650,374,false],"portraits":["https:\/\/arantv.az\/wp-content\/uploads\/2021\/05\/3_31620198779.jpg",650,374,false],"thumbnail":["https:\/\/arantv.az\/wp-content\/uploads\/2021\/05\/3_31620198779-500x280.jpg",500,280,true],"medium":["https:\/\/arantv.az\/wp-content\/uploads\/2021\/05\/3_31620198779-634x365.jpg",634,365,true],"large":["https:\/\/arantv.az\/wp-content\/uploads\/2021\/05\/3_31620198779.jpg",640,368,false],"1536x1536":["https:\/\/arantv.az\/wp-content\/uploads\/2021\/05\/3_31620198779.jpg",650,374,false],"2048x2048":["https:\/\/arantv.az\/wp-content\/uploads\/2021\/05\/3_31620198779.jpg",650,374,false],"post-thumbnail":["https:\/\/arantv.az\/wp-content\/uploads\/2021\/05\/3_31620198779-240x172.jpg",240,172,true],"advps-thumb-one":["https:\/\/arantv.az\/wp-content\/uploads\/2021\/05\/3_31620198779.jpg",650,374,false]},"rttpg_author":{"display_name":"V\u00fcsal Rafiqo\u011flu","author_link":"https:\/\/arantv.az\/?author=2"},"rttpg_comment":0,"rttpg_category":"<a href=\"https:\/\/arantv.az\/?cat=26\" rel=\"category\">Sosial<\/a>","rttpg_excerpt":"44 g\u00fcnl\u00fck V\u0259t\u0259n m\u00fcharib\u0259sind\u0259n sonra yay\u0131lan g\u00f6r\u00fcnt\u00fcl\u0259rd\u0259n t\u0259kc\u0259 biz\u0259 deyil b\u00fct\u00fcn d\u00fcnyaya m\u0259lum oldu ki, erm\u0259nil\u0259r torpaqlar\u0131m\u0131z\u0131 i\u015f\u011falda saxlad\u0131\u011f\u0131 30 il\u0259 yax\u0131n m\u00fcdd\u0259td\u0259 h\u0259min \u0259rzil\u0259rd\u0259 a\u011flas\u0131\u011fmaz v\u0259h\u015filikl\u0259r t\u00f6r\u0259dibl\u0259r. Ekoloji terrordan tutmu\u015f milli m\u0259d\u0259ni abid\u0259l\u0259rimizin da\u011f\u0131d\u0131lmas\u0131na kimi. Zaman-zaman &#8220;Qaraba\u011f bizimdir&#8221; fikrin\u0259 \u00f6zl\u0259rini inand\u0131ran erm\u0259nil\u0259r bu fikirl\u0259 d\u00fcnyaya da car \u00e7\u0259kirdil\u0259r. B\u0259s yax\u015f\u0131 erm\u0259ni d\u00fc\u015f\u00fcnc\u0259si il\u0259 Qaraba\u011f&hellip;","_links":{"self":[{"href":"https:\/\/arantv.az\/index.php?rest_route=\/wp\/v2\/posts\/334195"}],"collection":[{"href":"https:\/\/arantv.az\/index.php?rest_route=\/wp\/v2\/posts"}],"about":[{"href":"https:\/\/arantv.az\/index.php?rest_route=\/wp\/v2\/types\/post"}],"author":[{"embeddable":true,"href":"https:\/\/arantv.az\/index.php?rest_route=\/wp\/v2\/users\/2"}],"replies":[{"embeddable":true,"href":"https:\/\/arantv.az\/index.php?rest_route=%2Fwp%2Fv2%2Fcomments&post=334195"}],"version-history":[{"count":0,"href":"https:\/\/arantv.az\/index.php?rest_route=\/wp\/v2\/posts\/334195\/revisions"}],"wp:featuredmedia":[{"embeddable":true,"href":"https:\/\/arantv.az\/index.php?rest_route=\/wp\/v2\/media\/334196"}],"wp:attachment":[{"href":"https:\/\/arantv.az\/index.php?rest_route=%2Fwp%2Fv2%2Fmedia&parent=334195"}],"wp:term":[{"taxonomy":"category","embeddable":true,"href":"https:\/\/arantv.az\/index.php?rest_route=%2Fwp%2Fv2%2Fcategories&post=334195"},{"taxonomy":"post_tag","embeddable":true,"href":"https:\/\/arantv.az\/index.php?rest_route=%2Fwp%2Fv2%2Ftags&post=334195"}],"curies":[{"name":"wp","href":"https:\/\/api.w.org\/{rel}","templated":true}]}}