{"id":334198,"date":"2021-05-05T10:20:18","date_gmt":"2021-05-05T07:20:18","guid":{"rendered":"https:\/\/arantv.az\/?p=334198"},"modified":"2021-05-05T10:20:18","modified_gmt":"2021-05-05T07:20:18","slug":"ozunu-v%c9%99kil-kimi-t%c9%99qdim-edib-d%c9%99l%c9%99duzluq-ed%c9%99n-s%c9%99xs-saxlanilib-foto","status":"publish","type":"post","link":"https:\/\/arantv.az\/?p=334198","title":{"rendered":"\u00d6z\u00fcn\u00fc v\u0259kil kimi t\u0259qdim edib, d\u0259l\u0259duzluq ed\u0259n \u015f\u0259xs saxlan\u0131l\u0131b &#8211; FOTO"},"content":{"rendered":"<p>\u0130smay\u0131ll\u0131 rayonunda v\u0259t\u0259nda\u015flar\u0131n etibar\u0131ndan sui-istifad\u0259 ed\u0259r\u0259k onlara qar\u015f\u0131 d\u0259l\u0259duzluq ed\u0259n \u015f\u0259xs saxlan\u0131l\u0131b.<\/p>\n<p>Daxili \u0130\u015fl\u0259r Nazirliyinin (D\u0130N) m\u0259tbuat xidm\u0259tinin \u015e\u0259ki regional qrupundan veril\u0259n m\u0259lumata g\u00f6r\u0259, polis \u015f\u00f6b\u0259sin\u0259 m\u00fcraci\u0259t ed\u0259n rayon sakinl\u0259ri \u00f6z\u00fcn\u00fc v\u0259kil kimi t\u0259qdim ed\u0259n Elman adl\u0131 \u015f\u0259xsin icar\u0259y\u0259 torpaq sah\u0259si g\u00f6t\u00fcrm\u0259k, azya\u015fl\u0131lara q\u0259yyum t\u0259yin etdirm\u0259k kimi v\u0259dl\u0259r ver\u0259r\u0259k onlar\u0131 aldatd\u0131\u011f\u0131n\u0131 v\u0259 pullar\u0131n\u0131 \u0259l\u0259 ke\u00e7irdiyini bildiribl\u0259r.<\/p>\n<div id=\"AdviadNativeVideo0\" class=\"AdviadNativeVideo\"><\/div>\n<p>Daxil olmu\u015f m\u00fcraci\u0259tl\u0259r \u0259sas\u0131nda ke\u00e7iril\u0259n \u0259m\u0259liyyat-axtar\u0131\u015f t\u0259dbirl\u0259ri n\u0259tic\u0259sind\u0259 d\u0259l\u0259duzluq \u0259m\u0259lini t\u00f6r\u0259tm\u0259kd\u0259 \u015f\u00fcbh\u0259li bilin\u0259n \u0130smay\u0131ll\u0131 \u015f\u0259h\u0259r sakini Elman X\u0259lilov saxlan\u0131l\u0131b.\u00a0 Ara\u015fd\u0131rma zaman\u0131 onun A\u011fsu rayonunda da v\u0259t\u0259nda\u015flar\u0131n pullar\u0131n\u0131 alaraq, d\u0259l\u0259duzluq etdiyi m\u0259lum olub.<\/p>\n<p>E.X\u0259lilovun analoji \u0259m\u0259ll\u0259rind\u0259n z\u0259r\u0259r\u00e7\u0259k\u0259n ba\u015fqa v\u0259t\u0259nda\u015flar olarsa, bu bar\u0259d\u0259 \u0130smay\u0131ll\u0131 Rayon Polis \u015e\u00f6b\u0259sinin 020-285-11-89 \u015f\u0259h\u0259r, 050-280-45-00 mobil n\u00f6mr\u0259l\u0259ri, habel\u0259 D\u0130N-in \u201c102\u201d Z\u0259ng M\u0259rk\u0259zi il\u0259 \u0259laq\u0259 saxlayaraq m\u0259lumat verm\u0259l\u0259ri xahi\u015f olunur.<\/p>\n<p>&nbsp;<\/p>\n<div class=\"gallery\">\n<div class=\"gallery-i\"><img src=\"https:\/\/cdn.oxu.az\/uploads\/W1siZiIsIjIwMjEvMDUvMDUvMTAvMTQvMzAvNTJhMWI5YzktZTRjNS00N2FkLWFiMjctZTQ1YTkyZjViZjhiL0ZPVE8uanBlZyJdLFsicCIsImVuY29kZSIsImpwZyIsIi1xdWFsaXR5IDgwIl0sWyJwIiwidGh1bWIiLCI1OTB4NTkwXHUwMDNlIl1d?sha=45aeadfd6658bed1\" alt=\"\" \/><\/div>\n<\/div>\n","protected":false},"excerpt":{"rendered":"<p>\u0130smay\u0131ll\u0131 rayonunda v\u0259t\u0259nda\u015flar\u0131n etibar\u0131ndan sui-istifad\u0259 ed\u0259r\u0259k onlara qar\u015f\u0131 d\u0259l\u0259duzluq ed\u0259n \u015f\u0259xs saxlan\u0131l\u0131b. Daxili \u0130\u015fl\u0259r Nazirliyinin (D\u0130N) m\u0259tbuat xidm\u0259tinin \u015e\u0259ki regional qrupundan veril\u0259n m\u0259lumata g\u00f6r\u0259, polis \u015f\u00f6b\u0259sin\u0259 m\u00fcraci\u0259t ed\u0259n rayon sakinl\u0259ri \u00f6z\u00fcn\u00fc v\u0259kil kimi t\u0259qdim ed\u0259n Elman adl\u0131 \u015f\u0259xsin icar\u0259y\u0259 torpaq sah\u0259si g\u00f6t\u00fcrm\u0259k, azya\u015fl\u0131lara q\u0259yyum t\u0259yin etdirm\u0259k kimi v\u0259dl\u0259r ver\u0259r\u0259k onlar\u0131 aldatd\u0131\u011f\u0131n\u0131 v\u0259 pullar\u0131n\u0131 \u0259l\u0259 ke\u00e7irdiyini bildiribl\u0259r. Daxil olmu\u015f m\u00fcraci\u0259tl\u0259r \u0259sas\u0131nda ke\u00e7iril\u0259n \u0259m\u0259liyyat-axtar\u0131\u015f t\u0259dbirl\u0259ri n\u0259tic\u0259sind\u0259 d\u0259l\u0259duzluq \u0259m\u0259lini t\u00f6r\u0259tm\u0259kd\u0259 \u015f\u00fcbh\u0259li bilin\u0259n \u0130smay\u0131ll\u0131 \u015f\u0259h\u0259r sakini Elman X\u0259lilov saxlan\u0131l\u0131b.\u00a0 Ara\u015fd\u0131rma zaman\u0131 onun A\u011fsu rayonunda da v\u0259t\u0259nda\u015flar\u0131n pullar\u0131n\u0131 alaraq, d\u0259l\u0259duzluq etdiyi m\u0259lum olub. E.X\u0259lilovun analoji&hellip;<\/p>\n","protected":false},"author":2,"featured_media":334199,"comment_status":"closed","ping_status":"closed","sticky":false,"template":"","format":"standard","meta":{"om_disable_all_campaigns":false,"_monsterinsights_skip_tracking":false,"_monsterinsights_sitenote_active":false,"_monsterinsights_sitenote_note":"","_monsterinsights_sitenote_category":0},"categories":[5],"tags":[],"aioseo_notices":[],"gutentor_comment":0,"rttpg_featured_image_url":{"full":["https:\/\/arantv.az\/wp-content\/uploads\/2021\/05\/vekil.jpg",620,344,false],"landscape":["https:\/\/arantv.az\/wp-content\/uploads\/2021\/05\/vekil.jpg",620,344,false],"portraits":["https:\/\/arantv.az\/wp-content\/uploads\/2021\/05\/vekil.jpg",620,344,false],"thumbnail":["https:\/\/arantv.az\/wp-content\/uploads\/2021\/05\/vekil-500x280.jpg",500,280,true],"medium":["https:\/\/arantv.az\/wp-content\/uploads\/2021\/05\/vekil.jpg",620,344,false],"large":["https:\/\/arantv.az\/wp-content\/uploads\/2021\/05\/vekil.jpg",620,344,false],"1536x1536":["https:\/\/arantv.az\/wp-content\/uploads\/2021\/05\/vekil.jpg",620,344,false],"2048x2048":["https:\/\/arantv.az\/wp-content\/uploads\/2021\/05\/vekil.jpg",620,344,false],"post-thumbnail":["https:\/\/arantv.az\/wp-content\/uploads\/2021\/05\/vekil-240x172.jpg",240,172,true],"advps-thumb-one":["https:\/\/arantv.az\/wp-content\/uploads\/2021\/05\/vekil.jpg",620,344,false]},"rttpg_author":{"display_name":"V\u00fcsal Rafiqo\u011flu","author_link":"https:\/\/arantv.az\/?author=2"},"rttpg_comment":0,"rttpg_category":"<a href=\"https:\/\/arantv.az\/?cat=5\" rel=\"category\">Hadis\u0259<\/a>","rttpg_excerpt":"\u0130smay\u0131ll\u0131 rayonunda v\u0259t\u0259nda\u015flar\u0131n etibar\u0131ndan sui-istifad\u0259 ed\u0259r\u0259k onlara qar\u015f\u0131 d\u0259l\u0259duzluq ed\u0259n \u015f\u0259xs saxlan\u0131l\u0131b. Daxili \u0130\u015fl\u0259r Nazirliyinin (D\u0130N) m\u0259tbuat xidm\u0259tinin \u015e\u0259ki regional qrupundan veril\u0259n m\u0259lumata g\u00f6r\u0259, polis \u015f\u00f6b\u0259sin\u0259 m\u00fcraci\u0259t ed\u0259n rayon sakinl\u0259ri \u00f6z\u00fcn\u00fc v\u0259kil kimi t\u0259qdim ed\u0259n Elman adl\u0131 \u015f\u0259xsin icar\u0259y\u0259 torpaq sah\u0259si g\u00f6t\u00fcrm\u0259k, azya\u015fl\u0131lara q\u0259yyum t\u0259yin etdirm\u0259k kimi v\u0259dl\u0259r ver\u0259r\u0259k onlar\u0131 aldatd\u0131\u011f\u0131n\u0131 v\u0259 pullar\u0131n\u0131 \u0259l\u0259 ke\u00e7irdiyini&hellip;","_links":{"self":[{"href":"https:\/\/arantv.az\/index.php?rest_route=\/wp\/v2\/posts\/334198"}],"collection":[{"href":"https:\/\/arantv.az\/index.php?rest_route=\/wp\/v2\/posts"}],"about":[{"href":"https:\/\/arantv.az\/index.php?rest_route=\/wp\/v2\/types\/post"}],"author":[{"embeddable":true,"href":"https:\/\/arantv.az\/index.php?rest_route=\/wp\/v2\/users\/2"}],"replies":[{"embeddable":true,"href":"https:\/\/arantv.az\/index.php?rest_route=%2Fwp%2Fv2%2Fcomments&post=334198"}],"version-history":[{"count":0,"href":"https:\/\/arantv.az\/index.php?rest_route=\/wp\/v2\/posts\/334198\/revisions"}],"wp:featuredmedia":[{"embeddable":true,"href":"https:\/\/arantv.az\/index.php?rest_route=\/wp\/v2\/media\/334199"}],"wp:attachment":[{"href":"https:\/\/arantv.az\/index.php?rest_route=%2Fwp%2Fv2%2Fmedia&parent=334198"}],"wp:term":[{"taxonomy":"category","embeddable":true,"href":"https:\/\/arantv.az\/index.php?rest_route=%2Fwp%2Fv2%2Fcategories&post=334198"},{"taxonomy":"post_tag","embeddable":true,"href":"https:\/\/arantv.az\/index.php?rest_route=%2Fwp%2Fv2%2Ftags&post=334198"}],"curies":[{"name":"wp","href":"https:\/\/api.w.org\/{rel}","templated":true}]}}