{"id":334208,"date":"2021-05-05T10:46:44","date_gmt":"2021-05-05T07:46:44","guid":{"rendered":"https:\/\/arantv.az\/?p=334208"},"modified":"2021-05-05T10:46:44","modified_gmt":"2021-05-05T07:46:44","slug":"alimpasa-m%c9%99mm%c9%99dov-maral-%c9%99tini-kiml%c9%99r%c9%99-satirmis","status":"publish","type":"post","link":"https:\/\/arantv.az\/?p=334208","title":{"rendered":"Alimpa\u015fa M\u0259mm\u0259dov maral \u0259tini kiml\u0259r\u0259 sat\u0131rm\u0131\u015f?"},"content":{"rendered":"<p>\u015e\u0259mkir Rayon \u0130cra Hakimiyy\u0259tinin sabiq ba\u015f\u00e7\u0131s\u0131 Alimpa\u015fa M\u0259mm\u0259dovun maral fermas\u0131n\u0131n \u00fcz\u0259 \u00e7\u0131xmas\u0131 son g\u00fcnl\u0259rin m\u00fczakir\u0259 olunan m\u00f6vzular\u0131ndand\u0131r.<\/p>\n<p>Maral \u0259sas\u0259n \u00e7\u00f6l heyvan\u0131d\u0131r v\u0259 me\u015f\u0259l\u0259rd\u0259 ya\u015fay\u0131r. Az\u0259rbaycanda bu heyvanlar\u0131n say\u0131 \u00e7ox deyil v\u0259 onlar\u0131n fermada saxlanmas\u0131 ilk hadis\u0259dir.<\/p>\n<p>D\u00fcnya m\u0259tbuat\u0131nda ged\u0259n m\u0259lumatlarda maral fermalar\u0131n\u0131n \u0259sas\u0259n Yeni Zelandiya yarad\u0131ld\u0131\u011f\u0131 qeyd olunur.<\/p>\n<div id=\"AdviadNativeVideo0\" class=\"AdviadNativeVideo\"><\/div>\n<p><em><strong>Maraql\u0131d\u0131r, Alimpa\u015fa M\u0259mm\u0259dovun maral fermas\u0131n\u0131 yaratmaqda m\u0259qs\u0259di n\u0259 imi\u015f? O, bu heyvanlar\u0131n \u0259tini, yoxsa s\u00fcd\u00fcn\u00fc satma\u011f\u0131 planla\u015fd\u0131r\u0131rm\u0131\u015f?<\/strong><\/em><\/p>\n<p>Alimpa\u015fa m\u00fc\u0259llim haz\u0131rda h\u0259bsd\u0259 oldu\u011fundan bu suallara cavab\u0131 onun \u00f6z dilind\u0259n e\u015fitm\u0259k m\u00fcmk\u00fcn deyil.<\/p>\n<p>Modern.az-\u0131n \u0259m\u0259kda\u015f\u0131 m\u00f6vzu il\u0259 ba\u011fl\u0131 Azad \u0130stehlak\u00e7\u0131lar Birliyinin r\u0259hb\u0259ri Eyyub H\u00fcseynovla \u0259laq\u0259 saxlay\u0131b.<\/p>\n<p>E.H\u00fcseynov deyib ki, o, Yeni Zelandiyada a\u00e7\u0131q havada qurulan maral fermalar\u0131n\u0131 g\u00f6r\u00fcb.<\/p>\n<p>\u201cOrada maral fermalar\u0131n\u0131 g\u00f6rm\u00fc\u015f\u0259m. Onlar a\u00e7\u0131q havada ilboyu daim \u00e7\u00f6ll\u0259rd\u0259 saxlan\u0131l\u0131r. Maral \u0259tin\u0259 bir \u00e7ox \u00f6lk\u0259l\u0259rd\u0259 t\u0259l\u0259bat var. O c\u00fcml\u0259d\u0259n maral d\u0259risind\u0259n d\u0259 istifad\u0259 olunur. X\u00fcsusi maral n\u00f6vl\u0259ri var ki, onlar\u0131n buynuzunun i\u00e7\u0259risind\u0259ki ilikd\u0259n d\u0259rman haz\u0131rlan\u0131r.<\/p>\n<p>Alimpa\u015fan\u0131n fermas\u0131ndak\u0131 marallar\u0131 \u0259tlik \u00fc\u00e7\u00fcn saxlay\u0131rd\u0131larsa, g\u00fcman edir\u0259m ki, onlar\u0131 elit restoranlara ver\u0259c\u0259kdil\u0259r v\u0259 ya d\u0259risind\u0259n istifad\u0259 ed\u0259r\u0259k, \u0259tliy\u0259 \u00e7eviril\u0259c\u0259kdi.<\/p>\n<p>\u018fg\u0259r \u00f6lk\u0259mizd\u0259 ay\u0131n\u0131 1 milyona al\u0131b yey\u0259n adam varsa, dem\u0259k ki, maral\u0131 yey\u0259nl\u0259r daha \u00e7ox olar. \u00c7\u00fcnki ay\u0131n\u0131n \u00f6z\u00fc maral yeyir. Ay\u0131n\u0131 yey\u0259n maral\u0131 g\u00f6yd\u0259n d\u00fc\u015fm\u0259 kimi yey\u0259r. \u00d6lk\u0259mizd\u0259 el\u0259 adamlar varsa, dem\u0259li maral \u0259tin\u0259 d\u0259 t\u0259l\u0259bat olub.<\/p>\n<p>Bu vaxta kimi maral \u0259ti yem\u0259mi\u015f\u0259m. Dad\u0131n\u0131 da bilmir\u0259m. G\u00fcman edir\u0259m ki, normal bir \u0259tdir. D\u00fc\u015f\u00fcn\u00fcr\u0259m ki, Alimpa\u015fa M\u0259mm\u0259dov maral\u0131 m\u00fctl\u0259q biznes m\u0259qs\u0259di il\u0259 saxlay\u0131b. Hesab etmir\u0259m ki, onun fermas\u0131nda d\u0259rman haz\u0131rlanan maral n\u00f6v\u00fc ola.<\/p>\n<p>Qida T\u0259hl\u00fck\u0259sizlik Agentliyi bu fermadan x\u0259b\u0259rsiz olmaya bilm\u0259z. Qida z\u0259ncirind\u0259 i\u015ftirak ed\u0259n b\u00fct\u00fcn subyektl\u0259r Qida T\u0259hl\u00fck\u0259sizlik Agentliyind\u0259 qeydiyyata daxil olmal\u0131d\u0131r. Onlar maraldan hans\u0131 m\u0259qs\u0259dl\u0259r \u00fc\u00e7\u00fcn istifad\u0259 edildiyini daha yax\u015f\u0131 bil\u0259rl\u0259r\u201d.<\/p>\n","protected":false},"excerpt":{"rendered":"<p>\u015e\u0259mkir Rayon \u0130cra Hakimiyy\u0259tinin sabiq ba\u015f\u00e7\u0131s\u0131 Alimpa\u015fa M\u0259mm\u0259dovun maral fermas\u0131n\u0131n \u00fcz\u0259 \u00e7\u0131xmas\u0131 son g\u00fcnl\u0259rin m\u00fczakir\u0259 olunan m\u00f6vzular\u0131ndand\u0131r. Maral \u0259sas\u0259n \u00e7\u00f6l heyvan\u0131d\u0131r v\u0259 me\u015f\u0259l\u0259rd\u0259 ya\u015fay\u0131r. Az\u0259rbaycanda bu heyvanlar\u0131n say\u0131 \u00e7ox deyil v\u0259 onlar\u0131n fermada saxlanmas\u0131 ilk hadis\u0259dir. D\u00fcnya m\u0259tbuat\u0131nda ged\u0259n m\u0259lumatlarda maral fermalar\u0131n\u0131n \u0259sas\u0259n Yeni Zelandiya yarad\u0131ld\u0131\u011f\u0131 qeyd olunur. Maraql\u0131d\u0131r, Alimpa\u015fa M\u0259mm\u0259dovun maral fermas\u0131n\u0131 yaratmaqda m\u0259qs\u0259di n\u0259 imi\u015f? O, bu heyvanlar\u0131n \u0259tini, yoxsa s\u00fcd\u00fcn\u00fc satma\u011f\u0131 planla\u015fd\u0131r\u0131rm\u0131\u015f? Alimpa\u015fa m\u00fc\u0259llim haz\u0131rda h\u0259bsd\u0259 oldu\u011fundan bu suallara cavab\u0131 onun \u00f6z dilind\u0259n e\u015fitm\u0259k m\u00fcmk\u00fcn deyil. Modern.az-\u0131n \u0259m\u0259kda\u015f\u0131 m\u00f6vzu il\u0259 ba\u011fl\u0131 Azad \u0130stehlak\u00e7\u0131lar Birliyinin r\u0259hb\u0259ri Eyyub H\u00fcseynovla&hellip;<\/p>\n","protected":false},"author":2,"featured_media":334209,"comment_status":"closed","ping_status":"closed","sticky":false,"template":"","format":"standard","meta":{"om_disable_all_campaigns":false,"_monsterinsights_skip_tracking":false,"_monsterinsights_sitenote_active":false,"_monsterinsights_sitenote_note":"","_monsterinsights_sitenote_category":0},"categories":[26],"tags":[],"aioseo_notices":[],"gutentor_comment":0,"rttpg_featured_image_url":{"full":["https:\/\/arantv.az\/wp-content\/uploads\/2021\/05\/12121212.jpg",590,465,false],"landscape":["https:\/\/arantv.az\/wp-content\/uploads\/2021\/05\/12121212.jpg",590,465,false],"portraits":["https:\/\/arantv.az\/wp-content\/uploads\/2021\/05\/12121212.jpg",590,465,false],"thumbnail":["https:\/\/arantv.az\/wp-content\/uploads\/2021\/05\/12121212-500x280.jpg",500,280,true],"medium":["https:\/\/arantv.az\/wp-content\/uploads\/2021\/05\/12121212-463x365.jpg",463,365,true],"large":["https:\/\/arantv.az\/wp-content\/uploads\/2021\/05\/12121212.jpg",590,465,false],"1536x1536":["https:\/\/arantv.az\/wp-content\/uploads\/2021\/05\/12121212.jpg",590,465,false],"2048x2048":["https:\/\/arantv.az\/wp-content\/uploads\/2021\/05\/12121212.jpg",590,465,false],"post-thumbnail":["https:\/\/arantv.az\/wp-content\/uploads\/2021\/05\/12121212-240x172.jpg",240,172,true],"advps-thumb-one":["https:\/\/arantv.az\/wp-content\/uploads\/2021\/05\/12121212.jpg",590,465,false]},"rttpg_author":{"display_name":"V\u00fcsal Rafiqo\u011flu","author_link":"https:\/\/arantv.az\/?author=2"},"rttpg_comment":0,"rttpg_category":"<a href=\"https:\/\/arantv.az\/?cat=26\" rel=\"category\">Sosial<\/a>","rttpg_excerpt":"\u015e\u0259mkir Rayon \u0130cra Hakimiyy\u0259tinin sabiq ba\u015f\u00e7\u0131s\u0131 Alimpa\u015fa M\u0259mm\u0259dovun maral fermas\u0131n\u0131n \u00fcz\u0259 \u00e7\u0131xmas\u0131 son g\u00fcnl\u0259rin m\u00fczakir\u0259 olunan m\u00f6vzular\u0131ndand\u0131r. Maral \u0259sas\u0259n \u00e7\u00f6l heyvan\u0131d\u0131r v\u0259 me\u015f\u0259l\u0259rd\u0259 ya\u015fay\u0131r. Az\u0259rbaycanda bu heyvanlar\u0131n say\u0131 \u00e7ox deyil v\u0259 onlar\u0131n fermada saxlanmas\u0131 ilk hadis\u0259dir. D\u00fcnya m\u0259tbuat\u0131nda ged\u0259n m\u0259lumatlarda maral fermalar\u0131n\u0131n \u0259sas\u0259n Yeni Zelandiya yarad\u0131ld\u0131\u011f\u0131 qeyd olunur. Maraql\u0131d\u0131r, Alimpa\u015fa M\u0259mm\u0259dovun maral fermas\u0131n\u0131 yaratmaqda m\u0259qs\u0259di&hellip;","_links":{"self":[{"href":"https:\/\/arantv.az\/index.php?rest_route=\/wp\/v2\/posts\/334208"}],"collection":[{"href":"https:\/\/arantv.az\/index.php?rest_route=\/wp\/v2\/posts"}],"about":[{"href":"https:\/\/arantv.az\/index.php?rest_route=\/wp\/v2\/types\/post"}],"author":[{"embeddable":true,"href":"https:\/\/arantv.az\/index.php?rest_route=\/wp\/v2\/users\/2"}],"replies":[{"embeddable":true,"href":"https:\/\/arantv.az\/index.php?rest_route=%2Fwp%2Fv2%2Fcomments&post=334208"}],"version-history":[{"count":0,"href":"https:\/\/arantv.az\/index.php?rest_route=\/wp\/v2\/posts\/334208\/revisions"}],"wp:featuredmedia":[{"embeddable":true,"href":"https:\/\/arantv.az\/index.php?rest_route=\/wp\/v2\/media\/334209"}],"wp:attachment":[{"href":"https:\/\/arantv.az\/index.php?rest_route=%2Fwp%2Fv2%2Fmedia&parent=334208"}],"wp:term":[{"taxonomy":"category","embeddable":true,"href":"https:\/\/arantv.az\/index.php?rest_route=%2Fwp%2Fv2%2Fcategories&post=334208"},{"taxonomy":"post_tag","embeddable":true,"href":"https:\/\/arantv.az\/index.php?rest_route=%2Fwp%2Fv2%2Ftags&post=334208"}],"curies":[{"name":"wp","href":"https:\/\/api.w.org\/{rel}","templated":true}]}}