{"id":334220,"date":"2021-05-05T10:51:30","date_gmt":"2021-05-05T07:51:30","guid":{"rendered":"https:\/\/arantv.az\/?p=334220"},"modified":"2021-05-05T10:51:30","modified_gmt":"2021-05-05T07:51:30","slug":"k%c9%99lb%c9%99c%c9%99rd%c9%99-pasxa-bayrami-video","status":"publish","type":"post","link":"https:\/\/arantv.az\/?p=334220","title":{"rendered":"K\u0259lb\u0259c\u0259rd\u0259 Pasxa bayram\u0131 &#8211; V\u0130DEO"},"content":{"rendered":"<div class=\"article_text\">\n<blockquote><p><strong>Alban-udi xristian dini icmas\u0131 bayram m\u00fcnasib\u0259til\u0259 Xudav\u0259ng\u0259 s\u0259f\u0259r edib<\/strong><\/p><\/blockquote>\n<p><strong>ARANTV.AZ<\/strong> Real TV-\u0259 istinad\u0259n bildirir ki, pasxa bayram\u0131 m\u00fcnasib\u0259til\u0259 Dini Qurumlarla \u0130\u015f \u00fczr\u0259 D\u00f6vl\u0259t Komit\u0259sinin x\u0259tti il\u0259 K\u0259lb\u0259c\u0259rd\u0259 Xudav\u0259ng m\u0259b\u0259din\u0259 alban-udi dini icmas\u0131n\u0131n v\u0259 dig\u0259r xristian icmalar\u0131n\u0131n s\u0259f\u0259ri t\u0259\u015fkil edildi.<\/p>\n<p>M\u00fcz\u0259ff\u0259r ordumuzun 44 g\u00fcnl\u00fck V\u0259t\u0259n m\u00fcharib\u0259sind\u0259 \u0259ld\u0259 etdiyi parlaq q\u0259l\u0259b\u0259d\u0259n sonra i\u015f\u011faldan azad olunmu\u015f K\u0259lb\u0259c\u0259r rayonuna s\u0259f\u0259r etm\u0259k m\u0259nim d\u0259 \u0259n b\u00f6y\u00fck arzum idi&#8230; Yolboyu avtobusdan \u0259traf\u0131 izl\u0259yirdim. Erm\u0259ni vandalizminin izl\u0259ri h\u0259r add\u0131mda g\u00f6r\u00fcn\u00fcrd\u00fc.<br \/>\nM\u00fcdafi\u0259 Nazirliyi t\u0259r\u0259find\u0259n ayr\u0131lm\u0131\u015f h\u0259rbi avtobus narahat yollarda y\u0131r\u011falana-y\u0131r\u011falana K\u0259lb\u0259c\u0259rin da\u011flar\u0131n\u0131n dolaylar\u0131n\u0131 doland\u0131qca amans\u0131z Murovun n\u0259 q\u0259d\u0259r o\u011fullar apard\u0131\u011f\u0131 da bir-bir yad\u0131ma d\u00fc\u015f\u00fcrd\u00fc&#8230;<\/p>\n<p>V\u0259 n\u0259hay\u0259t, g\u0259lib \u00e7atd\u0131q Ki\u00e7ik Qafqaz\u0131n Murov silsil\u0259sind\u0259 yerl\u0259\u015f\u0259n, Az\u0259rbaycan\u0131n K\u0259lb\u0259c\u0259r rayonunu G\u00f6yg\u00f6ll\u0259 birl\u0259\u015fdir\u0259n m\u00fch\u00fcm da\u011f ke\u00e7idi &#8211; \u00d6m\u0259r a\u015f\u0131r\u0131m\u0131na&#8230; Budur, \u00d6m\u0259r a\u015f\u0131r\u0131m\u0131! K\u0259lb\u0259c\u0259rin i\u015f\u011fal\u0131ndan sonra d\u0259f\u0259l\u0259rl\u0259 \u0259ld\u0259n-\u0259l\u0259 ke\u00e7mi\u015f, qanl\u0131 d\u00f6y\u00fc\u015fl\u0259rin \u015fahidi olan, Z\u0259f\u0259r m\u00fcharib\u0259sinin ilk g\u00fcnl\u0259rind\u0259c\u0259 q\u0259hr\u0259man o\u011fullar\u0131n \u015f\u00fcca\u0259ti say\u0259sind\u0259 azad edil\u0259n \u00d6m\u0259r a\u015f\u0131r\u0131m\u0131&#8230;<\/p>\n<p>S\u0131ld\u0131r\u0131ml\u0131 yollarla 45 KM m\u0259saf\u0259ni d\u0259f ed\u0259r\u0259k, g\u0259lib \u00e7atd\u0131q V\u0259ng k\u0259ndind\u0259 yerl\u0259\u015f\u0259n Xudav\u0259ng monastr\u0131na&#8230; El\u0259 monastra \u00e7atanda qula\u011f\u0131ma \u0259trafdak\u0131 insanlar\u0131n s\u0259sl\u0259ri g\u0259lirdi. Biri deyirdi ki, &#8220;bu yerl\u0259r\u0259 qay\u0131tma\u011f\u0131m\u0131za g\u00f6r\u0259 \u015f\u0259hidl\u0259rimiz\u0259 borcluyuq&#8221;, dig\u0259ri deyirdi ki, &#8220;Xudav\u0259ngin dini varisl\u0259ri geri qay\u0131td\u0131&#8221; v\u0259 s. s\u00f6zl\u0259r&#8230; Bir az da ir\u0259liy\u0259 getdikc\u0259 g\u00f6zl\u0259rimin \u00f6n\u00fcnd\u0259 m\u00f6ht\u0259\u015f\u0259m bir m\u0259nz\u0259r\u0259 canland\u0131. Lakin g\u00f6rd\u00fckl\u0259rimd\u0259n \u00e7ox narahat oldum. Erm\u0259nil\u0259r xalq\u0131m\u0131za m\u0259xsus dini, tarixi-m\u0259d\u0259niyy\u0259t abid\u0259l\u0259rini \u00f6z adlar\u0131na \u00e7\u0131xmaq \u00fc\u00e7\u00fcn h\u0259r c\u00fcr saxtakarl\u0131\u011fa \u0259l at\u0131b, buna b\u00fct\u00fcn d\u00f6vrl\u0259rd\u0259 arams\u0131z c\u0259hdl\u0259r g\u00f6st\u0259ribl\u0259r. K\u0259lb\u0259c\u0259rd\u0259ki Xudav\u0259ng monast\u0131r\u0131 da bu q\u0259bild\u0259ndir&#8230;<\/p>\n<p>Az\u0259rbaycan Alban-udi dini icmas\u0131n\u0131n s\u0259dri Robert Mobili m\u00fcsahib\u0259si zaman\u0131 dedi ki, Xudav\u0259ng m\u0259b\u0259di h\u0259m tarix\u0259n, h\u0259m d\u0259 memarl\u0131q \u00fcslubu bax\u0131m\u0131ndan tamamil\u0259 Alban Apostol Kils\u0259sin\u0259 m\u0259xsusdur. Erm\u0259nil\u0259rin burada etdiyi saxtakarl\u0131qlar monast\u0131r\u0131n giri\u015f qap\u0131s\u0131ndak\u0131 erm\u0259ni xa\u00e7karlar\u0131ndan v\u0259 daxild\u0259ki bir \u00e7ox m\u00fcasir xa\u00e7 elementl\u0259rind\u0259n ayd\u0131n \u015f\u0259kild\u0259 g\u00f6r\u00fcn\u00fcr&#8230;<\/p>\n<p>Robert Mobili h\u0259m d\u0259 ixtisasca geoloqdur. O deyir ki, Sovet d\u00f6vr\u00fcnd\u0259 geoloq i\u015fl\u0259diyi ill\u0259rd\u0259 K\u0259lb\u0259c\u0259r da\u011flar\u0131n\u0131 piyada g\u0259zib-dola\u015f\u0131b. Bu da\u011flardak\u0131 h\u0259r da\u015fa, a\u011faca b\u0259l\u0259ddir. Erm\u0259nil\u0259r h\u0259tta a\u011faclar\u0131 k\u0259sib apar\u0131blar. \u0130mkanlar\u0131 olsa, da\u015flar\u0131 da da\u015f\u0131y\u0131b aparard\u0131lar&#8230;<\/p>\n<p>Xudav\u0259ng m\u0259b\u0259dinin h\u0259m tarix\u0259n, h\u0259m d\u0259 memarl\u0131q \u00fcslubu bax\u0131m\u0131ndan Alban Apostol Kils\u0259sin\u0259 m\u0259xsus oldu\u011funu s\u00f6yl\u0259y\u0259n icma s\u0259drinin m\u00fcavini Rafiq Danakari erm\u0259nil\u0259rin q\u0259dim monast\u0131rda etdikl\u0259ri saxtakarl\u0131qlar\u0131n a\u00e7\u0131q \u015f\u0259kild\u0259 g\u00f6z\u0259 \u00e7arpd\u0131\u011f\u0131n\u0131 deyib.<\/p>\n<p>M\u0259n\u0259vi D\u0259y\u0259rl\u0259rin T\u0259bli\u011fi Fondunun icra\u00e7\u0131 direktoru Mehman \u0130smay\u0131lov is\u0259 bildirdi ki, buradak\u0131 tikilil\u0259r, da\u015f abid\u0259l\u0259r kompleksin q\u0259dim tarixind\u0259n x\u0259b\u0259r verir. Otuz il d\u00fc\u015fm\u0259n \u0259sar\u0259tind\u0259 qalan bu tarixi abid\u0259 n\u0259hay\u0259t, \u00f6z sahibl\u0259rin\u0259 qaytar\u0131l\u0131b&#8230;<\/p>\n<p>13 ya\u015f\u0131nda, 27 il \u0259vv\u0259l K\u0259lb\u0259c\u0259ri t\u0259rk ed\u0259n Az\u0259rbaycan \u0130lahiyyat \u0130nstitutunun rektoru Aqil \u015eirinovun m\u00fcsahib\u0259si \u00e7ox t\u0259siredici idi. O dedi ki, X\u0259yal\u0131m uzaqlara gedir, Yen\u0259 h\u0259min a\u011fr\u0131l\u0131-ac\u0131l\u0131 aylar\u0131 xat\u0131rlay\u0131ram, q\u0259h\u0259r bo\u011fur&#8230;N\u0259 yax\u015f\u0131 ki, \u015f\u0259hidl\u0259rimizin qan\u0131 yerd\u0259 qalmad\u0131, &#8220;d\u0259mir yumruq&#8221;la d\u00fc\u015fm\u0259n c\u0259zas\u0131n\u0131 ald\u0131, yurdumuz i\u015f\u011faldan azad edildi.<\/p>\n<p>Bel\u0259, K\u0259lb\u0259c\u0259rin g\u00f6z\u0259lliyini izl\u0259m\u0259k \u00fc\u00e7\u00fcn biz\u0259 ayr\u0131lan vaxt ba\u015fa \u00e7at\u0131r&#8230; Xudav\u0259ng monast\u0131r kompleksind\u0259 ilk d\u0259f\u0259 idi olurdum. \u0130ndiy\u0259d\u0259k onu yaln\u0131z \u015f\u0259kill\u0259rd\u0259 g\u00f6rm\u00fc\u015fd\u00fcm&#8230; Da\u015flara diqq\u0259tl\u0259 baxanda el\u0259 informasiyalar g\u00f6r\u00fcr\u0259m ki, n\u0259 q\u0259d\u0259r \u00e7al\u0131\u015fsan da, onlar\u0131 silm\u0259k m\u00fcmk\u00fcn deyil&#8230;<\/p>\n<p>N\u0259yin h\u0259qiqi, n\u0259yin saxta oldu\u011funu asanl\u0131qla ay\u0131rd etm\u0259k m\u00fcmk\u00fcnd\u00fcr. \u018fminlikl\u0259 dey\u0259 bil\u0259r\u0259m ki, kils\u0259y\u0259 sonradan qoyulan da\u015flar\u0131n, xa\u00e7lar\u0131n tarixi 1993-c\u00fc ild\u0259n sonraya aiddir. Halbuki Xudav\u0259ngin ya\u015f\u0131 1000 ild\u0259n \u00e7oxdur.<\/p>\n<p>Bu torpa\u011f\u0131n, da\u015flar\u0131n, a\u011faclar\u0131n yaralar\u0131n\u0131 sa\u011faltmaq \u00fc\u00e7\u00fcn vaxt laz\u0131md\u0131r. Prezident, M\u00fcz\u0259ff\u0259r Ali ba\u015f Komandan da dediyi kimi, biz bunu ed\u0259c\u0259yik. \u0130\u015f\u011faldan azad olunmu\u015f torpaqlar\u0131m\u0131zda erm\u0259ni vandallar\u0131n\u0131n da\u011f\u0131td\u0131\u011f\u0131 b\u00fct\u00fcn dini abid\u0259l\u0259rimiz d\u0259 b\u0259rpa edil\u0259c\u0259k&#8230;<\/p>\n<p>&nbsp;<\/p>\n<p><iframe loading=\"lazy\" src=\"https:\/\/daytube.az\/az\/embed\/106767\" width=\"670\" height=\"400\" frameborder=\"0\" allowfullscreen=\"allowfullscreen\" data-mce-fragment=\"1\"><\/iframe><\/p>\n<\/div>\n<div class=\"social-banner\"><\/div>\n","protected":false},"excerpt":{"rendered":"<p>Alban-udi xristian dini icmas\u0131 bayram m\u00fcnasib\u0259til\u0259 Xudav\u0259ng\u0259 s\u0259f\u0259r edib ARANTV.AZ Real TV-\u0259 istinad\u0259n bildirir ki, pasxa bayram\u0131 m\u00fcnasib\u0259til\u0259 Dini Qurumlarla \u0130\u015f \u00fczr\u0259 D\u00f6vl\u0259t Komit\u0259sinin x\u0259tti il\u0259 K\u0259lb\u0259c\u0259rd\u0259 Xudav\u0259ng m\u0259b\u0259din\u0259 alban-udi dini icmas\u0131n\u0131n v\u0259 dig\u0259r xristian icmalar\u0131n\u0131n s\u0259f\u0259ri t\u0259\u015fkil edildi. M\u00fcz\u0259ff\u0259r ordumuzun 44 g\u00fcnl\u00fck V\u0259t\u0259n m\u00fcharib\u0259sind\u0259 \u0259ld\u0259 etdiyi parlaq q\u0259l\u0259b\u0259d\u0259n sonra i\u015f\u011faldan azad olunmu\u015f K\u0259lb\u0259c\u0259r rayonuna s\u0259f\u0259r etm\u0259k m\u0259nim d\u0259 \u0259n b\u00f6y\u00fck arzum idi&#8230; Yolboyu avtobusdan \u0259traf\u0131 izl\u0259yirdim. Erm\u0259ni vandalizminin izl\u0259ri h\u0259r add\u0131mda g\u00f6r\u00fcn\u00fcrd\u00fc. M\u00fcdafi\u0259 Nazirliyi t\u0259r\u0259find\u0259n ayr\u0131lm\u0131\u015f h\u0259rbi avtobus narahat yollarda y\u0131r\u011falana-y\u0131r\u011falana K\u0259lb\u0259c\u0259rin da\u011flar\u0131n\u0131n dolaylar\u0131n\u0131 doland\u0131qca amans\u0131z Murovun n\u0259 q\u0259d\u0259r&hellip;<\/p>\n","protected":false},"author":2,"featured_media":334221,"comment_status":"closed","ping_status":"closed","sticky":false,"template":"","format":"standard","meta":{"om_disable_all_campaigns":false,"_monsterinsights_skip_tracking":false,"_monsterinsights_sitenote_active":false,"_monsterinsights_sitenote_note":"","_monsterinsights_sitenote_category":0},"categories":[26],"tags":[],"aioseo_notices":[],"gutentor_comment":0,"rttpg_featured_image_url":{"full":["https:\/\/arantv.az\/wp-content\/uploads\/2021\/05\/945762.jpg",800,600,false],"landscape":["https:\/\/arantv.az\/wp-content\/uploads\/2021\/05\/945762.jpg",800,600,false],"portraits":["https:\/\/arantv.az\/wp-content\/uploads\/2021\/05\/945762.jpg",800,600,false],"thumbnail":["https:\/\/arantv.az\/wp-content\/uploads\/2021\/05\/945762-500x280.jpg",500,280,true],"medium":["https:\/\/arantv.az\/wp-content\/uploads\/2021\/05\/945762-487x365.jpg",487,365,true],"large":["https:\/\/arantv.az\/wp-content\/uploads\/2021\/05\/945762.jpg",640,480,false],"1536x1536":["https:\/\/arantv.az\/wp-content\/uploads\/2021\/05\/945762.jpg",800,600,false],"2048x2048":["https:\/\/arantv.az\/wp-content\/uploads\/2021\/05\/945762.jpg",800,600,false],"post-thumbnail":["https:\/\/arantv.az\/wp-content\/uploads\/2021\/05\/945762-240x172.jpg",240,172,true],"advps-thumb-one":["https:\/\/arantv.az\/wp-content\/uploads\/2021\/05\/945762.jpg",800,600,false]},"rttpg_author":{"display_name":"V\u00fcsal Rafiqo\u011flu","author_link":"https:\/\/arantv.az\/?author=2"},"rttpg_comment":0,"rttpg_category":"<a href=\"https:\/\/arantv.az\/?cat=26\" rel=\"category\">Sosial<\/a>","rttpg_excerpt":"Alban-udi xristian dini icmas\u0131 bayram m\u00fcnasib\u0259til\u0259 Xudav\u0259ng\u0259 s\u0259f\u0259r edib ARANTV.AZ Real TV-\u0259 istinad\u0259n bildirir ki, pasxa bayram\u0131 m\u00fcnasib\u0259til\u0259 Dini Qurumlarla \u0130\u015f \u00fczr\u0259 D\u00f6vl\u0259t Komit\u0259sinin x\u0259tti il\u0259 K\u0259lb\u0259c\u0259rd\u0259 Xudav\u0259ng m\u0259b\u0259din\u0259 alban-udi dini icmas\u0131n\u0131n v\u0259 dig\u0259r xristian icmalar\u0131n\u0131n s\u0259f\u0259ri t\u0259\u015fkil edildi. M\u00fcz\u0259ff\u0259r ordumuzun 44 g\u00fcnl\u00fck V\u0259t\u0259n m\u00fcharib\u0259sind\u0259 \u0259ld\u0259 etdiyi parlaq q\u0259l\u0259b\u0259d\u0259n sonra i\u015f\u011faldan azad olunmu\u015f K\u0259lb\u0259c\u0259r rayonuna&hellip;","_links":{"self":[{"href":"https:\/\/arantv.az\/index.php?rest_route=\/wp\/v2\/posts\/334220"}],"collection":[{"href":"https:\/\/arantv.az\/index.php?rest_route=\/wp\/v2\/posts"}],"about":[{"href":"https:\/\/arantv.az\/index.php?rest_route=\/wp\/v2\/types\/post"}],"author":[{"embeddable":true,"href":"https:\/\/arantv.az\/index.php?rest_route=\/wp\/v2\/users\/2"}],"replies":[{"embeddable":true,"href":"https:\/\/arantv.az\/index.php?rest_route=%2Fwp%2Fv2%2Fcomments&post=334220"}],"version-history":[{"count":0,"href":"https:\/\/arantv.az\/index.php?rest_route=\/wp\/v2\/posts\/334220\/revisions"}],"wp:featuredmedia":[{"embeddable":true,"href":"https:\/\/arantv.az\/index.php?rest_route=\/wp\/v2\/media\/334221"}],"wp:attachment":[{"href":"https:\/\/arantv.az\/index.php?rest_route=%2Fwp%2Fv2%2Fmedia&parent=334220"}],"wp:term":[{"taxonomy":"category","embeddable":true,"href":"https:\/\/arantv.az\/index.php?rest_route=%2Fwp%2Fv2%2Fcategories&post=334220"},{"taxonomy":"post_tag","embeddable":true,"href":"https:\/\/arantv.az\/index.php?rest_route=%2Fwp%2Fv2%2Ftags&post=334220"}],"curies":[{"name":"wp","href":"https:\/\/api.w.org\/{rel}","templated":true}]}}