{"id":334226,"date":"2021-05-05T11:22:43","date_gmt":"2021-05-05T08:22:43","guid":{"rendered":"https:\/\/arantv.az\/?p=334226"},"modified":"2021-05-05T11:22:43","modified_gmt":"2021-05-05T08:22:43","slug":"ask-nin-cind%c9%99ki-numay%c9%99nd%c9%99si-qarabag-xari-bulbul-susa-bab%c9%99k-adlarini-brend-etmisik","status":"publish","type":"post","link":"https:\/\/arantv.az\/?p=334226","title":{"rendered":"ASK-n\u0131n \u00c7ind\u0259ki n\u00fcmay\u0259nd\u0259si: \u201cQaraba\u011f, Xar\u0131 B\u00fclb\u00fcl, \u015eu\u015fa, Bab\u0259k adlar\u0131n\u0131 brend etmi\u015fik\u201d"},"content":{"rendered":"<p>Az\u0259rbaycan Sahibkarlar Konfederasiyas\u0131n\u0131n \u00c7in Xalq Respublikas\u0131ndak\u0131 n\u00fcmay\u0259nd\u0259si Vaqif Miri\u015fovun bu \u00f6lk\u0259d\u0259 \u201cMade in Azerbaijan\u201d brendinin tan\u0131d\u0131lmas\u0131 v\u0259 bazarda layiqli yer tutmas\u0131nda x\u00fcsusi \u0259m\u0259yi var.<\/p>\n<p>V.Miri\u015fov h\u0259m\u00e7inin Qaraba\u011f, \u015eu\u015fa, Xar\u0131 B\u00fclb\u00fcl brendl\u0259rinin m\u0259nfur qon\u015fular\u0131m\u0131z\u0131n \u0259lin\u0259 ke\u00e7m\u0259sinin qars\u0131s\u0131n\u0131 alaraq, onlar\u0131 brendl\u0259\u015fdirib. Bu f\u0259aliyy\u0259tin\u0259 g\u00f6r\u0259 Az\u0259rbaycan Sahibkarlar Konfederasiyas\u0131 Vaqif Miri\u015fovu \u201cF\u0259xri F\u0259rman\u201dla t\u0259ltif edib.<\/p>\n<p>Vaqif Miri\u015fov\u00a0ASK-n\u0131n suallar\u0131n\u0131 cavabland\u0131r\u0131b:<\/p>\n<div id=\"AdviadNativeVideo0\" class=\"AdviadNativeVideo\"><\/div>\n<p><strong>&#8211; B\u0259zi \u00f6lk\u0259l\u0259rd\u0259 art\u0131q s\u0259rh\u0259dl\u0259r qism\u0259n d\u0259 olsa a\u00e7\u0131lma\u011fa ba\u015flay\u0131r. \u00c7in\u0259 biznes s\u0259f\u0259rl\u0259rinin d\u0259 yax\u0131n vaxtlarda b\u0259rpa olunmas\u0131 g\u00f6zl\u0259nilir. Haz\u0131rda Az\u0259rbaycandan \u00c7in\u0259 n\u0259 ixrac edirik, \u00c7ind\u0259 daha \u00e7ox hans\u0131 m\u0259hsullar\u0131m\u0131z al\u0131c\u0131 tapa bilib?<\/strong><\/p>\n<p>&#8211; Pandemiya vaxt\u0131 \u00c7ind\u0259 dem\u0259k olar ki, h\u0259r yer, o c\u00fcml\u0259d\u0259n, s\u0259rh\u0259dl\u0259r ba\u011fland\u0131. Amma Az\u0259rbaycan v\u0259 \u00c7in \u0259laq\u0259l\u0259ri y\u00fcks\u0259k s\u0259viyy\u0259d\u0259 oldu\u011funa g\u00f6r\u0259 \u00f6lk\u0259mizd\u0259n ged\u0259n, yaxud \u00c7ind\u0259n g\u0259l\u0259n y\u00fckl\u0259r dayanmad\u0131. H\u0259m\u00e7inin, Az\u0259rbaycan art\u0131q \u00c7in bazar\u0131nda \u00f6z brendl\u0259ril\u0259 f\u0259al \u015f\u0259kild\u0259 i\u015ftirak edir. Qaraba\u011f, Xar\u0131 B\u00fclb\u00fcl, \u015eu\u015fa, Bab\u0259k adlar\u0131n\u0131 ingilis, rus v\u0259 Az\u0259rbaycan dill\u0259rind\u0259 brend etmi\u015fik.<\/p>\n<p>Y\u0259ni, o adlarla ba\u015fqa biznes bazara gir\u0259 bilm\u0259z. M\u0259s\u0259l\u0259n, \u015eu\u015fan\u0131 rus dilind\u0259 d\u0259 brend etmi\u015f\u0259m. Onlar gedib \u015eu\u015fan\u0131 \u201c\u015eu\u015fi\u201d ad\u0131 il\u0259 bel\u0259 brendl\u0259\u015fdir\u0259 bilm\u0259zl\u0259r. \u00c7in heroqlifl\u0259ri birc\u0259 \u201ci\u201d h\u0259rfini d\u0259yi\u015f\u0259r\u0259k yeni ad yaratma\u011fa imkan vermir. Az\u0259rbaycan\u0131n diplomatik n\u00fcmay\u0259nd\u0259liyi d\u0259 \u00c7ind\u0259 daha \u00e7ox aktivdir v\u0259 brendl\u0259\u015fm\u0259\u00a0f\u0259aliyy\u0259tim\u0259 y\u00fcks\u0259k qiym\u0259t veribl\u0259r. \u00dcmumiyy\u0259tl\u0259, Az\u0259rbaycandan olan n\u00fcmay\u0259nd\u0259l\u0259rin i\u015ftirak etdiyi m\u0259clisl\u0259r\u0259 erm\u0259nil\u0259r yax\u0131n g\u0259l\u0259 bilmirl\u0259r, \u00e7\u00fcnki \u00f6z yalanlar\u0131n\u0131 dan\u0131\u015fa bilm\u0259y\u0259c\u0259kl\u0259rind\u0259n \u00e7\u0259kinirl\u0259r.<\/p>\n<p><strong>&#8211; Az\u0259rbaycana maraq nec\u0259dir, x\u00fcsus\u0259n d\u0259 \u00c7in i\u015f adamlar\u0131 \u00f6lk\u0259miz\u0259 investisiya yat\u0131rmaq bar\u0259d\u0259 Siz\u0259 m\u00fcraci\u0259t edirl\u0259rmi?<\/strong><\/p>\n<p>&#8211; B\u0259li, \u00c7ind\u0259n bura g\u0259lm\u0259k ist\u0259y\u0259n i\u015f adamlar\u0131 h\u0259ddind\u0259n art\u0131q \u00e7oxdur. Art\u0131q onlar\u0131n Az\u0259rbaycanda hans\u0131 i\u015fl\u0259ri g\u00f6r\u0259 bil\u0259c\u0259yi, hans\u0131 sah\u0259l\u0259r \u00fczr\u0259 zavodlar a\u00e7a bil\u0259c\u0259yi imkanlar\u0131 ara\u015fd\u0131r\u0131l\u0131b. Az\u0259rbaycanda \u0259sas\u0259n in\u015faat materiallar\u0131n\u0131n istehsal\u0131na \u00fcst\u00fcnl\u00fck verirl\u0259r. Eyni zamanda qon\u015fu bazarlara \u00e7\u0131xmaq \u00fc\u00e7\u00fcn Az\u0259rbaycan\u0131 m\u0259rk\u0259zi baza qismind\u0259 d\u0259y\u0259rl\u0259ndirirl\u0259r.<\/p>\n<p><strong>&#8211; \u018fslind\u0259 \u00f6lk\u0259mizd\u0259 m\u0259rk\u0259zi bazan\u0131n yarad\u0131lmas\u0131 t\u0259klifi kifay\u0259t q\u0259d\u0259r a\u011flabatand\u0131r. M\u0259s\u0259l\u0259n mebel istehsal\u0131n\u0131 g\u00f6t\u00fcrs\u0259k, T\u00fcrkiy\u0259, G\u00fcrc\u00fcstan, Erm\u0259nistan istehsal \u00fc\u00e7\u00fcn materiallar\u0131 v\u0259 b\u0259zi hiss\u0259l\u0259ri tam olaraq \u00c7ind\u0259n al\u0131r. Bu bax\u0131mdan Az\u0259rbaycan yeni logistika imkanlar\u0131 qazanacaq\u2026<\/strong><\/p>\n<p>&#8211; B\u0259li, bizim fikrimiz odur ki, Az\u0259rbaycanda baza yarad\u0131ls\u0131n v\u0259 buradan mallar b\u00fct\u00fcn qon\u015fu d\u00f6vl\u0259tl\u0259rin bazar\u0131na m\u0259hz bizim sahibkarlar\u0131n x\u0259tti il\u0259 getsin.<\/p>\n<p><strong>&#8211; Vaqif m\u00fc\u0259llim, siz hal-haz\u0131rda hava yolu vasit\u0259sil\u0259 idxal-ixrac \u0259m\u0259liyyatlar\u0131 edirsiniz? Q\u0259dim \u0130p\u0259k Yolunun \u00fcz\u0259rind\u0259 qurulan yeni x\u0259tt\u0259 g\u00f6r\u0259, y\u00fckl\u0259rin 12-14 g\u00fcn\u0259 \u00c7in\u0259 \u00e7atd\u0131r\u0131lmas\u0131 m\u00fcmk\u00fcnd\u00fcr. Bu x\u0259ttd\u0259n istifad\u0259 etm\u0259yi planla\u015fd\u0131r\u0131rs\u0131n\u0131zm\u0131?<\/strong><\/p>\n<p>&#8211; Biz hal-haz\u0131rda g\u0259mi vasit\u0259sil\u0259 idxal-ixrac \u0259m\u0259liyyatlar\u0131n\u0131 h\u0259yata ke\u00e7iririk. Bak\u0131-Sian x\u0259tti a\u00e7\u0131l\u0131b v\u0259 bu x\u0259tt 14-15 g\u00fcn\u0259 mallar\u0131n \u00f6lk\u0259miz\u0259 g\u0259tirilm\u0259sin\u0259 imkan verir. Qism\u0259t olsa, biz d\u0259 art\u0131q mallar\u0131 Bak\u0131-Sian x\u0259tti il\u0259 vurmaq ist\u0259yirik. H\u0259m ucuz ba\u015fa g\u0259lir, h\u0259m d\u0259 daha tez \u00e7at\u0131r.<\/p>\n<p><strong>&#8211; Tarif bax\u0131m\u0131ndan n\u0259 q\u0259d\u0259r s\u0259rf\u0259lidir?<\/strong><\/p>\n<p>&#8211; Dem\u0259li, \u00c7ind\u0259n Az\u0259rbaycana 2500 dollara g\u0259lib \u00e7\u0131xan mal yeni Bak\u0131-Sian x\u0259tti il\u0259 1300 dollara \u00e7at\u0131r. \u00dcst\u0259lik, d\u0259niz yolu il\u0259 45 g\u00fcn\u0259 g\u0259l\u0259n y\u00fck\u00fcn Bak\u0131-Sian x\u0259tti il\u0259 da\u015f\u0131nmas\u0131 c\u0259mi 14-15 g\u00fcn vaxt apar\u0131r. Xo\u015fb\u0259xtik ki, m\u00f6ht\u0259r\u0259m Ali Ba\u015f Komandan\u0131m\u0131z\u0131n r\u0259hb\u0259rliyil\u0259 torpaqlar\u0131m\u0131z i\u015f\u011faldan azad olundu. Haz\u0131rda Z\u0259ng\u0259zur d\u0259hlizinin a\u00e7\u0131lmas\u0131 il\u0259 ba\u011fl\u0131 ciddi \u015f\u0259kild\u0259 i\u015fl\u0259r apar\u0131l\u0131r. Bu d\u0259hlizin a\u00e7\u0131lmas\u0131 Bak\u0131-Sian x\u0259ttinin s\u0259m\u0259r\u0259liliyini daha da y\u00fcks\u0259ld\u0259c\u0259k.<\/p>\n<p><strong>&#8211; N\u00f6vb\u0259ti sual\u0131m t\u0259hsil il\u0259 ba\u011fl\u0131d\u0131r. Nec\u0259 ed\u0259k ki, Az\u0259rbaycandan \u00c7in\u0259 t\u0259hsil alma\u011fa ged\u0259n t\u0259l\u0259b\u0259l\u0259rin say\u0131 arts\u0131n? \u00c7\u00fcnki, g\u0259l\u0259c\u0259kd\u0259 iqtisadi c\u0259h\u0259td\u0259n \u00c7in dilini bil\u0259n m\u00fct\u0259x\u0259ssisl\u0259r\u0259 ehtiyac artacaq, m\u0259lumdur ki, g\u0259l\u0259c\u0259k iqtisadiyyat \u00c7inl\u0259 ba\u011fl\u0131d\u0131r.<\/strong><\/p>\n<p>&#8211; Tamamil\u0259 do\u011frudur. G\u0259l\u0259c\u0259kl\u0259 ba\u011fl\u0131 proqnozlar g\u00f6st\u0259rir ki, \u00c7ind\u0259 iqtisadiyyat daha s\u00fcr\u0259tl\u0259 inki\u015faf ed\u0259c\u0259k. B\u00fct\u00fcn d\u00fcnya \u00f6lk\u0259l\u0259rind\u0259 \u00c7in dilini \u00f6yr\u0259nm\u0259y\u0259 \u00fcst\u00fcnl\u00fck verirl\u0259r. M\u0259lumdur ki, Avropa \u00f6lk\u0259l\u0259rind\u0259 \u0259m\u0259k qabiliyy\u0259tli insanlar\u0131n say\u0131\u00a0ya\u015fl\u0131 insanlar\u0131n say\u0131n\u0131 ke\u00e7ib. Dig\u0259r \u00f6lk\u0259l\u0259rd\u0259n g\u0259l\u0259n miqrantlar da \u0259m\u0259k bazar\u0131na t\u0259sir edir. Geni\u015fl\u0259n\u0259n bazar \u00c7in bazar\u0131d\u0131r, amma bizimkil\u0259r daha \u00e7ox Avropa bazar\u0131na \u00fcz tutur. Avropa art\u0131q \u00f6z bazarlar\u0131na deyil, \u00c7in\u0259, Hindistana investisiya edir. Beyn\u0259lxalq biznesl\u0259 \u0259laq\u0259dar hesabatlara baxsaq, biznesmenl\u0259rin b\u00f6y\u00fck \u0259ks\u0259riyy\u0259ti pulunu \u00c7ind\u0259n qazan\u0131r. Bu is\u0259 onu g\u00f6st\u0259rir ki, \u00c7ind\u0259 h\u0259m i\u015f\u00e7i q\u00fcvv\u0259si, h\u0259m d\u0259 m\u00fct\u0259x\u0259ssisl\u0259r \u00e7oxal\u0131r. N\u0259tic\u0259 \u00e7\u0131xarmal\u0131y\u0131q ki, biz onlar\u0131n m\u0259d\u0259niyy\u0259tini, dilini \u00f6yr\u0259nm\u0259liyik v\u0259 bu sah\u0259d\u0259 bizim t\u0259hsil sistemi d\u0259 f\u0259al olmal\u0131d\u0131r. M\u00fcqayis\u0259 \u00fc\u00e7\u00fcn deyim ki, G\u00fcrc\u00fcstan \u015firk\u0259tl\u0259ri \u00c7ind\u0259 \u00e7ox aktivdirl\u0259r, b\u00f6y\u00fck \u015f\u0259rab evl\u0259rin\u0259 malikdirl\u0259r. H\u0259min ticar\u0259t evl\u0259rind\u0259 g\u00fcrc\u00fc m\u00fct\u0259x\u0259ssisl\u0259r \u00f6zl\u0259ri \u00e7in dilind\u0259 dan\u0131\u015f\u0131r v\u0259 \u00f6z \u00f6lk\u0259l\u0259rinin t\u0259bli\u011fat\u0131n\u0131 daha d\u00fczg\u00fcn apar\u0131rlar. Biz is\u0259 m\u0259cbur olub \u00e7inlini g\u00f6t\u00fcr\u00fcr\u00fck, h\u0259min \u015f\u0259xs d\u0259 bizi \u00f6z\u00fcm\u00fcz kimi tan\u0131ya, sev\u0259 bilm\u0259z ax\u0131. Bu is\u0259 \u0259lb\u0259tt\u0259 apar\u0131lan t\u0259bli\u011fat\u0131n s\u0259viyy\u0259sin\u0259 t\u0259sir edir. G\u0259l\u0259c\u0259yi d\u00fc\u015f\u00fcns\u0259k, \u015eu\u015fada, Qaraba\u011fda turizm yerl\u0259ri a\u00e7\u0131landa bizd\u0259 \u00e7in dilind\u0259 bil\u0259nl\u0259rin \u00e7at\u0131\u015fmazl\u0131\u011f\u0131 yaranacaq. Hesab edir\u0259m ki, bununla ba\u011fl\u0131 indid\u0259n f\u0259aliyy\u0259timizi art\u0131rmal\u0131y\u0131q.<\/p>\n<p><strong>&#8211; Sahibkarlar\u0131m\u0131z \u00fc\u00e7\u00fcn maraql\u0131 ola bil\u0259c\u0259k bir m\u0259lumat\u0131 Sizd\u0259n e\u015fitm\u0259k ist\u0259rdik. \u00c7in bazar\u0131 \u00fc\u00e7\u00fcn hans\u0131 m\u0259hsullar\u0131m\u0131z maraql\u0131d\u0131r?<\/strong><\/p>\n<p>&#8211; Bu g\u00fcn \u015f\u0259rablar\u0131m\u0131z \u00c7in bazar\u0131nda m\u0259\u015fhurla\u015f\u0131r. \u00dcmumiyy\u0259tl\u0259, spirtli i\u00e7kil\u0259r bazar\u0131 \u00e7ox b\u00f6y\u00fckd\u00fcr. Eyni zamanda nardan haz\u0131rlanan m\u0259hsullar\u0131m\u0131z art\u0131q m\u0259\u015fhurla\u015f\u0131b. Qeyd edim ki, bu g\u00fcn d\u00fcnyada, o c\u00fcml\u0259d\u0259n \u00c7ind\u0259 orqanik m\u0259hsullara b\u00f6y\u00fck t\u0259l\u0259bat yaran\u0131b. Ona g\u00f6r\u0259 d\u0259 bu m\u0259hsullar\u0131m\u0131zla bazara girm\u0259k daha asan ola bil\u0259r. Bu m\u0259s\u0259l\u0259l\u0259rd\u0259 Az\u0259rbaycan Sahibkarlar Konfederasiyas\u0131n\u0131n n\u00fcmay\u0259nd\u0259si kimi sahibkarlar\u0131m\u0131za d\u0259st\u0259k verm\u0259y\u0259 haz\u0131r\u0131q.<\/p>\n","protected":false},"excerpt":{"rendered":"<p>Az\u0259rbaycan Sahibkarlar Konfederasiyas\u0131n\u0131n \u00c7in Xalq Respublikas\u0131ndak\u0131 n\u00fcmay\u0259nd\u0259si Vaqif Miri\u015fovun bu \u00f6lk\u0259d\u0259 \u201cMade in Azerbaijan\u201d brendinin tan\u0131d\u0131lmas\u0131 v\u0259 bazarda layiqli yer tutmas\u0131nda x\u00fcsusi \u0259m\u0259yi var. V.Miri\u015fov h\u0259m\u00e7inin Qaraba\u011f, \u015eu\u015fa, Xar\u0131 B\u00fclb\u00fcl brendl\u0259rinin m\u0259nfur qon\u015fular\u0131m\u0131z\u0131n \u0259lin\u0259 ke\u00e7m\u0259sinin qars\u0131s\u0131n\u0131 alaraq, onlar\u0131 brendl\u0259\u015fdirib. Bu f\u0259aliyy\u0259tin\u0259 g\u00f6r\u0259 Az\u0259rbaycan Sahibkarlar Konfederasiyas\u0131 Vaqif Miri\u015fovu \u201cF\u0259xri F\u0259rman\u201dla t\u0259ltif edib. Vaqif Miri\u015fov\u00a0ASK-n\u0131n suallar\u0131n\u0131 cavabland\u0131r\u0131b: &#8211; B\u0259zi \u00f6lk\u0259l\u0259rd\u0259 art\u0131q s\u0259rh\u0259dl\u0259r qism\u0259n d\u0259 olsa a\u00e7\u0131lma\u011fa ba\u015flay\u0131r. \u00c7in\u0259 biznes s\u0259f\u0259rl\u0259rinin d\u0259 yax\u0131n vaxtlarda b\u0259rpa olunmas\u0131 g\u00f6zl\u0259nilir. Haz\u0131rda Az\u0259rbaycandan \u00c7in\u0259 n\u0259 ixrac edirik, \u00c7ind\u0259 daha \u00e7ox hans\u0131 m\u0259hsullar\u0131m\u0131z al\u0131c\u0131 tapa bilib? &#8211; Pandemiya&hellip;<\/p>\n","protected":false},"author":2,"featured_media":334227,"comment_status":"closed","ping_status":"closed","sticky":false,"template":"","format":"standard","meta":{"om_disable_all_campaigns":false,"_monsterinsights_skip_tracking":false,"_monsterinsights_sitenote_active":false,"_monsterinsights_sitenote_note":"","_monsterinsights_sitenote_category":0},"categories":[26],"tags":[],"aioseo_notices":[],"gutentor_comment":0,"rttpg_featured_image_url":{"full":["https:\/\/arantv.az\/wp-content\/uploads\/2021\/05\/1.600.jpg",600,400,false],"landscape":["https:\/\/arantv.az\/wp-content\/uploads\/2021\/05\/1.600.jpg",600,400,false],"portraits":["https:\/\/arantv.az\/wp-content\/uploads\/2021\/05\/1.600.jpg",600,400,false],"thumbnail":["https:\/\/arantv.az\/wp-content\/uploads\/2021\/05\/1.600-500x280.jpg",500,280,true],"medium":["https:\/\/arantv.az\/wp-content\/uploads\/2021\/05\/1.600-548x365.jpg",548,365,true],"large":["https:\/\/arantv.az\/wp-content\/uploads\/2021\/05\/1.600.jpg",600,400,false],"1536x1536":["https:\/\/arantv.az\/wp-content\/uploads\/2021\/05\/1.600.jpg",600,400,false],"2048x2048":["https:\/\/arantv.az\/wp-content\/uploads\/2021\/05\/1.600.jpg",600,400,false],"post-thumbnail":["https:\/\/arantv.az\/wp-content\/uploads\/2021\/05\/1.600-240x172.jpg",240,172,true],"advps-thumb-one":["https:\/\/arantv.az\/wp-content\/uploads\/2021\/05\/1.600.jpg",600,400,false]},"rttpg_author":{"display_name":"V\u00fcsal Rafiqo\u011flu","author_link":"https:\/\/arantv.az\/?author=2"},"rttpg_comment":0,"rttpg_category":"<a href=\"https:\/\/arantv.az\/?cat=26\" rel=\"category\">Sosial<\/a>","rttpg_excerpt":"Az\u0259rbaycan Sahibkarlar Konfederasiyas\u0131n\u0131n \u00c7in Xalq Respublikas\u0131ndak\u0131 n\u00fcmay\u0259nd\u0259si Vaqif Miri\u015fovun bu \u00f6lk\u0259d\u0259 \u201cMade in Azerbaijan\u201d brendinin tan\u0131d\u0131lmas\u0131 v\u0259 bazarda layiqli yer tutmas\u0131nda x\u00fcsusi \u0259m\u0259yi var. V.Miri\u015fov h\u0259m\u00e7inin Qaraba\u011f, \u015eu\u015fa, Xar\u0131 B\u00fclb\u00fcl brendl\u0259rinin m\u0259nfur qon\u015fular\u0131m\u0131z\u0131n \u0259lin\u0259 ke\u00e7m\u0259sinin qars\u0131s\u0131n\u0131 alaraq, onlar\u0131 brendl\u0259\u015fdirib. Bu f\u0259aliyy\u0259tin\u0259 g\u00f6r\u0259 Az\u0259rbaycan Sahibkarlar Konfederasiyas\u0131 Vaqif Miri\u015fovu \u201cF\u0259xri F\u0259rman\u201dla t\u0259ltif edib. Vaqif Miri\u015fov\u00a0ASK-n\u0131n suallar\u0131n\u0131 cavabland\u0131r\u0131b:&hellip;","_links":{"self":[{"href":"https:\/\/arantv.az\/index.php?rest_route=\/wp\/v2\/posts\/334226"}],"collection":[{"href":"https:\/\/arantv.az\/index.php?rest_route=\/wp\/v2\/posts"}],"about":[{"href":"https:\/\/arantv.az\/index.php?rest_route=\/wp\/v2\/types\/post"}],"author":[{"embeddable":true,"href":"https:\/\/arantv.az\/index.php?rest_route=\/wp\/v2\/users\/2"}],"replies":[{"embeddable":true,"href":"https:\/\/arantv.az\/index.php?rest_route=%2Fwp%2Fv2%2Fcomments&post=334226"}],"version-history":[{"count":0,"href":"https:\/\/arantv.az\/index.php?rest_route=\/wp\/v2\/posts\/334226\/revisions"}],"wp:featuredmedia":[{"embeddable":true,"href":"https:\/\/arantv.az\/index.php?rest_route=\/wp\/v2\/media\/334227"}],"wp:attachment":[{"href":"https:\/\/arantv.az\/index.php?rest_route=%2Fwp%2Fv2%2Fmedia&parent=334226"}],"wp:term":[{"taxonomy":"category","embeddable":true,"href":"https:\/\/arantv.az\/index.php?rest_route=%2Fwp%2Fv2%2Fcategories&post=334226"},{"taxonomy":"post_tag","embeddable":true,"href":"https:\/\/arantv.az\/index.php?rest_route=%2Fwp%2Fv2%2Ftags&post=334226"}],"curies":[{"name":"wp","href":"https:\/\/api.w.org\/{rel}","templated":true}]}}