{"id":334433,"date":"2021-05-05T14:25:26","date_gmt":"2021-05-05T11:25:26","guid":{"rendered":"https:\/\/arantv.az\/?p=334433"},"modified":"2021-05-05T14:25:26","modified_gmt":"2021-05-05T11:25:26","slug":"ulu-ond%c9%99rin-xatir%c9%99si-onun-adini-dasiyan-zirv%c9%99d%c9%99-anilib-foto","status":"publish","type":"post","link":"https:\/\/arantv.az\/?p=334433","title":{"rendered":"Ulu \u00f6nd\u0259rin xatir\u0259si onun ad\u0131n\u0131 da\u015f\u0131yan zirv\u0259d\u0259 an\u0131l\u0131b &#8211; FOTO"},"content":{"rendered":"<p>\u201cAz\u0259rbaycan xalq\u0131n\u0131n \u00fcmummilli lideri, dahi \u015f\u0259xsiyy\u0259t Heyd\u0259r \u018fliyevin anadan olmas\u0131n\u0131n 98-ci ild\u00f6n\u00fcm\u00fc il\u0259 \u0259laq\u0259dar Az\u0259rbaycan da\u011f\u00e7\u0131lar\u0131ndan ibar\u0259t qrup \u201cHeyd\u0259r zirv\u0259si\u201dn\u0259 qalx\u0131b\u201d.<\/p>\n<p>Bu bar\u0259d\u0259 Ekologiya v\u0259 T\u0259bii S\u0259rv\u0259tl\u0259r Nazirliyinin m\u0259tbuat xidm\u0259tinin r\u0259hb\u0259ri \u0130rad\u0259 \u0130brahimova m\u0259lumat verib.<\/p>\n<p>O\u00a0qeyd edib ki, y\u00fcr\u00fc\u015f\u0259 AzTV, \u201cReal\u201d v\u0259 ARB televiziyalar\u0131n\u0131n \u0259m\u0259kda\u015flar\u0131 da qo\u015fulub:<\/p>\n<div id=\"AdviadNativeVideo0\" class=\"AdviadNativeVideo\"><\/div>\n<p>\u201cEkologiya v\u0259 t\u0259bii s\u0259rv\u0259tl\u0259r nazirinin m\u00fcavini Firdovsi \u018fliyevin r\u0259hb\u0259rlik etdiyi qrup \u00fczvl\u0259ri \u0259vv\u0259lc\u0259 F\u0259xri Xiyabanda \u00fcmummilli lider Heyd\u0259r \u018fliyevin xatir\u0259sini ehtiramla yad edib, m\u0259zar\u0131 \u00f6n\u00fcn\u0259 \u0259klil qoyub.<\/p>\n<p>B\u00f6y\u00fck Qafqaz\u0131n Ba\u015fda\u011f silsil\u0259sinin Q\u0131z\u0131l Qaya massivinin m\u00fcr\u0259kk\u0259b relyefin\u0259 baxmayaraq, qrup \u00fczvl\u0259ri y\u00fcks\u0259k \u0259hval-ruhiyy\u0259 v\u0259 q\u00fcrurla \u201cHeyd\u0259r zirv\u0259si\u201dn\u0259 qalxaraq dahi \u015f\u0259xsiyy\u0259tin barelyefi \u00f6n\u00fcn\u0259 g\u00fcl d\u0259st\u0259l\u0259ri d\u00fcz\u00fcb, ulu \u00f6nd\u0259rin \u0259ziz xatir\u0259sini yad edib v\u0259 Az\u0259rbaycan bayra\u011f\u0131n\u0131 dal\u011faland\u0131r\u0131blar\u201d.<\/p>\n<p>&nbsp;<\/p>\n<div class=\"gallery\">\n<div class=\"gallery-i\"><img src=\"https:\/\/cdn.oxu.az\/uploads\/W1siZiIsIjIwMjEvMDUvMDUvMTQvMDkvNDkvNjM1MGRhZTAtYmZhZC00Y2MyLWFjOGMtM2NjOGFiMzJjMWM2L1doYXRzQXBwIEltYWdlIDIwMjEtMDUtMDUgYXQgMTQuMDMuMDQgKDIpLmpwZWciXSxbInAiLCJlbmNvZGUiLCJqcGciLCItcXVhbGl0eSA4MCJdLFsicCIsInRodW1iIiwiNTkweDU5MFx1MDAzZSJdXQ?sha=3ae086fcbe0704dc\" alt=\"\" \/><\/p>\n<div class=\"gallery-i-caption\"><\/div>\n<\/div>\n<div class=\"gallery-i\"><img src=\"https:\/\/cdn.oxu.az\/uploads\/W1siZiIsIjIwMjEvMDUvMDUvMTQvMDkvNDkvNGQ5NzE5YTItYTVkYi00YzlmLTg4ZTEtOGI2ZjQ1ZDdiMWZkL1doYXRzQXBwIEltYWdlIDIwMjEtMDUtMDUgYXQgMTQuMDMuMDQuanBlZyJdLFsicCIsImVuY29kZSIsImpwZyIsIi1xdWFsaXR5IDgwIl0sWyJwIiwidGh1bWIiLCI1OTB4NTkwXHUwMDNlIl1d?sha=654c3d8933ec24c3\" alt=\"\" \/><\/p>\n<div class=\"gallery-i-caption\"><\/div>\n<\/div>\n<div class=\"gallery-i\"><img src=\"https:\/\/cdn.oxu.az\/uploads\/W1siZiIsIjIwMjEvMDUvMDUvMTQvMDkvNDkvZmJhNzA3NWMtNWI3Ny00N2IwLWI4ZjQtN2Y2YTcxNjI2YTc5L1doYXRzQXBwIEltYWdlIDIwMjEtMDUtMDUgYXQgMTQuMDMuMDMgKDEpLmpwZWciXSxbInAiLCJlbmNvZGUiLCJqcGciLCItcXVhbGl0eSA4MCJdLFsicCIsInRodW1iIiwiNTkweDU5MFx1MDAzZSJdXQ?sha=2334d84948724622\" alt=\"\" \/><\/p>\n<div class=\"gallery-i-caption\"><\/div>\n<\/div>\n<div class=\"gallery-i\"><img src=\"https:\/\/cdn.oxu.az\/uploads\/W1siZiIsIjIwMjEvMDUvMDUvMTQvMDkvNDkvMWZhYmE1ODQtMTQwNi00YWRmLTlmZWUtNDk3MjhlMzgwMGEyL1doYXRzQXBwIEltYWdlIDIwMjEtMDUtMDUgYXQgMTQuMDMuMDMuanBlZyJdLFsicCIsImVuY29kZSIsImpwZyIsIi1xdWFsaXR5IDgwIl0sWyJwIiwidGh1bWIiLCI1OTB4NTkwXHUwMDNlIl1d?sha=b3bf1bac84aec551\" alt=\"\" \/><\/div>\n<\/div>\n","protected":false},"excerpt":{"rendered":"<p>\u201cAz\u0259rbaycan xalq\u0131n\u0131n \u00fcmummilli lideri, dahi \u015f\u0259xsiyy\u0259t Heyd\u0259r \u018fliyevin anadan olmas\u0131n\u0131n 98-ci ild\u00f6n\u00fcm\u00fc il\u0259 \u0259laq\u0259dar Az\u0259rbaycan da\u011f\u00e7\u0131lar\u0131ndan ibar\u0259t qrup \u201cHeyd\u0259r zirv\u0259si\u201dn\u0259 qalx\u0131b\u201d. Bu bar\u0259d\u0259 Ekologiya v\u0259 T\u0259bii S\u0259rv\u0259tl\u0259r Nazirliyinin m\u0259tbuat xidm\u0259tinin r\u0259hb\u0259ri \u0130rad\u0259 \u0130brahimova m\u0259lumat verib. O\u00a0qeyd edib ki, y\u00fcr\u00fc\u015f\u0259 AzTV, \u201cReal\u201d v\u0259 ARB televiziyalar\u0131n\u0131n \u0259m\u0259kda\u015flar\u0131 da qo\u015fulub: \u201cEkologiya v\u0259 t\u0259bii s\u0259rv\u0259tl\u0259r nazirinin m\u00fcavini Firdovsi \u018fliyevin r\u0259hb\u0259rlik etdiyi qrup \u00fczvl\u0259ri \u0259vv\u0259lc\u0259 F\u0259xri Xiyabanda \u00fcmummilli lider Heyd\u0259r \u018fliyevin xatir\u0259sini ehtiramla yad edib, m\u0259zar\u0131 \u00f6n\u00fcn\u0259 \u0259klil qoyub. B\u00f6y\u00fck Qafqaz\u0131n Ba\u015fda\u011f silsil\u0259sinin Q\u0131z\u0131l Qaya massivinin m\u00fcr\u0259kk\u0259b relyefin\u0259 baxmayaraq, qrup \u00fczvl\u0259ri y\u00fcks\u0259k \u0259hval-ruhiyy\u0259 v\u0259 q\u00fcrurla&hellip;<\/p>\n","protected":false},"author":2,"featured_media":334434,"comment_status":"closed","ping_status":"closed","sticky":false,"template":"","format":"standard","meta":{"om_disable_all_campaigns":false,"_monsterinsights_skip_tracking":false,"_monsterinsights_sitenote_active":false,"_monsterinsights_sitenote_note":"","_monsterinsights_sitenote_category":0},"categories":[4],"tags":[],"aioseo_notices":[],"gutentor_comment":0,"rttpg_featured_image_url":{"full":["https:\/\/arantv.az\/wp-content\/uploads\/2021\/05\/WhatsApp-Image-2021-05-05-at-14.03.04-1.jpg",620,465,false],"landscape":["https:\/\/arantv.az\/wp-content\/uploads\/2021\/05\/WhatsApp-Image-2021-05-05-at-14.03.04-1.jpg",620,465,false],"portraits":["https:\/\/arantv.az\/wp-content\/uploads\/2021\/05\/WhatsApp-Image-2021-05-05-at-14.03.04-1.jpg",620,465,false],"thumbnail":["https:\/\/arantv.az\/wp-content\/uploads\/2021\/05\/WhatsApp-Image-2021-05-05-at-14.03.04-1-500x280.jpg",500,280,true],"medium":["https:\/\/arantv.az\/wp-content\/uploads\/2021\/05\/WhatsApp-Image-2021-05-05-at-14.03.04-1-487x365.jpg",487,365,true],"large":["https:\/\/arantv.az\/wp-content\/uploads\/2021\/05\/WhatsApp-Image-2021-05-05-at-14.03.04-1.jpg",620,465,false],"1536x1536":["https:\/\/arantv.az\/wp-content\/uploads\/2021\/05\/WhatsApp-Image-2021-05-05-at-14.03.04-1.jpg",620,465,false],"2048x2048":["https:\/\/arantv.az\/wp-content\/uploads\/2021\/05\/WhatsApp-Image-2021-05-05-at-14.03.04-1.jpg",620,465,false],"post-thumbnail":["https:\/\/arantv.az\/wp-content\/uploads\/2021\/05\/WhatsApp-Image-2021-05-05-at-14.03.04-1-240x172.jpg",240,172,true],"advps-thumb-one":["https:\/\/arantv.az\/wp-content\/uploads\/2021\/05\/WhatsApp-Image-2021-05-05-at-14.03.04-1.jpg",620,465,false]},"rttpg_author":{"display_name":"V\u00fcsal Rafiqo\u011flu","author_link":"https:\/\/arantv.az\/?author=2"},"rttpg_comment":0,"rttpg_category":"<a href=\"https:\/\/arantv.az\/?cat=4\" rel=\"category\">Siyas\u0259t<\/a>","rttpg_excerpt":"\u201cAz\u0259rbaycan xalq\u0131n\u0131n \u00fcmummilli lideri, dahi \u015f\u0259xsiyy\u0259t Heyd\u0259r \u018fliyevin anadan olmas\u0131n\u0131n 98-ci ild\u00f6n\u00fcm\u00fc il\u0259 \u0259laq\u0259dar Az\u0259rbaycan da\u011f\u00e7\u0131lar\u0131ndan ibar\u0259t qrup \u201cHeyd\u0259r zirv\u0259si\u201dn\u0259 qalx\u0131b\u201d. Bu bar\u0259d\u0259 Ekologiya v\u0259 T\u0259bii S\u0259rv\u0259tl\u0259r Nazirliyinin m\u0259tbuat xidm\u0259tinin r\u0259hb\u0259ri \u0130rad\u0259 \u0130brahimova m\u0259lumat verib. O\u00a0qeyd edib ki, y\u00fcr\u00fc\u015f\u0259 AzTV, \u201cReal\u201d v\u0259 ARB televiziyalar\u0131n\u0131n \u0259m\u0259kda\u015flar\u0131 da qo\u015fulub: \u201cEkologiya v\u0259 t\u0259bii s\u0259rv\u0259tl\u0259r nazirinin m\u00fcavini Firdovsi \u018fliyevin&hellip;","_links":{"self":[{"href":"https:\/\/arantv.az\/index.php?rest_route=\/wp\/v2\/posts\/334433"}],"collection":[{"href":"https:\/\/arantv.az\/index.php?rest_route=\/wp\/v2\/posts"}],"about":[{"href":"https:\/\/arantv.az\/index.php?rest_route=\/wp\/v2\/types\/post"}],"author":[{"embeddable":true,"href":"https:\/\/arantv.az\/index.php?rest_route=\/wp\/v2\/users\/2"}],"replies":[{"embeddable":true,"href":"https:\/\/arantv.az\/index.php?rest_route=%2Fwp%2Fv2%2Fcomments&post=334433"}],"version-history":[{"count":0,"href":"https:\/\/arantv.az\/index.php?rest_route=\/wp\/v2\/posts\/334433\/revisions"}],"wp:featuredmedia":[{"embeddable":true,"href":"https:\/\/arantv.az\/index.php?rest_route=\/wp\/v2\/media\/334434"}],"wp:attachment":[{"href":"https:\/\/arantv.az\/index.php?rest_route=%2Fwp%2Fv2%2Fmedia&parent=334433"}],"wp:term":[{"taxonomy":"category","embeddable":true,"href":"https:\/\/arantv.az\/index.php?rest_route=%2Fwp%2Fv2%2Fcategories&post=334433"},{"taxonomy":"post_tag","embeddable":true,"href":"https:\/\/arantv.az\/index.php?rest_route=%2Fwp%2Fv2%2Ftags&post=334433"}],"curies":[{"name":"wp","href":"https:\/\/api.w.org\/{rel}","templated":true}]}}