{"id":334436,"date":"2021-05-05T14:26:01","date_gmt":"2021-05-05T11:26:01","guid":{"rendered":"https:\/\/arantv.az\/?p=334436"},"modified":"2021-05-05T14:26:01","modified_gmt":"2021-05-05T11:26:01","slug":"guclu-kul%c9%99k-sumqayitda-f%c9%99sadlar-tor%c9%99dib-video","status":"publish","type":"post","link":"https:\/\/arantv.az\/?p=334436","title":{"rendered":"G\u00fccl\u00fc k\u00fcl\u0259k Sumqay\u0131tda f\u0259sadlar t\u00f6r\u0259dib &#8211; V\u0130DEO"},"content":{"rendered":"<article class=\"news\">\n<div class=\"news-inner\">\n<p>Sumqay\u0131t \u015f\u0259h\u0259rind\u0259 g\u00fccl\u00fc k\u00fcl\u0259k f\u0259sadlar t\u00f6r\u0259tm\u0259y\u0259 davam edir.<\/p>\n<div id=\"AdviadNativeVideo0\" class=\"AdviadNativeVideo\"><\/div>\n<p>Baku TV x\u0259b\u0259r verir ki, \u0259s\u0259n g\u00fccl\u00fc k\u00fcl\u0259yin t\u0259siri n\u0259tic\u0259sind\u0259 \u015f\u0259h\u0259rin 12-ci mikrorayon \u0259razisind\u0259 iri g\u00f6vd\u0259li \u00c7inar a\u011fac\u0131n\u0131n bir buda\u011f\u0131 q\u0131r\u0131laraq minik avtomobill\u0259rin \u00fcz\u0259rin\u0259 a\u015f\u0131b. Hadis\u0259 zaman\u0131 avtomobill\u0259r\u0259 ciddi ziyan d\u0259yib.<\/p>\n<p>\u018fraziy\u0259 M\u0259nzil Kommunal \u0130stismar \u0130dar\u0259sinin v\u0259 Ya\u015f\u0131lla\u015fd\u0131rma idar\u0259sinin \u0259m\u0259kda\u015flar\u0131 bax\u0131\u015f ke\u00e7irib. A\u011faclar k\u0259sil\u0259r\u0259k \u0259razid\u0259n da\u015f\u0131n\u0131b.<\/p>\n<div><iframe loading=\"lazy\" title=\"YouTube video player\" src=\"https:\/\/www.youtube.com\/embed\/b_WK9f_ISFc\" width=\"560\" height=\"315\" frameborder=\"0\" allowfullscreen=\"allowfullscreen\" data-mce-fragment=\"1\"><\/iframe><\/div>\n<\/div>\n<\/article>\n<h2 class=\"news-share-title\"><\/h2>\n","protected":false},"excerpt":{"rendered":"<p>Sumqay\u0131t \u015f\u0259h\u0259rind\u0259 g\u00fccl\u00fc k\u00fcl\u0259k f\u0259sadlar t\u00f6r\u0259tm\u0259y\u0259 davam edir. Baku TV x\u0259b\u0259r verir ki, \u0259s\u0259n g\u00fccl\u00fc k\u00fcl\u0259yin t\u0259siri n\u0259tic\u0259sind\u0259 \u015f\u0259h\u0259rin 12-ci mikrorayon \u0259razisind\u0259 iri g\u00f6vd\u0259li \u00c7inar a\u011fac\u0131n\u0131n bir buda\u011f\u0131 q\u0131r\u0131laraq minik avtomobill\u0259rin \u00fcz\u0259rin\u0259 a\u015f\u0131b. Hadis\u0259 zaman\u0131 avtomobill\u0259r\u0259 ciddi ziyan d\u0259yib. \u018fraziy\u0259 M\u0259nzil Kommunal \u0130stismar \u0130dar\u0259sinin v\u0259 Ya\u015f\u0131lla\u015fd\u0131rma idar\u0259sinin \u0259m\u0259kda\u015flar\u0131 bax\u0131\u015f ke\u00e7irib. A\u011faclar k\u0259sil\u0259r\u0259k \u0259razid\u0259n da\u015f\u0131n\u0131b.<\/p>\n","protected":false},"author":2,"featured_media":334437,"comment_status":"closed","ping_status":"closed","sticky":false,"template":"","format":"standard","meta":{"om_disable_all_campaigns":false,"_monsterinsights_skip_tracking":false,"_monsterinsights_sitenote_active":false,"_monsterinsights_sitenote_note":"","_monsterinsights_sitenote_category":0},"categories":[26],"tags":[],"aioseo_notices":[],"gutentor_comment":0,"rttpg_featured_image_url":{"full":["https:\/\/arantv.az\/wp-content\/uploads\/2021\/05\/kulek-2.jpg",620,364,false],"landscape":["https:\/\/arantv.az\/wp-content\/uploads\/2021\/05\/kulek-2.jpg",620,364,false],"portraits":["https:\/\/arantv.az\/wp-content\/uploads\/2021\/05\/kulek-2.jpg",620,364,false],"thumbnail":["https:\/\/arantv.az\/wp-content\/uploads\/2021\/05\/kulek-2-500x280.jpg",500,280,true],"medium":["https:\/\/arantv.az\/wp-content\/uploads\/2021\/05\/kulek-2.jpg",620,364,false],"large":["https:\/\/arantv.az\/wp-content\/uploads\/2021\/05\/kulek-2.jpg",620,364,false],"1536x1536":["https:\/\/arantv.az\/wp-content\/uploads\/2021\/05\/kulek-2.jpg",620,364,false],"2048x2048":["https:\/\/arantv.az\/wp-content\/uploads\/2021\/05\/kulek-2.jpg",620,364,false],"post-thumbnail":["https:\/\/arantv.az\/wp-content\/uploads\/2021\/05\/kulek-2-240x172.jpg",240,172,true],"advps-thumb-one":["https:\/\/arantv.az\/wp-content\/uploads\/2021\/05\/kulek-2.jpg",620,364,false]},"rttpg_author":{"display_name":"V\u00fcsal Rafiqo\u011flu","author_link":"https:\/\/arantv.az\/?author=2"},"rttpg_comment":0,"rttpg_category":"<a href=\"https:\/\/arantv.az\/?cat=26\" rel=\"category\">Sosial<\/a>","rttpg_excerpt":"Sumqay\u0131t \u015f\u0259h\u0259rind\u0259 g\u00fccl\u00fc k\u00fcl\u0259k f\u0259sadlar t\u00f6r\u0259tm\u0259y\u0259 davam edir. Baku TV x\u0259b\u0259r verir ki, \u0259s\u0259n g\u00fccl\u00fc k\u00fcl\u0259yin t\u0259siri n\u0259tic\u0259sind\u0259 \u015f\u0259h\u0259rin 12-ci mikrorayon \u0259razisind\u0259 iri g\u00f6vd\u0259li \u00c7inar a\u011fac\u0131n\u0131n bir buda\u011f\u0131 q\u0131r\u0131laraq minik avtomobill\u0259rin \u00fcz\u0259rin\u0259 a\u015f\u0131b. Hadis\u0259 zaman\u0131 avtomobill\u0259r\u0259 ciddi ziyan d\u0259yib. \u018fraziy\u0259 M\u0259nzil Kommunal \u0130stismar \u0130dar\u0259sinin v\u0259 Ya\u015f\u0131lla\u015fd\u0131rma idar\u0259sinin \u0259m\u0259kda\u015flar\u0131 bax\u0131\u015f ke\u00e7irib. A\u011faclar k\u0259sil\u0259r\u0259k \u0259razid\u0259n da\u015f\u0131n\u0131b.","_links":{"self":[{"href":"https:\/\/arantv.az\/index.php?rest_route=\/wp\/v2\/posts\/334436"}],"collection":[{"href":"https:\/\/arantv.az\/index.php?rest_route=\/wp\/v2\/posts"}],"about":[{"href":"https:\/\/arantv.az\/index.php?rest_route=\/wp\/v2\/types\/post"}],"author":[{"embeddable":true,"href":"https:\/\/arantv.az\/index.php?rest_route=\/wp\/v2\/users\/2"}],"replies":[{"embeddable":true,"href":"https:\/\/arantv.az\/index.php?rest_route=%2Fwp%2Fv2%2Fcomments&post=334436"}],"version-history":[{"count":0,"href":"https:\/\/arantv.az\/index.php?rest_route=\/wp\/v2\/posts\/334436\/revisions"}],"wp:featuredmedia":[{"embeddable":true,"href":"https:\/\/arantv.az\/index.php?rest_route=\/wp\/v2\/media\/334437"}],"wp:attachment":[{"href":"https:\/\/arantv.az\/index.php?rest_route=%2Fwp%2Fv2%2Fmedia&parent=334436"}],"wp:term":[{"taxonomy":"category","embeddable":true,"href":"https:\/\/arantv.az\/index.php?rest_route=%2Fwp%2Fv2%2Fcategories&post=334436"},{"taxonomy":"post_tag","embeddable":true,"href":"https:\/\/arantv.az\/index.php?rest_route=%2Fwp%2Fv2%2Ftags&post=334436"}],"curies":[{"name":"wp","href":"https:\/\/api.w.org\/{rel}","templated":true}]}}