{"id":334443,"date":"2021-05-05T14:28:07","date_gmt":"2021-05-05T11:28:07","guid":{"rendered":"https:\/\/arantv.az\/?p=334443"},"modified":"2021-05-05T14:28:07","modified_gmt":"2021-05-05T11:28:07","slug":"qarabagda-muzdlu-kimi-doyus%c9%99n-livan-v%c9%99t%c9%99ndasinin-istintaqi-yekunlasib","status":"publish","type":"post","link":"https:\/\/arantv.az\/?p=334443","title":{"rendered":"Qaraba\u011fda muzdlu kimi d\u00f6y\u00fc\u015f\u0259n Livan v\u0259t\u0259nda\u015f\u0131n\u0131n istintaq\u0131 yekunla\u015f\u0131b"},"content":{"rendered":"<p><strong>D\u00f6vl\u0259t T\u0259hl\u00fck\u0259sizliyi Xidm\u0259ti v\u0259 Ba\u015f Prokurorluq birg\u0259 m\u0259lumat yay\u0131b.<\/strong><\/p>\n<p><strong>ARANTV.AZ<\/strong>\u00a0 <a href=\"https:\/\/az.trend.az\/\" target=\"_blank\" rel=\"noopener\">Trend<\/a>-\u0259 istinad\u0259n bildirir ki,\u00a0Prezident, Ali Ba\u015f Komandan c\u0259nab \u0130lham \u018fliyevin r\u0259hb\u0259rliyi il\u0259 Az\u0259rbaycan Respublikas\u0131 \u0259razil\u0259rinin i\u015f\u011faldan azad olunmas\u0131 v\u0259 \u0259razi b\u00fct\u00f6vl\u00fcy\u00fcn\u00fcn b\u0259rpas\u0131 namin\u0259 44 g\u00fcnl\u00fck V\u0259t\u0259n m\u00fcharib\u0259si zaman\u0131 xalq\u0131m\u0131z\u0131n q\u00fcdr\u0259tinin v\u0259 milli q\u00fcrurumuzun t\u0259nt\u0259n\u0259sin\u0259 \u00e7evril\u0259n Z\u0259f\u0259r \u0259ld\u0259 olunub.<\/p>\n<p>Silahl\u0131 q\u00fcvv\u0259l\u0259rimizin qar\u015f\u0131s\u0131nda duru\u015f g\u0259tir\u0259 bilm\u0259y\u0259c\u0259yini anlayan Erm\u0259nistan Respublikas\u0131n\u0131n h\u0259rbi-siyasi r\u0259hb\u0259rliyi h\u0259r c\u00fcr cinay\u0259tkar \u0259m\u0259ll\u0259r t\u00f6r\u0259tm\u0259kl\u0259 yana\u015f\u0131, beyn\u0259lxalq h\u00fcququn \u0259sas norma v\u0259 prinsipl\u0259rini kobud \u015f\u0259kild\u0259 pozaraq muzdlulardan silahl\u0131 q\u00fcvv\u0259l\u0259rin t\u0259rkibind\u0259 istifad\u0259 etm\u0259kl\u0259 ordumuza v\u0259 dinc \u0259halimiz\u0259 qar\u015f\u0131 \u00e7oxsayl\u0131 t\u0259xribatlara \u0259l atm\u0131\u015fd\u0131r.<\/p>\n<p>Bel\u0259 ki, Livan Respublikas\u0131n\u0131n v\u0259t\u0259nda\u015f\u0131 Eulcekcian Viken Abraham v\u0259 qeyril\u0259rinin maddi m\u00fckafat m\u00fcqabilind\u0259 muzdlu kimi m\u00fct\u0259\u015f\u0259kkil d\u0259st\u0259 hal\u0131nda birl\u0259\u015fib Erm\u0259nistan Silahl\u0131 Q\u00fcvv\u0259l\u0259ri t\u0259rkibind\u0259 Az\u0259rbaycan Respublikas\u0131 v\u0259t\u0259nda\u015flar\u0131na qar\u015f\u0131 terror\u00e7uluq f\u0259aliyy\u0259tind\u0259 i\u015ftirak etm\u0259l\u0259ri faktlar\u0131 \u0259sas\u0131nda Az\u0259rbaycan Respublikas\u0131 D\u00f6vl\u0259t T\u0259hl\u00fck\u0259sizliyi Xidm\u0259tinin \u0130stintaq Ba\u015f \u0130dar\u0259sind\u0259 Cinay\u0259t M\u0259c\u0259ll\u0259sinin m\u00fcvafiq madd\u0259l\u0259ri il\u0259 ba\u015flanm\u0131\u015f cinay\u0259t i\u015fi \u00fczr\u0259 istintaq yekunla\u015fd\u0131r\u0131lm\u0131\u015fd\u0131r.<\/p>\n<p>\u0130stintaqla m\u00fc\u0259yy\u0259n edilmi\u015fdir ki, 1979-cu il t\u0259v\u0259ll\u00fcdl\u00fc, Livan Respublikas\u0131n\u0131n v\u0259t\u0259nda\u015f\u0131, Beyrut \u015f\u0259h\u0259r sakini Eulcekcian Viken Abraham 29 sentyabr 2020-ci il tarixd\u0259 Livan Respublikas\u0131n\u0131n v\u0259t\u0259nda\u015f\u0131 Hovak Kikiyan\u0131n ilkin olaraq 2500 AB\u015e dollar\u0131 m\u0259bl\u0259\u011find\u0259 maddi m\u00fckafat m\u00fcqabilind\u0259 muzdlu kimi Az\u0259rbaycan Respublikas\u0131n\u0131n i\u015f\u011fal alt\u0131nda olmu\u015f \u0259razil\u0259rind\u0259 h\u0259rbi \u0259m\u0259liyyatlarda i\u015ftirak etm\u0259k t\u0259klifini q\u0259bul etmi\u015f, bu m\u0259qs\u0259dl\u0259 h\u0259min g\u00fcn dig\u0259r \u015f\u0259xsl\u0259rl\u0259 m\u00fct\u0259\u015f\u0259kkil d\u0259st\u0259 hal\u0131nda q\u0259sd\u0259n Erm\u0259nistan \u0259razisind\u0259n Az\u0259rbaycan Respublikas\u0131n\u0131n m\u00fchafiz\u0259 olunan d\u00f6vl\u0259t s\u0259rh\u0259dini n\u0259zar\u0259t-burax\u0131l\u0131\u015f m\u0259nt\u0259q\u0259l\u0259rind\u0259n k\u0259narda ke\u00e7ib dig\u0259r muzdlular\u0131n da oldu\u011fu \u0259razil\u0259r\u0259 g\u0259lmi\u015fdir.<\/p>\n<p>H\u0259m\u00e7inin, Viken Eulcekcian v\u0259 maddi m\u00fckafat m\u00fcqabilind\u0259 muzdlu kimi d\u00f6y\u00fc\u015f\u0259n dig\u0259r \u015f\u0259xsl\u0259r Az\u0259rbaycan Respublikas\u0131n\u0131n qanunvericiliyi il\u0259 n\u0259z\u0259rd\u0259 tutulmayan silahl\u0131 birl\u0259\u015fm\u0259l\u0259rin t\u0259kibind\u0259 qanunsuz olaraq \u0259ld\u0259 etdikl\u0259ri odlu silahlardan, d\u00f6y\u00fc\u015f sursatlar\u0131ndan v\u0259 komplekt hiss\u0259l\u0259rind\u0259n istifad\u0259 etm\u0259kl\u0259 Az\u0259rbaycan Respublikas\u0131 v\u0259t\u0259nda\u015flar\u0131 v\u0259 Ordusuna qar\u015f\u0131 terror\u00e7uluq f\u0259aliyy\u0259tind\u0259 i\u015ftirak etmi\u015fl\u0259r.<\/p>\n<div>\n<div id=\"AdviadNativeVideo0\" class=\"AdviadNativeVideo\"><\/div>\n<\/div>\n<p>T\u00f6r\u0259tdiyi cinay\u0259t \u0259m\u0259ll\u0259rin\u0259 g\u00f6r\u0259 Viken Eulcekciana Az\u0259rbaycan Respublikas\u0131 Cinay\u0259t M\u0259c\u0259ll\u0259sinin 114.3-c\u00fc (muzdlunun h\u0259rbi m\u00fcnaqi\u015f\u0259d\u0259 v\u0259 ya h\u0259rbi \u0259m\u0259liyyatlarda i\u015ftirak\u0131), 214.2.1-ci (terror\u00e7uluq qabaqcadan \u0259lbir olan bir qrup \u015f\u0259xs, m\u00fct\u0259\u015f\u0259kkil d\u0259st\u0259 v\u0259 ya cinay\u0259tkar birlik (cinay\u0259tkar t\u0259\u015fkilat) t\u0259r\u0259find\u0259n t\u00f6r\u0259dildikd\u0259), 318.2-ci (Az\u0259rbaycan Respublikas\u0131n\u0131n d\u00f6vl\u0259t s\u0259rh\u0259dini qanunsuz olaraq ke\u00e7m\u0259) v\u0259 dig\u0259r madd\u0259l\u0259rind\u0259 n\u0259z\u0259rd\u0259 tutulan ittiham elan edil\u0259r\u0259k bar\u0259sind\u0259 m\u0259hk\u0259m\u0259nin q\u0259rar\u0131 il\u0259 h\u0259bs q\u0259timkan t\u0259dbiri se\u00e7ilmi\u015fdir.<\/p>\n<p>05.05.2021-ci il tarixd\u0259 cinay\u0259t i\u015fi \u00fczr\u0259 ittiham akt\u0131 t\u0259sdiq edil\u0259r\u0259k bax\u0131lmas\u0131 \u00fc\u00e7\u00fcn m\u0259hk\u0259m\u0259y\u0259 g\u00f6nd\u0259rilmi\u015fdir.<\/p>\n","protected":false},"excerpt":{"rendered":"<p>D\u00f6vl\u0259t T\u0259hl\u00fck\u0259sizliyi Xidm\u0259ti v\u0259 Ba\u015f Prokurorluq birg\u0259 m\u0259lumat yay\u0131b. ARANTV.AZ\u00a0 Trend-\u0259 istinad\u0259n bildirir ki,\u00a0Prezident, Ali Ba\u015f Komandan c\u0259nab \u0130lham \u018fliyevin r\u0259hb\u0259rliyi il\u0259 Az\u0259rbaycan Respublikas\u0131 \u0259razil\u0259rinin i\u015f\u011faldan azad olunmas\u0131 v\u0259 \u0259razi b\u00fct\u00f6vl\u00fcy\u00fcn\u00fcn b\u0259rpas\u0131 namin\u0259 44 g\u00fcnl\u00fck V\u0259t\u0259n m\u00fcharib\u0259si zaman\u0131 xalq\u0131m\u0131z\u0131n q\u00fcdr\u0259tinin v\u0259 milli q\u00fcrurumuzun t\u0259nt\u0259n\u0259sin\u0259 \u00e7evril\u0259n Z\u0259f\u0259r \u0259ld\u0259 olunub. Silahl\u0131 q\u00fcvv\u0259l\u0259rimizin qar\u015f\u0131s\u0131nda duru\u015f g\u0259tir\u0259 bilm\u0259y\u0259c\u0259yini anlayan Erm\u0259nistan Respublikas\u0131n\u0131n h\u0259rbi-siyasi r\u0259hb\u0259rliyi h\u0259r c\u00fcr cinay\u0259tkar \u0259m\u0259ll\u0259r t\u00f6r\u0259tm\u0259kl\u0259 yana\u015f\u0131, beyn\u0259lxalq h\u00fcququn \u0259sas norma v\u0259 prinsipl\u0259rini kobud \u015f\u0259kild\u0259 pozaraq muzdlulardan silahl\u0131 q\u00fcvv\u0259l\u0259rin t\u0259rkibind\u0259 istifad\u0259 etm\u0259kl\u0259 ordumuza v\u0259 dinc \u0259halimiz\u0259 qar\u015f\u0131 \u00e7oxsayl\u0131 t\u0259xribatlara \u0259l atm\u0131\u015fd\u0131r. Bel\u0259&hellip;<\/p>\n","protected":false},"author":2,"featured_media":334444,"comment_status":"closed","ping_status":"closed","sticky":false,"template":"","format":"standard","meta":{"om_disable_all_campaigns":false,"_monsterinsights_skip_tracking":false,"_monsterinsights_sitenote_active":false,"_monsterinsights_sitenote_note":"","_monsterinsights_sitenote_category":0},"categories":[26],"tags":[],"aioseo_notices":[],"gutentor_comment":0,"rttpg_featured_image_url":{"full":["https:\/\/arantv.az\/wp-content\/uploads\/2021\/05\/946006.jpg",1200,900,false],"landscape":["https:\/\/arantv.az\/wp-content\/uploads\/2021\/05\/946006.jpg",1200,900,false],"portraits":["https:\/\/arantv.az\/wp-content\/uploads\/2021\/05\/946006.jpg",1200,900,false],"thumbnail":["https:\/\/arantv.az\/wp-content\/uploads\/2021\/05\/946006-500x280.jpg",500,280,true],"medium":["https:\/\/arantv.az\/wp-content\/uploads\/2021\/05\/946006-487x365.jpg",487,365,true],"large":["https:\/\/arantv.az\/wp-content\/uploads\/2021\/05\/946006-840x630.jpg",640,480,true],"1536x1536":["https:\/\/arantv.az\/wp-content\/uploads\/2021\/05\/946006.jpg",1200,900,false],"2048x2048":["https:\/\/arantv.az\/wp-content\/uploads\/2021\/05\/946006.jpg",1200,900,false],"post-thumbnail":["https:\/\/arantv.az\/wp-content\/uploads\/2021\/05\/946006-240x172.jpg",240,172,true],"advps-thumb-one":["https:\/\/arantv.az\/wp-content\/uploads\/2021\/05\/946006-1200x620.jpg",1200,620,true]},"rttpg_author":{"display_name":"V\u00fcsal Rafiqo\u011flu","author_link":"https:\/\/arantv.az\/?author=2"},"rttpg_comment":0,"rttpg_category":"<a href=\"https:\/\/arantv.az\/?cat=26\" rel=\"category\">Sosial<\/a>","rttpg_excerpt":"D\u00f6vl\u0259t T\u0259hl\u00fck\u0259sizliyi Xidm\u0259ti v\u0259 Ba\u015f Prokurorluq birg\u0259 m\u0259lumat yay\u0131b. ARANTV.AZ\u00a0 Trend-\u0259 istinad\u0259n bildirir ki,\u00a0Prezident, Ali Ba\u015f Komandan c\u0259nab \u0130lham \u018fliyevin r\u0259hb\u0259rliyi il\u0259 Az\u0259rbaycan Respublikas\u0131 \u0259razil\u0259rinin i\u015f\u011faldan azad olunmas\u0131 v\u0259 \u0259razi b\u00fct\u00f6vl\u00fcy\u00fcn\u00fcn b\u0259rpas\u0131 namin\u0259 44 g\u00fcnl\u00fck V\u0259t\u0259n m\u00fcharib\u0259si zaman\u0131 xalq\u0131m\u0131z\u0131n q\u00fcdr\u0259tinin v\u0259 milli q\u00fcrurumuzun t\u0259nt\u0259n\u0259sin\u0259 \u00e7evril\u0259n Z\u0259f\u0259r \u0259ld\u0259 olunub. Silahl\u0131 q\u00fcvv\u0259l\u0259rimizin qar\u015f\u0131s\u0131nda duru\u015f g\u0259tir\u0259 bilm\u0259y\u0259c\u0259yini anlayan&hellip;","_links":{"self":[{"href":"https:\/\/arantv.az\/index.php?rest_route=\/wp\/v2\/posts\/334443"}],"collection":[{"href":"https:\/\/arantv.az\/index.php?rest_route=\/wp\/v2\/posts"}],"about":[{"href":"https:\/\/arantv.az\/index.php?rest_route=\/wp\/v2\/types\/post"}],"author":[{"embeddable":true,"href":"https:\/\/arantv.az\/index.php?rest_route=\/wp\/v2\/users\/2"}],"replies":[{"embeddable":true,"href":"https:\/\/arantv.az\/index.php?rest_route=%2Fwp%2Fv2%2Fcomments&post=334443"}],"version-history":[{"count":0,"href":"https:\/\/arantv.az\/index.php?rest_route=\/wp\/v2\/posts\/334443\/revisions"}],"wp:featuredmedia":[{"embeddable":true,"href":"https:\/\/arantv.az\/index.php?rest_route=\/wp\/v2\/media\/334444"}],"wp:attachment":[{"href":"https:\/\/arantv.az\/index.php?rest_route=%2Fwp%2Fv2%2Fmedia&parent=334443"}],"wp:term":[{"taxonomy":"category","embeddable":true,"href":"https:\/\/arantv.az\/index.php?rest_route=%2Fwp%2Fv2%2Fcategories&post=334443"},{"taxonomy":"post_tag","embeddable":true,"href":"https:\/\/arantv.az\/index.php?rest_route=%2Fwp%2Fv2%2Ftags&post=334443"}],"curies":[{"name":"wp","href":"https:\/\/api.w.org\/{rel}","templated":true}]}}