{"id":334446,"date":"2021-05-05T14:29:07","date_gmt":"2021-05-05T11:29:07","guid":{"rendered":"https:\/\/arantv.az\/?p=334446"},"modified":"2021-05-05T14:29:07","modified_gmt":"2021-05-05T11:29:07","slug":"erm%c9%99nistanda-secki-%c9%99r%c9%99f%c9%99sind%c9%99-ictimai-siyasi-v%c9%99ziyy%c9%99t-g%c9%99rginl%c9%99sm%c9%99kd%c9%99dir","status":"publish","type":"post","link":"https:\/\/arantv.az\/?p=334446","title":{"rendered":"Erm\u0259nistanda se\u00e7ki \u0259r\u0259f\u0259sind\u0259 ictimai-siyasi v\u0259ziyy\u0259t g\u0259rginl\u0259\u015fm\u0259kd\u0259dir"},"content":{"rendered":"<p>Erm\u0259nistanda 20 iyunda ke\u00e7iril\u0259c\u0259k parlament se\u00e7kil\u0259ri \u00f6nc\u0259si ictimai-siyasi v\u0259ziyy\u0259t g\u00fcnd\u0259n-g\u00fcn\u0259 g\u0259rginl\u0259\u015fm\u0259kd\u0259dir. Bunun \u0259sas\u0131nda bir ne\u00e7\u0259 amil dayan\u0131r.<\/p>\n<p><strong>ARANTV.AZ<\/strong> bildirir ki, bunu <a href=\"https:\/\/az.trend.az\/\" target=\"_blank\" rel=\"noopener\">Trend<\/a>-\u0259\u00a0Milli M\u0259clisin deputat\u0131 Az\u0259r Badamov deyib.<\/p>\n<p><img src=\"https:\/\/img.milli.az\/2021\/05\/05\/945893.jpg\" alt=\"\" \/><\/p>\n<p>Deputat bildirib ki, birincisi, uzun ill\u0259r Erm\u0259nistan hakimiyy\u0259ti \u00f6z xalq\u0131n\u0131 Qaraba\u011fdak\u0131 i\u015f\u011fal\u0131 il\u0259 aldadaraq d\u00f6vl\u0259ti talan edib: &#8220;28 il Erm\u0259nistanda hakimiyy\u0259t ba\u015f\u0131nda dayananlar m\u0259\u011flub edilm\u0259z ordu yaratmaq ad\u0131 alt\u0131nda b\u00fcdc\u0259ni talayaraq \u00f6lk\u0259ni m\u00fcflisl\u0259\u015fdirib.<\/p>\n<p>\u0130kinci amil is\u0259 44 g\u00fcnl\u00fck m\u00fcharib\u0259d\u0259 Az\u0259rbaycan ordusunun b\u00f6y\u00fck q\u0259l\u0259b\u0259si v\u0259 Erm\u0259nistan ordusunun m\u0259hv edilm\u0259sidir. 27 sentyabrda ba\u015flayan V\u0259t\u0259n m\u00fcharib\u0259sind\u0259 Az\u0259rbaycan ordusu h\u0259r g\u00fcn q\u0259l\u0259b\u0259y\u0259 imza at\u0131rd\u0131. \u00d6z\u00fcnd\u0259n arxay\u0131n ko\u00e7\u0259ryanlar, sarkisyanlar v\u0259 ohanyanlar g\u00f6rd\u00fcl\u0259r ki, q\u0131\u011f\u0131lc\u0131m s\u00fcr\u0259ti il\u0259 ir\u0259lil\u0259y\u0259n Az\u0259rbaycan ordusuna qar\u015f\u0131 d\u00f6y\u00fc\u015fm\u0259k xam x\u0259yald\u0131r v\u0259 birinci olaraq d\u00f6y\u00fc\u015f meydan\u0131ndan \u00f6zl\u0259ri qa\u00e7d\u0131lar&#8221;.<\/p>\n<p>Deputat\u0131n s\u00f6zl\u0259rin\u0259 g\u00f6r\u0259, \u00fc\u00e7\u00fcnc\u00fc amil is\u0259 Erm\u0259nistan\u0131n i\u015f\u011fal\u00e7\u0131l\u0131q siyas\u0259ti n\u0259tic\u0259sind\u0259 beyn\u0259lxalq layih\u0259l\u0259rd\u0259n t\u0259crid olunmas\u0131d\u0131r:<\/p>\n<p>&#8220;T\u0259bii ki, Erm\u0259nistan\u0131n b\u00fct\u00fcn u\u011fusuzluqlar\u0131n\u0131n t\u0259m\u0259lind\u0259 erm\u0259ni hakimiyy\u0259tinin xain siyas\u0259ti dayan\u0131r. Torpaqlar\u0131m\u0131z\u0131n uzun ill\u0259r i\u015f\u011fal alt\u0131nda saxlanmas\u0131na g\u00f6r\u0259 Erm\u0259nistan\u0131 h\u0259yata ke\u00e7irdiyimiz b\u00fct\u00fcn beyn\u0259lxalq layih\u0259l\u0259rd\u0259n t\u0259crid etdik. Bu ill\u0259r \u0259rzind\u0259 Erm\u0259nistan iqtisadiyyat\u0131 m\u0259hv olub. Erm\u0259nistan\u0131n xarici \u00f6lk\u0259l\u0259rl\u0259 iqtisadi \u0259laq\u0259l\u0259r yaratmaq imkanlar\u0131ndan m\u0259hrum olmas\u0131 \u00f6lk\u0259 daxili iqtisadi v\u0259ziyy\u0259tini pisl\u0259\u015fdirib. M\u0259hz iqtisadi v\u0259ziyy\u0259tin pisl\u0259\u015fm\u0259si son 28 ild\u0259 Erm\u0259nistan \u0259halisinin d\u0259 \u00f6lk\u0259d\u0259n qa\u00e7mas\u0131n\u0131 s\u00fcr\u0259tl\u0259ndirib. \u018fg\u0259r 28 il \u0259vv\u0259l Erm\u0259nistan \u0259halisinin 3 milyondan \u00e7ox oldu\u011funu qeyd edirdil\u0259rs\u0259, bu g\u00fcn \u00f6lk\u0259d\u0259 1.5-2 milyon \u0259halinin qald\u0131\u011f\u0131n\u0131 etiraf edirl\u0259r.<\/p>\n<p>M\u00fcharib\u0259d\u0259 d\u00fc\u00e7ar olduqlar\u0131 m\u0259\u011flubiyy\u0259t iqtisadi t\u0259n\u0259zz\u00fcl\u00fc daha da d\u0259rinl\u0259\u015fdirib. \u018fg\u0259r m\u00fcharib\u0259y\u0259 q\u0259d\u0259r \u0259sas g\u0259lir m\u0259nb\u0259l\u0259ri i\u015f\u011fal olunmu\u015f Az\u0259rbaycan torpaqlar\u0131ndan idis\u0259, bu g\u00fcn h\u0259min \u0259razil\u0259ri Az\u0259rbaycan d\u00f6y\u00fc\u015f meydan\u0131nda geri al\u0131b.<\/p>\n<p>44 g\u00fcnl\u00fck m\u00fcharib\u0259d\u0259 \u0259sg\u0259r \u00f6l\u00fcml\u0259rinin y\u00fcks\u0259k olmas\u0131 insanlar\u0131n d\u00f6vl\u0259t\u0259 v\u0259 orduya inam\u0131n\u0131 yox edib, bu g\u00fcn he\u00e7 bir valideyn \u00f6z \u00f6vlad\u0131n\u0131 h\u0259rbi xidm\u0259t\u0259 g\u00f6nd\u0259rm\u0259k ist\u0259mir. H\u0259tta Yerevanda erm\u0259nil\u0259r Qaraba\u011f\u0131n Az\u0259rbaycan torpa\u011f\u0131 oldu\u011funu v\u0259 \u00f6z \u00f6vladlar\u0131n\u0131n oraya h\u0259rbi xidm\u0259t\u0259 g\u00f6nd\u0259rilm\u0259sin\u0259 qar\u015f\u0131 aksiyalar ke\u00e7irirl\u0259r. Dig\u0259r t\u0259r\u0259fd\u0259n is\u0259 m\u00fcharib\u0259d\u0259 itkin d\u00fc\u015fm\u00fc\u015f minl\u0259rl\u0259 h\u0259rb\u00e7i ail\u0259sinin hakimiyy\u0259td\u0259n naraz\u0131l\u0131qlar\u0131 g\u00fcn\u00fc-g\u00fcnd\u0259n b\u00f6y\u00fcm\u0259kd\u0259dir. H\u0259m d\u0259 m\u00fcharib\u0259d\u0259 sa\u011flaml\u0131qlar\u0131n\u0131 itirmi\u015f \u015f\u0259xsl\u0259r\u0259 v\u0259 \u00f6lm\u00fc\u015f \u015f\u0259xsl\u0259rin ail\u0259l\u0259rin\u0259 h\u0259r hans\u0131 bir h\u00fcquqi status verilmir. Ona g\u00f6r\u0259 verilmir ki, veril\u0259c\u0259k status maliyy\u0259 t\u0259l\u0259b edir, bu g\u00fcn is\u0259 Erm\u0259nistan\u0131n bel\u0259 bir maliyy\u0259 imkanlar\u0131 yoxdur. M\u00fcharib\u0259d\u0259 sa\u011flaml\u0131qlar\u0131n\u0131 itirmi\u015f \u015f\u0259xsl\u0259r\u0259 tibbi xidm\u0259tl\u0259r g\u00f6st\u0259rilmir.<\/p>\n<p>\u00d6lk\u0259d\u0259 iqtisadi b\u00f6hran\u0131n d\u0259rinl\u0259\u015fm\u0259si siyasi b\u00f6hran\u0131 da pik v\u0259ziyy\u0259tin\u0259 g\u0259tirib. Erm\u0259nistan\u0131n g\u0259l\u0259c\u0259k taleyi sual alt\u0131ndad\u0131r&#8221;.<\/p>\n","protected":false},"excerpt":{"rendered":"<p>Erm\u0259nistanda 20 iyunda ke\u00e7iril\u0259c\u0259k parlament se\u00e7kil\u0259ri \u00f6nc\u0259si ictimai-siyasi v\u0259ziyy\u0259t g\u00fcnd\u0259n-g\u00fcn\u0259 g\u0259rginl\u0259\u015fm\u0259kd\u0259dir. Bunun \u0259sas\u0131nda bir ne\u00e7\u0259 amil dayan\u0131r. ARANTV.AZ bildirir ki, bunu Trend-\u0259\u00a0Milli M\u0259clisin deputat\u0131 Az\u0259r Badamov deyib. Deputat bildirib ki, birincisi, uzun ill\u0259r Erm\u0259nistan hakimiyy\u0259ti \u00f6z xalq\u0131n\u0131 Qaraba\u011fdak\u0131 i\u015f\u011fal\u0131 il\u0259 aldadaraq d\u00f6vl\u0259ti talan edib: &#8220;28 il Erm\u0259nistanda hakimiyy\u0259t ba\u015f\u0131nda dayananlar m\u0259\u011flub edilm\u0259z ordu yaratmaq ad\u0131 alt\u0131nda b\u00fcdc\u0259ni talayaraq \u00f6lk\u0259ni m\u00fcflisl\u0259\u015fdirib. \u0130kinci amil is\u0259 44 g\u00fcnl\u00fck m\u00fcharib\u0259d\u0259 Az\u0259rbaycan ordusunun b\u00f6y\u00fck q\u0259l\u0259b\u0259si v\u0259 Erm\u0259nistan ordusunun m\u0259hv edilm\u0259sidir. 27 sentyabrda ba\u015flayan V\u0259t\u0259n m\u00fcharib\u0259sind\u0259 Az\u0259rbaycan ordusu h\u0259r g\u00fcn q\u0259l\u0259b\u0259y\u0259 imza at\u0131rd\u0131. \u00d6z\u00fcnd\u0259n arxay\u0131n ko\u00e7\u0259ryanlar,&hellip;<\/p>\n","protected":false},"author":2,"featured_media":334447,"comment_status":"closed","ping_status":"closed","sticky":false,"template":"","format":"standard","meta":{"om_disable_all_campaigns":false,"_monsterinsights_skip_tracking":false,"_monsterinsights_sitenote_active":false,"_monsterinsights_sitenote_note":"","_monsterinsights_sitenote_category":0},"categories":[4],"tags":[],"aioseo_notices":[],"gutentor_comment":0,"rttpg_featured_image_url":{"full":["https:\/\/arantv.az\/wp-content\/uploads\/2021\/05\/ermenistan_0285-1.jpg",800,600,false],"landscape":["https:\/\/arantv.az\/wp-content\/uploads\/2021\/05\/ermenistan_0285-1.jpg",800,600,false],"portraits":["https:\/\/arantv.az\/wp-content\/uploads\/2021\/05\/ermenistan_0285-1.jpg",800,600,false],"thumbnail":["https:\/\/arantv.az\/wp-content\/uploads\/2021\/05\/ermenistan_0285-1-500x280.jpg",500,280,true],"medium":["https:\/\/arantv.az\/wp-content\/uploads\/2021\/05\/ermenistan_0285-1-487x365.jpg",487,365,true],"large":["https:\/\/arantv.az\/wp-content\/uploads\/2021\/05\/ermenistan_0285-1.jpg",640,480,false],"1536x1536":["https:\/\/arantv.az\/wp-content\/uploads\/2021\/05\/ermenistan_0285-1.jpg",800,600,false],"2048x2048":["https:\/\/arantv.az\/wp-content\/uploads\/2021\/05\/ermenistan_0285-1.jpg",800,600,false],"post-thumbnail":["https:\/\/arantv.az\/wp-content\/uploads\/2021\/05\/ermenistan_0285-1-240x172.jpg",240,172,true],"advps-thumb-one":["https:\/\/arantv.az\/wp-content\/uploads\/2021\/05\/ermenistan_0285-1.jpg",800,600,false]},"rttpg_author":{"display_name":"V\u00fcsal Rafiqo\u011flu","author_link":"https:\/\/arantv.az\/?author=2"},"rttpg_comment":0,"rttpg_category":"<a href=\"https:\/\/arantv.az\/?cat=4\" rel=\"category\">Siyas\u0259t<\/a>","rttpg_excerpt":"Erm\u0259nistanda 20 iyunda ke\u00e7iril\u0259c\u0259k parlament se\u00e7kil\u0259ri \u00f6nc\u0259si ictimai-siyasi v\u0259ziyy\u0259t g\u00fcnd\u0259n-g\u00fcn\u0259 g\u0259rginl\u0259\u015fm\u0259kd\u0259dir. Bunun \u0259sas\u0131nda bir ne\u00e7\u0259 amil dayan\u0131r. ARANTV.AZ bildirir ki, bunu Trend-\u0259\u00a0Milli M\u0259clisin deputat\u0131 Az\u0259r Badamov deyib. Deputat bildirib ki, birincisi, uzun ill\u0259r Erm\u0259nistan hakimiyy\u0259ti \u00f6z xalq\u0131n\u0131 Qaraba\u011fdak\u0131 i\u015f\u011fal\u0131 il\u0259 aldadaraq d\u00f6vl\u0259ti talan edib: &#8220;28 il Erm\u0259nistanda hakimiyy\u0259t ba\u015f\u0131nda dayananlar m\u0259\u011flub edilm\u0259z ordu yaratmaq ad\u0131&hellip;","_links":{"self":[{"href":"https:\/\/arantv.az\/index.php?rest_route=\/wp\/v2\/posts\/334446"}],"collection":[{"href":"https:\/\/arantv.az\/index.php?rest_route=\/wp\/v2\/posts"}],"about":[{"href":"https:\/\/arantv.az\/index.php?rest_route=\/wp\/v2\/types\/post"}],"author":[{"embeddable":true,"href":"https:\/\/arantv.az\/index.php?rest_route=\/wp\/v2\/users\/2"}],"replies":[{"embeddable":true,"href":"https:\/\/arantv.az\/index.php?rest_route=%2Fwp%2Fv2%2Fcomments&post=334446"}],"version-history":[{"count":0,"href":"https:\/\/arantv.az\/index.php?rest_route=\/wp\/v2\/posts\/334446\/revisions"}],"wp:featuredmedia":[{"embeddable":true,"href":"https:\/\/arantv.az\/index.php?rest_route=\/wp\/v2\/media\/334447"}],"wp:attachment":[{"href":"https:\/\/arantv.az\/index.php?rest_route=%2Fwp%2Fv2%2Fmedia&parent=334446"}],"wp:term":[{"taxonomy":"category","embeddable":true,"href":"https:\/\/arantv.az\/index.php?rest_route=%2Fwp%2Fv2%2Fcategories&post=334446"},{"taxonomy":"post_tag","embeddable":true,"href":"https:\/\/arantv.az\/index.php?rest_route=%2Fwp%2Fv2%2Ftags&post=334446"}],"curies":[{"name":"wp","href":"https:\/\/api.w.org\/{rel}","templated":true}]}}