{"id":334455,"date":"2021-05-05T14:43:25","date_gmt":"2021-05-05T11:43:25","guid":{"rendered":"https:\/\/arantv.az\/?p=334455"},"modified":"2021-05-05T14:43:25","modified_gmt":"2021-05-05T11:43:25","slug":"420-qaziy%c9%99-%c9%99lillik-d%c9%99r%c9%99c%c9%99si-t%c9%99yin-edildi-r%c9%99smi","status":"publish","type":"post","link":"https:\/\/arantv.az\/?p=334455","title":{"rendered":"420 qaziy\u0259 \u0259lillik d\u0259r\u0259c\u0259si t\u0259yin edildi &#8211; R\u018fSM\u0130"},"content":{"rendered":"<p>\u201cV\u0259t\u0259n m\u00fcharib\u0259sind\u0259 yaralanan qazil\u0259rd\u0259n art\u0131q 420 n\u0259f\u0259r\u0259 m\u00fcvafiq \u0259lillik d\u0259r\u0259c\u0259l\u0259ri t\u0259yin olunub\u201d.<\/p>\n<p><strong>ARANTV.AZ<\/strong>-\u0131n m\u0259lumat\u0131na g\u00f6r\u0259, bunu \u018fm\u0259k v\u0259 \u018fhalinin Sosial M\u00fcdafi\u0259si Nazirliyi yan\u0131nda D\u00f6vl\u0259t Tibbi-Sosial Ekspertiza v\u0259 Reabilitasiya Agentliyinin \u0130dar\u0259 Hey\u0259tinin s\u0259dri Cavid \u018fbd\u00fcl-Q\u0259dirov deyib.<\/p>\n<p>Onun s\u00f6zl\u0259rin\u0259 g\u00f6r\u0259, haz\u0131rda proses davam edir:<\/p>\n<div id=\"AdviadNativeVideo0\" class=\"AdviadNativeVideo\"><\/div>\n<p>\u201c17 n\u0259f\u0259r y\u00fcks\u0259k texnologiyal\u0131 protezl\u0259 t\u0259min edilib\u201d.<\/p>\n<p>O, \u0259lav\u0259 edib ki, n\u00f6vb\u0259d\u0259 duran v\u0259 yuxar\u0131 \u0259traf y\u00fcks\u0259k texnologiyal\u0131 protezl\u0259rin t\u0259min olunmas\u0131 \u00fc\u00e7\u00fcn \u0130slandiya \u015firk\u0259ti d\u0259v\u0259t edilib:<\/p>\n<p>\u201cQazil\u0259rin yuxar\u0131 \u0259traf \u00f6l\u00e7\u00fcl\u0259ri g\u00f6t\u00fcr\u00fcl\u00fcb. Alt\u0131-s\u0259kkiz h\u0259ft\u0259 sonra qazil\u0259rin t\u0259minat\u0131 h\u0259yata ke\u00e7iril\u0259c\u0259k. Qaraba\u011f qazil\u0259rinin protez t\u0259minat\u0131 ilin sonuna q\u0259d\u0259r tamamlanacaq\u201d.<\/p>\n","protected":false},"excerpt":{"rendered":"<p>\u201cV\u0259t\u0259n m\u00fcharib\u0259sind\u0259 yaralanan qazil\u0259rd\u0259n art\u0131q 420 n\u0259f\u0259r\u0259 m\u00fcvafiq \u0259lillik d\u0259r\u0259c\u0259l\u0259ri t\u0259yin olunub\u201d. ARANTV.AZ-\u0131n m\u0259lumat\u0131na g\u00f6r\u0259, bunu \u018fm\u0259k v\u0259 \u018fhalinin Sosial M\u00fcdafi\u0259si Nazirliyi yan\u0131nda D\u00f6vl\u0259t Tibbi-Sosial Ekspertiza v\u0259 Reabilitasiya Agentliyinin \u0130dar\u0259 Hey\u0259tinin s\u0259dri Cavid \u018fbd\u00fcl-Q\u0259dirov deyib. Onun s\u00f6zl\u0259rin\u0259 g\u00f6r\u0259, haz\u0131rda proses davam edir: \u201c17 n\u0259f\u0259r y\u00fcks\u0259k texnologiyal\u0131 protezl\u0259 t\u0259min edilib\u201d. O, \u0259lav\u0259 edib ki, n\u00f6vb\u0259d\u0259 duran v\u0259 yuxar\u0131 \u0259traf y\u00fcks\u0259k texnologiyal\u0131 protezl\u0259rin t\u0259min olunmas\u0131 \u00fc\u00e7\u00fcn \u0130slandiya \u015firk\u0259ti d\u0259v\u0259t edilib: \u201cQazil\u0259rin yuxar\u0131 \u0259traf \u00f6l\u00e7\u00fcl\u0259ri g\u00f6t\u00fcr\u00fcl\u00fcb. Alt\u0131-s\u0259kkiz h\u0259ft\u0259 sonra qazil\u0259rin t\u0259minat\u0131 h\u0259yata ke\u00e7iril\u0259c\u0259k. Qaraba\u011f qazil\u0259rinin protez t\u0259minat\u0131 ilin sonuna q\u0259d\u0259r tamamlanacaq\u201d.<\/p>\n","protected":false},"author":2,"featured_media":334456,"comment_status":"closed","ping_status":"closed","sticky":false,"template":"","format":"standard","meta":{"om_disable_all_campaigns":false,"_monsterinsights_skip_tracking":false,"_monsterinsights_sitenote_active":false,"_monsterinsights_sitenote_note":"","_monsterinsights_sitenote_category":0},"categories":[26],"tags":[],"aioseo_notices":[],"gutentor_comment":0,"rttpg_featured_image_url":{"full":["https:\/\/arantv.az\/wp-content\/uploads\/2021\/05\/araba.jpg",620,352,false],"landscape":["https:\/\/arantv.az\/wp-content\/uploads\/2021\/05\/araba.jpg",620,352,false],"portraits":["https:\/\/arantv.az\/wp-content\/uploads\/2021\/05\/araba.jpg",620,352,false],"thumbnail":["https:\/\/arantv.az\/wp-content\/uploads\/2021\/05\/araba-500x280.jpg",500,280,true],"medium":["https:\/\/arantv.az\/wp-content\/uploads\/2021\/05\/araba.jpg",620,352,false],"large":["https:\/\/arantv.az\/wp-content\/uploads\/2021\/05\/araba.jpg",620,352,false],"1536x1536":["https:\/\/arantv.az\/wp-content\/uploads\/2021\/05\/araba.jpg",620,352,false],"2048x2048":["https:\/\/arantv.az\/wp-content\/uploads\/2021\/05\/araba.jpg",620,352,false],"post-thumbnail":["https:\/\/arantv.az\/wp-content\/uploads\/2021\/05\/araba-240x172.jpg",240,172,true],"advps-thumb-one":["https:\/\/arantv.az\/wp-content\/uploads\/2021\/05\/araba.jpg",620,352,false]},"rttpg_author":{"display_name":"V\u00fcsal Rafiqo\u011flu","author_link":"https:\/\/arantv.az\/?author=2"},"rttpg_comment":0,"rttpg_category":"<a href=\"https:\/\/arantv.az\/?cat=26\" rel=\"category\">Sosial<\/a>","rttpg_excerpt":"\u201cV\u0259t\u0259n m\u00fcharib\u0259sind\u0259 yaralanan qazil\u0259rd\u0259n art\u0131q 420 n\u0259f\u0259r\u0259 m\u00fcvafiq \u0259lillik d\u0259r\u0259c\u0259l\u0259ri t\u0259yin olunub\u201d. ARANTV.AZ-\u0131n m\u0259lumat\u0131na g\u00f6r\u0259, bunu \u018fm\u0259k v\u0259 \u018fhalinin Sosial M\u00fcdafi\u0259si Nazirliyi yan\u0131nda D\u00f6vl\u0259t Tibbi-Sosial Ekspertiza v\u0259 Reabilitasiya Agentliyinin \u0130dar\u0259 Hey\u0259tinin s\u0259dri Cavid \u018fbd\u00fcl-Q\u0259dirov deyib. Onun s\u00f6zl\u0259rin\u0259 g\u00f6r\u0259, haz\u0131rda proses davam edir: \u201c17 n\u0259f\u0259r y\u00fcks\u0259k texnologiyal\u0131 protezl\u0259 t\u0259min edilib\u201d. O, \u0259lav\u0259 edib ki, n\u00f6vb\u0259d\u0259 duran&hellip;","_links":{"self":[{"href":"https:\/\/arantv.az\/index.php?rest_route=\/wp\/v2\/posts\/334455"}],"collection":[{"href":"https:\/\/arantv.az\/index.php?rest_route=\/wp\/v2\/posts"}],"about":[{"href":"https:\/\/arantv.az\/index.php?rest_route=\/wp\/v2\/types\/post"}],"author":[{"embeddable":true,"href":"https:\/\/arantv.az\/index.php?rest_route=\/wp\/v2\/users\/2"}],"replies":[{"embeddable":true,"href":"https:\/\/arantv.az\/index.php?rest_route=%2Fwp%2Fv2%2Fcomments&post=334455"}],"version-history":[{"count":0,"href":"https:\/\/arantv.az\/index.php?rest_route=\/wp\/v2\/posts\/334455\/revisions"}],"wp:featuredmedia":[{"embeddable":true,"href":"https:\/\/arantv.az\/index.php?rest_route=\/wp\/v2\/media\/334456"}],"wp:attachment":[{"href":"https:\/\/arantv.az\/index.php?rest_route=%2Fwp%2Fv2%2Fmedia&parent=334455"}],"wp:term":[{"taxonomy":"category","embeddable":true,"href":"https:\/\/arantv.az\/index.php?rest_route=%2Fwp%2Fv2%2Fcategories&post=334455"},{"taxonomy":"post_tag","embeddable":true,"href":"https:\/\/arantv.az\/index.php?rest_route=%2Fwp%2Fv2%2Ftags&post=334455"}],"curies":[{"name":"wp","href":"https:\/\/api.w.org\/{rel}","templated":true}]}}