{"id":3345,"date":"2018-08-01T09:18:22","date_gmt":"2018-08-01T06:18:22","guid":{"rendered":"http:\/\/arantv.az\/?p=3345"},"modified":"2018-08-01T09:18:22","modified_gmt":"2018-08-01T06:18:22","slug":"1-avqust-az%c9%99rbaycan-%c9%99lifbasi-gunudur-video","status":"publish","type":"post","link":"https:\/\/arantv.az\/?p=3345","title":{"rendered":"1 Avqust \u2013 Az\u0259rbaycan \u018flifbas\u0131 G\u00fcn\u00fcd\u00fcr &#8211; V\u0130DEO"},"content":{"rendered":"<p>H\u0259r bir xalq\u0131n milli m\u0259d\u0259niyy\u0259tinin t\u0259rkib hiss\u0259l\u0259rind\u0259n birini h\u0259min xalq\u0131n \u0259lifbas\u0131, yaz\u0131 sistemi t\u0259\u015fkil edir.<\/p>\n<p>\u018flifba xalq\u0131n m\u0259d\u0259niyy\u0259t silah\u0131, milli-m\u0259n\u0259vi s\u0259rv\u0259tidir. M\u0259d\u0259ni v\u0259 m\u00fck\u0259mm\u0259l \u0259lifba \u0259sas\u0131nda apar\u0131lan yaz\u0131 sistemi xalq\u0131n maddi-m\u0259d\u0259ni nailiyy\u0259tl\u0259rinin yaranmas\u0131nda, ya\u015famas\u0131nda v\u0259 inki\u015faf etm\u0259sind\u0259 ba\u015fl\u0131ca rol oynay\u0131r, xalq\u0131n dilinin, elmi \u0259laq\u0259l\u0259rinin v\u0259 dig\u0259r z\u0259ruri f\u0259aliyy\u0259t sah\u0259l\u0259rinin t\u0259r\u0259qqisin\u0259 xidm\u0259t edir.<\/p>\n<p>Az\u0259rbaycan xalq\u0131n\u0131n \u0259lifbas\u0131 tarixin m\u00fcxt\u0259lif d\u00f6vrl\u0259rind\u0259 m\u00fc\u0259yy\u0259n s\u0259b\u0259bl\u0259r ucbat\u0131ndan bir ne\u00e7\u0259 d\u0259f\u0259 d\u0259yi\u015fdirilm\u0259y\u0259 m\u0259ruz qal\u0131b, kiril qrafikal\u0131 \u0259lifba is\u0259, \u00fcmumiyy\u0259tl\u0259, Az\u0259rbaycan dilinin s\u0259s sistemin\u0259 uy\u011fun olmamas\u0131na baxmayaraq, q\u0259bul edilib.<\/p>\n<p>Az\u0259rbaycan dilinin fonetik sistemin\u0259 tam uy\u011fun olan yeni \u0259lifba yaratmaq XX \u0259srin 80-ci ill\u0259rinin sonlar\u0131nda az bir zaman \u0259rzind\u0259 \u00fcmumxalq arzusuna \u00e7evrilib. Xalq milli-m\u0259n\u0259vi m\u0259d\u0259niyy\u0259tin dig\u0259r sah\u0259l\u0259rind\u0259 oldu\u011fu kimi, yaz\u0131 m\u0259s\u0259l\u0259l\u0259rind\u0259 d\u0259 \u00f6z ist\u0259yin\u0259 nail olma\u011f\u0131 qar\u015f\u0131s\u0131na m\u0259qs\u0259d qoyub.<\/p>\n<p>H\u0259min d\u00f6vrd\u0259 Az\u0259rbaycanda ba\u015f ver\u0259n oyan\u0131\u015f h\u0259r\u0259kat\u0131 bir \u00e7ox ziyal\u0131lar\u0131m\u0131zla yana\u015f\u0131, g\u00f6rk\u0259mli dil\u00e7i-alim\u00a0<strong>Afad Qurbanov<\/strong>un da diqq\u0259tini xalq\u0131m\u0131z\u0131n taley\u00fckl\u00fc probleml\u0259rinin h\u0259llin\u0259 y\u00f6n\u0259ldib.<\/p>\n<p>H\u0259min probleml\u0259rd\u0259n biri d\u0259 Az\u0259rbaycan xalq\u0131n\u0131n kiril qrafikal\u0131 \u0259lifbas\u0131n\u0131n d\u0259yi\u015fdirilm\u0259si v\u0259 Az\u0259rbaycan dilinin d\u00f6vl\u0259t dili kimi qanunil\u0259\u015fdirilm\u0259si, onun daha f\u0259al i\u015fl\u0259dilm\u0259si, habel\u0259 ictimai v\u0259 ba\u015fqa funksiyalar\u0131n\u0131n geni\u015fl\u0259ndirilm\u0259sinin t\u0259min edilm\u0259si olub.<\/p>\n<p>Bu d\u00f6vrd\u0259 lat\u0131n qrafikal\u0131 yeni m\u00fcst\u0259qil \u0259lifbaya ke\u00e7m\u0259yin z\u0259ruriliyini elmi faktlarla \u0259sasland\u0131ran ilk alim m\u0259hz Afad Qurbanov olub. 1 avqust 1990-c\u0131 il tarixind\u0259 onun t\u0259\u015f\u0259bb\u00fcs\u00fc il\u0259 Az\u0259rbaycan \u018flifba Komissiyas\u0131 yarad\u0131l\u0131b v\u0259 \u0259lifba m\u00fct\u0259x\u0259ssisi kimi bilik v\u0259 bacar\u0131\u011f\u0131 n\u0259z\u0259r\u0259 al\u0131naraq o, komissiyan\u0131n s\u0259dri t\u0259yin edilib.<\/p>\n<p>\u00d6lk\u0259mizd\u0259 \u0259lifba islahat\u0131n\u0131n apar\u0131lmas\u0131nda Afad Qurbanovun Az\u0259rbaycan \u018flifba Komissiyas\u0131n\u0131n s\u0259dri v\u0259 lat\u0131n qrafikas\u0131 \u0259sas\u0131nda haz\u0131rlan\u0131b v\u0259 b\u00fc g\u00fcn istifad\u0259 etdiyimiz Az\u0259rbaycan\u0131n yeni m\u00fcst\u0259qil \u0259lifbas\u0131n\u0131n m\u00fc\u0259llifi kimi b\u00f6y\u00fck xidm\u0259tl\u0259ri olub. \u0130stedadl\u0131 dil\u00e7i-alim, bacar\u0131ql\u0131 t\u0259\u015fkilat\u00e7\u0131 olan akademik Afad Qurbanov b\u00fct\u00fcn q\u00fcvv\u0259 v\u0259 bacar\u0131\u011f\u0131n\u0131 xalq\u0131n arzu v\u0259 ist\u0259yini \u0259ks etdir\u0259n bu m\u00fch\u00fcm i\u015f\u0259 \u2013 Az\u0259rbaycan \u00fc\u00e7\u00fcn yeni m\u00fcst\u0259qil \u0259lifban\u0131n haz\u0131rlanmas\u0131 i\u015fin\u0259 h\u0259sr edib.<\/p>\n<p>Yeni \u0259lifba layih\u0259sinin haz\u0131rlanmas\u0131 v\u0259 Az\u0259rbaycan dili haqq\u0131nda qanun layih\u0259sinin t\u0259rtib olunmas\u0131 i\u015fi il\u0259 yana\u015f\u0131, g\u00f6rk\u0259mli dil\u00e7i-alim v\u0259 ictimai xadim Afad Qurbanov 1990-1995-ci ill\u0259rd\u0259 Az\u0259rbaycan Parlamentinin deputat\u0131 kimi geni\u015f ictimai-siyasi f\u0259aliyy\u0259t g\u00f6st\u0259r\u0259r\u0259k bu sah\u0259l\u0259rd\u0259 d\u0259 xeyli i\u015fl\u0259r g\u00f6r\u00fcb. Onun deputat platformas\u0131n\u0131n \u0259sas tezisl\u0259rind\u0259n m\u0259hz lat\u0131n qrafikal\u0131 yeni \u0259lifbaya ke\u00e7idin, Az\u0259rbaycan dilinin daha f\u0259al i\u015fl\u0259dilm\u0259sinin, habel\u0259 onun ictimai v\u0259 ba\u015fqa funksiyalar\u0131n\u0131n geni\u015fl\u0259ndirilm\u0259sinin t\u0259min edilm\u0259si m\u0259s\u0259l\u0259l\u0259ri olub.<\/p>\n<p>\u00dcmumxalq s\u0259rv\u0259ti olan b\u00fcg\u00fcnk\u00fc \u0259lifba bu yorulmaz insan\u0131n, xalq\u0131n\u0131 d\u0259rind\u0259n sev\u0259n f\u0259al v\u0259t\u0259nda\u015f\u0131n, g\u00f6rk\u0259mli dil\u00e7i akademik Afad Qurbanovun elmi v\u0259 ictimai f\u0259aliyy\u0259tinin b\u0259hr\u0259si kimi Az\u0259rbaycan xalq\u0131na \u0259n b\u00f6y\u00fck t\u00f6hf\u0259l\u0259rind\u0259n biridir.<\/p>\n<div><iframe loading=\"lazy\" src=\"https:\/\/www.youtube.com\/embed\/JH7BuOLC1pM\" width=\"640\" height=\"360\" frameborder=\"0\" allowfullscreen=\"allowfullscreen\" data-mce-fragment=\"1\"><\/iframe><\/div>\n<p><b>ARANTV.AZ<\/b><\/p>\n","protected":false},"excerpt":{"rendered":"<p>H\u0259r bir xalq\u0131n milli m\u0259d\u0259niyy\u0259tinin t\u0259rkib hiss\u0259l\u0259rind\u0259n birini h\u0259min xalq\u0131n \u0259lifbas\u0131, yaz\u0131 sistemi t\u0259\u015fkil edir. \u018flifba xalq\u0131n m\u0259d\u0259niyy\u0259t silah\u0131, milli-m\u0259n\u0259vi s\u0259rv\u0259tidir. M\u0259d\u0259ni v\u0259 m\u00fck\u0259mm\u0259l \u0259lifba \u0259sas\u0131nda apar\u0131lan yaz\u0131 sistemi xalq\u0131n maddi-m\u0259d\u0259ni nailiyy\u0259tl\u0259rinin yaranmas\u0131nda, ya\u015famas\u0131nda v\u0259 inki\u015faf etm\u0259sind\u0259 ba\u015fl\u0131ca rol oynay\u0131r, xalq\u0131n dilinin, elmi \u0259laq\u0259l\u0259rinin v\u0259 dig\u0259r z\u0259ruri f\u0259aliyy\u0259t sah\u0259l\u0259rinin t\u0259r\u0259qqisin\u0259 xidm\u0259t edir. Az\u0259rbaycan xalq\u0131n\u0131n \u0259lifbas\u0131 tarixin m\u00fcxt\u0259lif d\u00f6vrl\u0259rind\u0259 m\u00fc\u0259yy\u0259n s\u0259b\u0259bl\u0259r ucbat\u0131ndan bir ne\u00e7\u0259 d\u0259f\u0259 d\u0259yi\u015fdirilm\u0259y\u0259 m\u0259ruz qal\u0131b, kiril qrafikal\u0131 \u0259lifba is\u0259, \u00fcmumiyy\u0259tl\u0259, Az\u0259rbaycan dilinin s\u0259s sistemin\u0259 uy\u011fun olmamas\u0131na baxmayaraq, q\u0259bul edilib. Az\u0259rbaycan dilinin fonetik sistemin\u0259 tam uy\u011fun olan yeni \u0259lifba&hellip;<\/p>\n","protected":false},"author":2,"featured_media":3346,"comment_status":"open","ping_status":"open","sticky":false,"template":"","format":"standard","meta":{"om_disable_all_campaigns":false,"_monsterinsights_skip_tracking":false,"_monsterinsights_sitenote_active":false,"_monsterinsights_sitenote_note":"","_monsterinsights_sitenote_category":0},"categories":[1],"tags":[],"aioseo_notices":[],"gutentor_comment":0,"rttpg_featured_image_url":{"full":["https:\/\/arantv.az\/wp-content\/uploads\/2018\/08\/Afad-Qurbanov-2.jpg",620,413,false],"landscape":["https:\/\/arantv.az\/wp-content\/uploads\/2018\/08\/Afad-Qurbanov-2.jpg",620,413,false],"portraits":["https:\/\/arantv.az\/wp-content\/uploads\/2018\/08\/Afad-Qurbanov-2.jpg",620,413,false],"thumbnail":["https:\/\/arantv.az\/wp-content\/uploads\/2018\/08\/Afad-Qurbanov-2-150x150.jpg",150,150,true],"medium":["https:\/\/arantv.az\/wp-content\/uploads\/2018\/08\/Afad-Qurbanov-2-300x200.jpg",300,200,true],"large":["https:\/\/arantv.az\/wp-content\/uploads\/2018\/08\/Afad-Qurbanov-2.jpg",620,413,false],"1536x1536":["https:\/\/arantv.az\/wp-content\/uploads\/2018\/08\/Afad-Qurbanov-2.jpg",620,413,false],"2048x2048":["https:\/\/arantv.az\/wp-content\/uploads\/2018\/08\/Afad-Qurbanov-2.jpg",620,413,false],"post-thumbnail":["https:\/\/arantv.az\/wp-content\/uploads\/2018\/08\/Afad-Qurbanov-2.jpg",240,160,false],"advps-thumb-one":["https:\/\/arantv.az\/wp-content\/uploads\/2018\/08\/Afad-Qurbanov-2.jpg",620,413,false]},"rttpg_author":{"display_name":"V\u00fcsal Rafiqo\u011flu","author_link":"https:\/\/arantv.az\/?author=2"},"rttpg_comment":0,"rttpg_category":"<a href=\"https:\/\/arantv.az\/?cat=1\" rel=\"category\">C\u0259miyy\u0259t<\/a>","rttpg_excerpt":"H\u0259r bir xalq\u0131n milli m\u0259d\u0259niyy\u0259tinin t\u0259rkib hiss\u0259l\u0259rind\u0259n birini h\u0259min xalq\u0131n \u0259lifbas\u0131, yaz\u0131 sistemi t\u0259\u015fkil edir. \u018flifba xalq\u0131n m\u0259d\u0259niyy\u0259t silah\u0131, milli-m\u0259n\u0259vi s\u0259rv\u0259tidir. M\u0259d\u0259ni v\u0259 m\u00fck\u0259mm\u0259l \u0259lifba \u0259sas\u0131nda apar\u0131lan yaz\u0131 sistemi xalq\u0131n maddi-m\u0259d\u0259ni nailiyy\u0259tl\u0259rinin yaranmas\u0131nda, ya\u015famas\u0131nda v\u0259 inki\u015faf etm\u0259sind\u0259 ba\u015fl\u0131ca rol oynay\u0131r, xalq\u0131n dilinin, elmi \u0259laq\u0259l\u0259rinin v\u0259 dig\u0259r z\u0259ruri f\u0259aliyy\u0259t sah\u0259l\u0259rinin t\u0259r\u0259qqisin\u0259 xidm\u0259t edir. Az\u0259rbaycan xalq\u0131n\u0131n \u0259lifbas\u0131&hellip;","_links":{"self":[{"href":"https:\/\/arantv.az\/index.php?rest_route=\/wp\/v2\/posts\/3345"}],"collection":[{"href":"https:\/\/arantv.az\/index.php?rest_route=\/wp\/v2\/posts"}],"about":[{"href":"https:\/\/arantv.az\/index.php?rest_route=\/wp\/v2\/types\/post"}],"author":[{"embeddable":true,"href":"https:\/\/arantv.az\/index.php?rest_route=\/wp\/v2\/users\/2"}],"replies":[{"embeddable":true,"href":"https:\/\/arantv.az\/index.php?rest_route=%2Fwp%2Fv2%2Fcomments&post=3345"}],"version-history":[{"count":0,"href":"https:\/\/arantv.az\/index.php?rest_route=\/wp\/v2\/posts\/3345\/revisions"}],"wp:featuredmedia":[{"embeddable":true,"href":"https:\/\/arantv.az\/index.php?rest_route=\/wp\/v2\/media\/3346"}],"wp:attachment":[{"href":"https:\/\/arantv.az\/index.php?rest_route=%2Fwp%2Fv2%2Fmedia&parent=3345"}],"wp:term":[{"taxonomy":"category","embeddable":true,"href":"https:\/\/arantv.az\/index.php?rest_route=%2Fwp%2Fv2%2Fcategories&post=3345"},{"taxonomy":"post_tag","embeddable":true,"href":"https:\/\/arantv.az\/index.php?rest_route=%2Fwp%2Fv2%2Ftags&post=3345"}],"curies":[{"name":"wp","href":"https:\/\/api.w.org\/{rel}","templated":true}]}}