{"id":334642,"date":"2021-05-06T09:59:46","date_gmt":"2021-05-06T06:59:46","guid":{"rendered":"https:\/\/arantv.az\/?p=334642"},"modified":"2021-05-06T09:59:46","modified_gmt":"2021-05-06T06:59:46","slug":"kocaryan-v%c9%99-sarkisyan-siz-xainsiniz-pasinyan-dozm%c9%99di","status":"publish","type":"post","link":"https:\/\/arantv.az\/?p=334642","title":{"rendered":"&#8220;Ko\u00e7aryan v\u0259 Sarkisyan, siz xainsiniz&#8221; &#8211; Pa\u015finyan d\u00f6zm\u0259di"},"content":{"rendered":"<p>Erm\u0259nistanda se\u00e7kiqaba\u011f\u0131 hakimiyy\u0259tl\u0259 m\u00fcxalif\u0259t aras\u0131nda ittihamlar s\u0259ngimir. T\u0259r\u0259fl\u0259r aras\u0131nda \u0259sas m\u00f6vzu da Qaraba\u011fdak\u0131 m\u0259\u011flubiyy\u0259td\u0259 g\u00fcnahkar\u0131n \u00fcz\u0259 \u00e7\u0131xar\u0131lmas\u0131d\u0131r. Erm\u0259nistan ba\u015f nazirinin s\u0259lahiyy\u0259tl\u0259rini icra ed\u0259n Nikol Pa\u015finyan bunu parlamentd\u0259ki h\u00f6kum\u0259t saat\u0131 zaman\u0131 ke\u00e7mi\u015f prezidenti Serj Sarkisyan\u0131n vaxtil\u0259 Da\u011fl\u0131q Qaraba\u011f \u0259razisinin yar\u0131s\u0131na q\u0259d\u0259rini Az\u0259rbaycana verm\u0259y\u0259 haz\u0131r oldu\u011funu bildirib.<\/p>\n<p>&#8220;Sputnik Erm\u0259nistan&#8221;\u0131n x\u0259b\u0259rin\u0259 g\u00f6r\u0259, Pa\u015finyan Sarkisyan\u0131n 2016-c\u0131 ilin noyabr\u0131nda &#8220;Russia Today&#8221; agentliyin\u0259 verdiyi m\u00fcsahib\u0259sini xat\u0131rlad\u0131b. &#8220;Sarkisyan m\u00fcsahib\u0259sind\u0259 7 b\u00f6lg\u0259ni Az\u0259rbaycana t\u0259slim etm\u0259y\u0259 haz\u0131r olduqlar\u0131n\u0131 s\u00f6yl\u0259yib. Ancaq Az\u0259rbaycan daha \u00e7ox \u015fey t\u0259l\u0259b edib. Sarkisyan deyir ki, h\u0259r d\u0259f\u0259 Az\u0259rbaycan yeni t\u0259l\u0259bl\u0259r ir\u0259li s\u00fcr\u00fcrd\u00fc. M\u0259n siz\u0259 daha \u00e7ox \u015feyi s\u00f6yl\u0259y\u0259c\u0259y\u0259m &#8211; Serj Sarkisyan Az\u0259rbaycana daha \u00e7ox, Qaraba\u011f\u0131n yar\u0131s\u0131na q\u0259d\u0259r verm\u0259yi t\u0259klif etdi, amma Az\u0259rbaycan raz\u0131la\u015fmad\u0131&#8221; &#8211; dey\u0259 Pa\u015finyan bildirib.<\/p>\n<p>Pa\u015finyan Robert Ko\u00e7aryan v\u0259 Serj Sarkisyan\u0131 Da\u011fl\u0131q Qaraba\u011f\u0131 \u015f\u0259xsi maraqlar\u0131 \u00fc\u00e7\u00fcn &#8220;satan&#8221; xain adland\u0131r\u0131b: &#8220;Robert Ko\u00e7aryan v\u0259 Serj Sarkisyan, siz v\u0259t\u0259n xainisiniz! Biz sizin x\u0259yan\u0259tiniz\u0259 qar\u015f\u0131 m\u00fcbariz\u0259 apard\u0131q. X\u0259yan\u0259tinizi m\u00fcharib\u0259 d\u00f6vr\u00fcnd\u0259 d\u0259 davam etdirdiniz&#8221;. Pa\u015finyana g\u00f6r\u0259, ke\u00e7mi\u015f erm\u0259ni s\u0259lahiyy\u0259tlil\u0259ri genetik s\u0259viyy\u0259d\u0259 erm\u0259nil\u0259rd\u0259 m\u00fcharib\u0259 qorxusu a\u015f\u0131lad\u0131lar. O, Sarkisyan\u0131n &#8220;pis dan\u0131\u015f\u0131qlar h\u0259mi\u015f\u0259 yax\u015f\u0131 m\u00fcharib\u0259d\u0259n daha yax\u015f\u0131d\u0131r&#8221; ifad\u0259sini xat\u0131rlad\u0131b.<\/p>\n<p>Pa\u015finyan Ko\u00e7aryan v\u0259 Sarkisyan\u0131 ordunu m\u00fcharib\u0259y\u0259 haz\u0131rlamamaqda da ittiham edib. Ko\u00e7aryan\u0131 1998-ci ild\u0259 dan\u0131\u015f\u0131qlar prosesind\u0259n &#8220;Qaraba\u011f\u0131 \u00e7\u0131xar\u0131b atmaqda&#8221; g\u00fcnahland\u0131r\u0131b. Pa\u015finyana g\u00f6r\u0259, Qaraba\u011f m\u00fcnaqi\u015f\u0259sinin h\u0259lli il\u0259 ba\u011fl\u0131 dan\u0131\u015f\u0131qlar\u0131 \u00e7\u0131x\u0131lmaz v\u0259ziyy\u0259t\u0259 g\u0259tir\u0259n ke\u00e7mi\u015f hakimiyy\u0259t orqanlar\u0131 oldu v\u0259 n\u0259tic\u0259d\u0259 d\u0259 Az\u0259rbaycanla m\u00fcharib\u0259 qa\u00e7\u0131lmaz oldu.<\/p>\n","protected":false},"excerpt":{"rendered":"<p>Erm\u0259nistanda se\u00e7kiqaba\u011f\u0131 hakimiyy\u0259tl\u0259 m\u00fcxalif\u0259t aras\u0131nda ittihamlar s\u0259ngimir. T\u0259r\u0259fl\u0259r aras\u0131nda \u0259sas m\u00f6vzu da Qaraba\u011fdak\u0131 m\u0259\u011flubiyy\u0259td\u0259 g\u00fcnahkar\u0131n \u00fcz\u0259 \u00e7\u0131xar\u0131lmas\u0131d\u0131r. Erm\u0259nistan ba\u015f nazirinin s\u0259lahiyy\u0259tl\u0259rini icra ed\u0259n Nikol Pa\u015finyan bunu parlamentd\u0259ki h\u00f6kum\u0259t saat\u0131 zaman\u0131 ke\u00e7mi\u015f prezidenti Serj Sarkisyan\u0131n vaxtil\u0259 Da\u011fl\u0131q Qaraba\u011f \u0259razisinin yar\u0131s\u0131na q\u0259d\u0259rini Az\u0259rbaycana verm\u0259y\u0259 haz\u0131r oldu\u011funu bildirib. &#8220;Sputnik Erm\u0259nistan&#8221;\u0131n x\u0259b\u0259rin\u0259 g\u00f6r\u0259, Pa\u015finyan Sarkisyan\u0131n 2016-c\u0131 ilin noyabr\u0131nda &#8220;Russia Today&#8221; agentliyin\u0259 verdiyi m\u00fcsahib\u0259sini xat\u0131rlad\u0131b. &#8220;Sarkisyan m\u00fcsahib\u0259sind\u0259 7 b\u00f6lg\u0259ni Az\u0259rbaycana t\u0259slim etm\u0259y\u0259 haz\u0131r olduqlar\u0131n\u0131 s\u00f6yl\u0259yib. Ancaq Az\u0259rbaycan daha \u00e7ox \u015fey t\u0259l\u0259b edib. Sarkisyan deyir ki, h\u0259r d\u0259f\u0259 Az\u0259rbaycan yeni t\u0259l\u0259bl\u0259r ir\u0259li s\u00fcr\u00fcrd\u00fc. M\u0259n siz\u0259 daha&hellip;<\/p>\n","protected":false},"author":2,"featured_media":334643,"comment_status":"closed","ping_status":"closed","sticky":false,"template":"","format":"standard","meta":{"om_disable_all_campaigns":false,"_monsterinsights_skip_tracking":false,"_monsterinsights_sitenote_active":false,"_monsterinsights_sitenote_note":"","_monsterinsights_sitenote_category":0},"categories":[7],"tags":[],"aioseo_notices":[],"gutentor_comment":0,"rttpg_featured_image_url":{"full":["https:\/\/arantv.az\/wp-content\/uploads\/2021\/05\/946170.jpg",800,600,false],"landscape":["https:\/\/arantv.az\/wp-content\/uploads\/2021\/05\/946170.jpg",800,600,false],"portraits":["https:\/\/arantv.az\/wp-content\/uploads\/2021\/05\/946170.jpg",800,600,false],"thumbnail":["https:\/\/arantv.az\/wp-content\/uploads\/2021\/05\/946170-500x280.jpg",500,280,true],"medium":["https:\/\/arantv.az\/wp-content\/uploads\/2021\/05\/946170-487x365.jpg",487,365,true],"large":["https:\/\/arantv.az\/wp-content\/uploads\/2021\/05\/946170.jpg",640,480,false],"1536x1536":["https:\/\/arantv.az\/wp-content\/uploads\/2021\/05\/946170.jpg",800,600,false],"2048x2048":["https:\/\/arantv.az\/wp-content\/uploads\/2021\/05\/946170.jpg",800,600,false],"post-thumbnail":["https:\/\/arantv.az\/wp-content\/uploads\/2021\/05\/946170-240x172.jpg",240,172,true],"advps-thumb-one":["https:\/\/arantv.az\/wp-content\/uploads\/2021\/05\/946170.jpg",800,600,false]},"rttpg_author":{"display_name":"V\u00fcsal Rafiqo\u011flu","author_link":"https:\/\/arantv.az\/?author=2"},"rttpg_comment":0,"rttpg_category":"<a href=\"https:\/\/arantv.az\/?cat=7\" rel=\"category\">D\u00fcnya<\/a>","rttpg_excerpt":"Erm\u0259nistanda se\u00e7kiqaba\u011f\u0131 hakimiyy\u0259tl\u0259 m\u00fcxalif\u0259t aras\u0131nda ittihamlar s\u0259ngimir. T\u0259r\u0259fl\u0259r aras\u0131nda \u0259sas m\u00f6vzu da Qaraba\u011fdak\u0131 m\u0259\u011flubiyy\u0259td\u0259 g\u00fcnahkar\u0131n \u00fcz\u0259 \u00e7\u0131xar\u0131lmas\u0131d\u0131r. Erm\u0259nistan ba\u015f nazirinin s\u0259lahiyy\u0259tl\u0259rini icra ed\u0259n Nikol Pa\u015finyan bunu parlamentd\u0259ki h\u00f6kum\u0259t saat\u0131 zaman\u0131 ke\u00e7mi\u015f prezidenti Serj Sarkisyan\u0131n vaxtil\u0259 Da\u011fl\u0131q Qaraba\u011f \u0259razisinin yar\u0131s\u0131na q\u0259d\u0259rini Az\u0259rbaycana verm\u0259y\u0259 haz\u0131r oldu\u011funu bildirib. &#8220;Sputnik Erm\u0259nistan&#8221;\u0131n x\u0259b\u0259rin\u0259 g\u00f6r\u0259, Pa\u015finyan Sarkisyan\u0131n 2016-c\u0131 ilin noyabr\u0131nda &#8220;Russia&hellip;","_links":{"self":[{"href":"https:\/\/arantv.az\/index.php?rest_route=\/wp\/v2\/posts\/334642"}],"collection":[{"href":"https:\/\/arantv.az\/index.php?rest_route=\/wp\/v2\/posts"}],"about":[{"href":"https:\/\/arantv.az\/index.php?rest_route=\/wp\/v2\/types\/post"}],"author":[{"embeddable":true,"href":"https:\/\/arantv.az\/index.php?rest_route=\/wp\/v2\/users\/2"}],"replies":[{"embeddable":true,"href":"https:\/\/arantv.az\/index.php?rest_route=%2Fwp%2Fv2%2Fcomments&post=334642"}],"version-history":[{"count":0,"href":"https:\/\/arantv.az\/index.php?rest_route=\/wp\/v2\/posts\/334642\/revisions"}],"wp:featuredmedia":[{"embeddable":true,"href":"https:\/\/arantv.az\/index.php?rest_route=\/wp\/v2\/media\/334643"}],"wp:attachment":[{"href":"https:\/\/arantv.az\/index.php?rest_route=%2Fwp%2Fv2%2Fmedia&parent=334642"}],"wp:term":[{"taxonomy":"category","embeddable":true,"href":"https:\/\/arantv.az\/index.php?rest_route=%2Fwp%2Fv2%2Fcategories&post=334642"},{"taxonomy":"post_tag","embeddable":true,"href":"https:\/\/arantv.az\/index.php?rest_route=%2Fwp%2Fv2%2Ftags&post=334642"}],"curies":[{"name":"wp","href":"https:\/\/api.w.org\/{rel}","templated":true}]}}