{"id":334651,"date":"2021-05-06T10:02:01","date_gmt":"2021-05-06T07:02:01","guid":{"rendered":"https:\/\/arantv.az\/?p=334651"},"modified":"2021-05-06T10:02:01","modified_gmt":"2021-05-06T07:02:01","slug":"bayram-gunl%c9%99ri-ictimai-n%c9%99qliyyat-isl%c9%99y%c9%99c%c9%99kmi-r%c9%99smi-aciqlama","status":"publish","type":"post","link":"https:\/\/arantv.az\/?p=334651","title":{"rendered":"Bayram g\u00fcnl\u0259ri ictimai n\u0259qliyyat i\u015fl\u0259y\u0259c\u0259kmi? &#8211; R\u018fSM\u0130 A\u00c7IQLAMA"},"content":{"rendered":"<p>Ba\u015f Nazir \u018fli \u018fs\u0259dovun &#8220;2020-ci il \u00fc\u00e7\u00fcn Novruz, Ramazan v\u0259 Qurban bayramlar\u0131 g\u00fcnl\u0259rinin m\u00fc\u0259yy\u0259n edilm\u0259si haqq\u0131nda\u201d 2 dekabr 2019-cu il tarixli s\u0259r\u0259ncam\u0131na \u0259sas\u0259n, 2020-ci il iyulun 31-i v\u0259 avqustun 1-i Qurban bayram\u0131 g\u00fcnl\u0259ri m\u00fc\u0259yy\u0259n edilib.<\/p>\n<p>1 avqust \u015f\u0259nb\u0259 g\u00fcn\u00fcn\u0259 t\u0259sad\u00fcf etdiyind\u0259n \u018fm\u0259k M\u0259c\u0259ll\u0259sin\u0259 \u0259sas\u0259n, 3 avqust &#8211; bazar ert\u0259si il\u0259 yeri d\u0259yi\u015fdiril\u0259c\u0259k, bazar ert\u0259si d\u0259 qeyri-i\u015f g\u00fcn\u00fc olacaq.<\/p>\n<div>\n<div>\n<div id=\"AdviadNativeVideo0\" class=\"AdviadNativeVideo\"><\/div>\n<\/div>\n<\/div>\n<p>B\u0259s, bayram g\u00fcnl\u0259rini \u0259hat\u0259 ed\u0259c\u0259k 4 g\u00fcn m\u00fcdd\u0259tind\u0259 ictimai n\u0259qliyyat i\u015fl\u0259y\u0259c\u0259kmi?<\/p>\n<p>Bu, s\u0259rni\u015finl\u0259ri maraqland\u0131ran suallardan biridir. Buna cavab tapmaq \u00fc\u00e7\u00fcn Bak\u0131 N\u0259qliyyat Agentliyin\u0259 (BNA) m\u00fcraci\u0259t etdik. Qurumdan bildirildi ki, Operativ Q\u0259rargah\u0131n q\u0259rar\u0131na \u0259sas\u0259n, s\u0259rt karantin rejimi \u00e7\u0259r\u00e7iv\u0259sind\u0259 \u015f\u0259nb\u0259 v\u0259 bazar g\u00fcnl\u0259rind\u0259 ictimai n\u0259qliyyat\u0131n i\u015fi dayand\u0131r\u0131lacaq. Bununla yana\u015f\u0131, ictimai n\u0259qliyyat\u0131n bu c\u00fcm\u0259 v\u0259 g\u0259l\u0259n bazar ert\u0259si i\u015fl\u0259y\u0259c\u0259yi il\u0259 ba\u011fl\u0131 yeni q\u0259rar verils\u0259, \u0259hali m\u0259lumatland\u0131r\u0131lacaq. (baku.ws)<\/p>\n","protected":false},"excerpt":{"rendered":"<p>Ba\u015f Nazir \u018fli \u018fs\u0259dovun &#8220;2020-ci il \u00fc\u00e7\u00fcn Novruz, Ramazan v\u0259 Qurban bayramlar\u0131 g\u00fcnl\u0259rinin m\u00fc\u0259yy\u0259n edilm\u0259si haqq\u0131nda\u201d 2 dekabr 2019-cu il tarixli s\u0259r\u0259ncam\u0131na \u0259sas\u0259n, 2020-ci il iyulun 31-i v\u0259 avqustun 1-i Qurban bayram\u0131 g\u00fcnl\u0259ri m\u00fc\u0259yy\u0259n edilib. 1 avqust \u015f\u0259nb\u0259 g\u00fcn\u00fcn\u0259 t\u0259sad\u00fcf etdiyind\u0259n \u018fm\u0259k M\u0259c\u0259ll\u0259sin\u0259 \u0259sas\u0259n, 3 avqust &#8211; bazar ert\u0259si il\u0259 yeri d\u0259yi\u015fdiril\u0259c\u0259k, bazar ert\u0259si d\u0259 qeyri-i\u015f g\u00fcn\u00fc olacaq. B\u0259s, bayram g\u00fcnl\u0259rini \u0259hat\u0259 ed\u0259c\u0259k 4 g\u00fcn m\u00fcdd\u0259tind\u0259 ictimai n\u0259qliyyat i\u015fl\u0259y\u0259c\u0259kmi? Bu, s\u0259rni\u015finl\u0259ri maraqland\u0131ran suallardan biridir. Buna cavab tapmaq \u00fc\u00e7\u00fcn Bak\u0131 N\u0259qliyyat Agentliyin\u0259 (BNA) m\u00fcraci\u0259t etdik. Qurumdan bildirildi ki, Operativ Q\u0259rargah\u0131n q\u0259rar\u0131na&hellip;<\/p>\n","protected":false},"author":2,"featured_media":334652,"comment_status":"closed","ping_status":"closed","sticky":false,"template":"","format":"standard","meta":{"om_disable_all_campaigns":false,"_monsterinsights_skip_tracking":false,"_monsterinsights_sitenote_active":false,"_monsterinsights_sitenote_note":"","_monsterinsights_sitenote_category":0},"categories":[26],"tags":[],"aioseo_notices":[],"gutentor_comment":0,"rttpg_featured_image_url":{"full":["https:\/\/arantv.az\/wp-content\/uploads\/2021\/05\/1405944.jpg",734,500,false],"landscape":["https:\/\/arantv.az\/wp-content\/uploads\/2021\/05\/1405944.jpg",734,500,false],"portraits":["https:\/\/arantv.az\/wp-content\/uploads\/2021\/05\/1405944.jpg",734,500,false],"thumbnail":["https:\/\/arantv.az\/wp-content\/uploads\/2021\/05\/1405944-500x280.jpg",500,280,true],"medium":["https:\/\/arantv.az\/wp-content\/uploads\/2021\/05\/1405944-536x365.jpg",536,365,true],"large":["https:\/\/arantv.az\/wp-content\/uploads\/2021\/05\/1405944.jpg",640,436,false],"1536x1536":["https:\/\/arantv.az\/wp-content\/uploads\/2021\/05\/1405944.jpg",734,500,false],"2048x2048":["https:\/\/arantv.az\/wp-content\/uploads\/2021\/05\/1405944.jpg",734,500,false],"post-thumbnail":["https:\/\/arantv.az\/wp-content\/uploads\/2021\/05\/1405944-240x172.jpg",240,172,true],"advps-thumb-one":["https:\/\/arantv.az\/wp-content\/uploads\/2021\/05\/1405944.jpg",734,500,false]},"rttpg_author":{"display_name":"V\u00fcsal Rafiqo\u011flu","author_link":"https:\/\/arantv.az\/?author=2"},"rttpg_comment":0,"rttpg_category":"<a href=\"https:\/\/arantv.az\/?cat=26\" rel=\"category\">Sosial<\/a>","rttpg_excerpt":"Ba\u015f Nazir \u018fli \u018fs\u0259dovun &#8220;2020-ci il \u00fc\u00e7\u00fcn Novruz, Ramazan v\u0259 Qurban bayramlar\u0131 g\u00fcnl\u0259rinin m\u00fc\u0259yy\u0259n edilm\u0259si haqq\u0131nda\u201d 2 dekabr 2019-cu il tarixli s\u0259r\u0259ncam\u0131na \u0259sas\u0259n, 2020-ci il iyulun 31-i v\u0259 avqustun 1-i Qurban bayram\u0131 g\u00fcnl\u0259ri m\u00fc\u0259yy\u0259n edilib. 1 avqust \u015f\u0259nb\u0259 g\u00fcn\u00fcn\u0259 t\u0259sad\u00fcf etdiyind\u0259n \u018fm\u0259k M\u0259c\u0259ll\u0259sin\u0259 \u0259sas\u0259n, 3 avqust &#8211; bazar ert\u0259si il\u0259 yeri d\u0259yi\u015fdiril\u0259c\u0259k, bazar ert\u0259si d\u0259&hellip;","_links":{"self":[{"href":"https:\/\/arantv.az\/index.php?rest_route=\/wp\/v2\/posts\/334651"}],"collection":[{"href":"https:\/\/arantv.az\/index.php?rest_route=\/wp\/v2\/posts"}],"about":[{"href":"https:\/\/arantv.az\/index.php?rest_route=\/wp\/v2\/types\/post"}],"author":[{"embeddable":true,"href":"https:\/\/arantv.az\/index.php?rest_route=\/wp\/v2\/users\/2"}],"replies":[{"embeddable":true,"href":"https:\/\/arantv.az\/index.php?rest_route=%2Fwp%2Fv2%2Fcomments&post=334651"}],"version-history":[{"count":0,"href":"https:\/\/arantv.az\/index.php?rest_route=\/wp\/v2\/posts\/334651\/revisions"}],"wp:featuredmedia":[{"embeddable":true,"href":"https:\/\/arantv.az\/index.php?rest_route=\/wp\/v2\/media\/334652"}],"wp:attachment":[{"href":"https:\/\/arantv.az\/index.php?rest_route=%2Fwp%2Fv2%2Fmedia&parent=334651"}],"wp:term":[{"taxonomy":"category","embeddable":true,"href":"https:\/\/arantv.az\/index.php?rest_route=%2Fwp%2Fv2%2Fcategories&post=334651"},{"taxonomy":"post_tag","embeddable":true,"href":"https:\/\/arantv.az\/index.php?rest_route=%2Fwp%2Fv2%2Ftags&post=334651"}],"curies":[{"name":"wp","href":"https:\/\/api.w.org\/{rel}","templated":true}]}}