{"id":334660,"date":"2021-05-06T10:04:15","date_gmt":"2021-05-06T07:04:15","guid":{"rendered":"https:\/\/arantv.az\/?p=334660"},"modified":"2021-05-06T10:04:15","modified_gmt":"2021-05-06T07:04:15","slug":"lukasenko-sevimli-sarayini-gost%c9%99rdi-video","status":"publish","type":"post","link":"https:\/\/arantv.az\/?p=334660","title":{"rendered":"Luka\u015fenko \u201csevimli saray\u0131n\u0131\u201d g\u00f6st\u0259rdi &#8211; V\u0130DEO"},"content":{"rendered":"<p>Belarus Prezidenti Aleksandr Luka\u015fenko Moldovan\u0131n ke\u00e7mi\u015f prezidenti \u0130qor Dodon il\u0259 \u015f\u0259h\u0259r xaricind\u0259 qeyri-r\u0259smi g\u00f6r\u00fc\u015f ke\u00e7irib v\u0259 ona \u201csevimli saray\u0131n\u0131\u201d g\u00f6st\u0259rib.<\/p>\n<p>Bu bar\u0259d\u0259 \u201cPul pervoqo\u201d \u201cTelegram\u201d kanal\u0131 x\u0259b\u0259r verib.<\/p>\n<div id=\"AdviadNativeVideo0\" class=\"AdviadNativeVideo\"><\/div>\n<div><iframe loading=\"lazy\" src=\"https:\/\/player.baku.tv\/embed\/37683\" width=\"560\" height=\"315\" frameborder=\"0\" allowfullscreen=\"allowfullscreen\" data-mce-fragment=\"1\"><\/iframe><\/div>\n<p>Siyas\u0259t\u00e7il\u0259r \u0259razini g\u0259zibl\u0259r, Belarus lideri dov\u015fan, at, d\u0259v\u0259qu\u015fu v\u0259 dig\u0259r heyvanlar\u0131n saxlan\u0131ld\u0131\u011f\u0131 ferman\u0131 g\u00f6st\u0259rib.<\/p>\n<p>Luka\u015fenko h\u0259m\u00e7inin bir m\u00fcdd\u0259t o\u011flu Nikolayla birlikd\u0259 ya\u015fad\u0131\u011f\u0131, ya\u015f\u0131l dam\u0131 v\u0259 bacas\u0131 olan bir m\u0259rt\u0259b\u0259li taxta evi g\u00f6st\u0259r\u0259r\u0259k, \u201cBu da m\u0259nim sevimli saray\u0131m\u201d deyib.<\/p>\n<p>D\u00f6vl\u0259t ba\u015f\u00e7\u0131s\u0131 \u0259razinin 37 hektar oldu\u011funu qeyd edib, bununla bel\u0259 onun ham\u0131s\u0131na sahib olmad\u0131\u011f\u0131n\u0131 vur\u011fulay\u0131b.<\/p>\n","protected":false},"excerpt":{"rendered":"<p>Belarus Prezidenti Aleksandr Luka\u015fenko Moldovan\u0131n ke\u00e7mi\u015f prezidenti \u0130qor Dodon il\u0259 \u015f\u0259h\u0259r xaricind\u0259 qeyri-r\u0259smi g\u00f6r\u00fc\u015f ke\u00e7irib v\u0259 ona \u201csevimli saray\u0131n\u0131\u201d g\u00f6st\u0259rib. Bu bar\u0259d\u0259 \u201cPul pervoqo\u201d \u201cTelegram\u201d kanal\u0131 x\u0259b\u0259r verib. Siyas\u0259t\u00e7il\u0259r \u0259razini g\u0259zibl\u0259r, Belarus lideri dov\u015fan, at, d\u0259v\u0259qu\u015fu v\u0259 dig\u0259r heyvanlar\u0131n saxlan\u0131ld\u0131\u011f\u0131 ferman\u0131 g\u00f6st\u0259rib. Luka\u015fenko h\u0259m\u00e7inin bir m\u00fcdd\u0259t o\u011flu Nikolayla birlikd\u0259 ya\u015fad\u0131\u011f\u0131, ya\u015f\u0131l dam\u0131 v\u0259 bacas\u0131 olan bir m\u0259rt\u0259b\u0259li taxta evi g\u00f6st\u0259r\u0259r\u0259k, \u201cBu da m\u0259nim sevimli saray\u0131m\u201d deyib. D\u00f6vl\u0259t ba\u015f\u00e7\u0131s\u0131 \u0259razinin 37 hektar oldu\u011funu qeyd edib, bununla bel\u0259 onun ham\u0131s\u0131na sahib olmad\u0131\u011f\u0131n\u0131 vur\u011fulay\u0131b.<\/p>\n","protected":false},"author":2,"featured_media":334661,"comment_status":"closed","ping_status":"closed","sticky":false,"template":"","format":"standard","meta":{"om_disable_all_campaigns":false,"_monsterinsights_skip_tracking":false,"_monsterinsights_sitenote_active":false,"_monsterinsights_sitenote_note":"","_monsterinsights_sitenote_category":0},"categories":[24],"tags":[],"aioseo_notices":[],"gutentor_comment":0,"rttpg_featured_image_url":{"full":["https:\/\/arantv.az\/wp-content\/uploads\/2021\/05\/Untitled-1-3.jpg",620,397,false],"landscape":["https:\/\/arantv.az\/wp-content\/uploads\/2021\/05\/Untitled-1-3.jpg",620,397,false],"portraits":["https:\/\/arantv.az\/wp-content\/uploads\/2021\/05\/Untitled-1-3.jpg",620,397,false],"thumbnail":["https:\/\/arantv.az\/wp-content\/uploads\/2021\/05\/Untitled-1-3-500x280.jpg",500,280,true],"medium":["https:\/\/arantv.az\/wp-content\/uploads\/2021\/05\/Untitled-1-3-570x365.jpg",570,365,true],"large":["https:\/\/arantv.az\/wp-content\/uploads\/2021\/05\/Untitled-1-3.jpg",620,397,false],"1536x1536":["https:\/\/arantv.az\/wp-content\/uploads\/2021\/05\/Untitled-1-3.jpg",620,397,false],"2048x2048":["https:\/\/arantv.az\/wp-content\/uploads\/2021\/05\/Untitled-1-3.jpg",620,397,false],"post-thumbnail":["https:\/\/arantv.az\/wp-content\/uploads\/2021\/05\/Untitled-1-3-240x172.jpg",240,172,true],"advps-thumb-one":["https:\/\/arantv.az\/wp-content\/uploads\/2021\/05\/Untitled-1-3.jpg",620,397,false]},"rttpg_author":{"display_name":"V\u00fcsal Rafiqo\u011flu","author_link":"https:\/\/arantv.az\/?author=2"},"rttpg_comment":0,"rttpg_category":"<a href=\"https:\/\/arantv.az\/?cat=24\" rel=\"category\">Maraql\u0131<\/a>","rttpg_excerpt":"Belarus Prezidenti Aleksandr Luka\u015fenko Moldovan\u0131n ke\u00e7mi\u015f prezidenti \u0130qor Dodon il\u0259 \u015f\u0259h\u0259r xaricind\u0259 qeyri-r\u0259smi g\u00f6r\u00fc\u015f ke\u00e7irib v\u0259 ona \u201csevimli saray\u0131n\u0131\u201d g\u00f6st\u0259rib. Bu bar\u0259d\u0259 \u201cPul pervoqo\u201d \u201cTelegram\u201d kanal\u0131 x\u0259b\u0259r verib. Siyas\u0259t\u00e7il\u0259r \u0259razini g\u0259zibl\u0259r, Belarus lideri dov\u015fan, at, d\u0259v\u0259qu\u015fu v\u0259 dig\u0259r heyvanlar\u0131n saxlan\u0131ld\u0131\u011f\u0131 ferman\u0131 g\u00f6st\u0259rib. Luka\u015fenko h\u0259m\u00e7inin bir m\u00fcdd\u0259t o\u011flu Nikolayla birlikd\u0259 ya\u015fad\u0131\u011f\u0131, ya\u015f\u0131l dam\u0131 v\u0259 bacas\u0131 olan&hellip;","_links":{"self":[{"href":"https:\/\/arantv.az\/index.php?rest_route=\/wp\/v2\/posts\/334660"}],"collection":[{"href":"https:\/\/arantv.az\/index.php?rest_route=\/wp\/v2\/posts"}],"about":[{"href":"https:\/\/arantv.az\/index.php?rest_route=\/wp\/v2\/types\/post"}],"author":[{"embeddable":true,"href":"https:\/\/arantv.az\/index.php?rest_route=\/wp\/v2\/users\/2"}],"replies":[{"embeddable":true,"href":"https:\/\/arantv.az\/index.php?rest_route=%2Fwp%2Fv2%2Fcomments&post=334660"}],"version-history":[{"count":0,"href":"https:\/\/arantv.az\/index.php?rest_route=\/wp\/v2\/posts\/334660\/revisions"}],"wp:featuredmedia":[{"embeddable":true,"href":"https:\/\/arantv.az\/index.php?rest_route=\/wp\/v2\/media\/334661"}],"wp:attachment":[{"href":"https:\/\/arantv.az\/index.php?rest_route=%2Fwp%2Fv2%2Fmedia&parent=334660"}],"wp:term":[{"taxonomy":"category","embeddable":true,"href":"https:\/\/arantv.az\/index.php?rest_route=%2Fwp%2Fv2%2Fcategories&post=334660"},{"taxonomy":"post_tag","embeddable":true,"href":"https:\/\/arantv.az\/index.php?rest_route=%2Fwp%2Fv2%2Ftags&post=334660"}],"curies":[{"name":"wp","href":"https:\/\/api.w.org\/{rel}","templated":true}]}}