{"id":334663,"date":"2021-05-06T10:11:26","date_gmt":"2021-05-06T07:11:26","guid":{"rendered":"https:\/\/arantv.az\/?p=334663"},"modified":"2021-05-06T10:11:26","modified_gmt":"2021-05-06T07:11:26","slug":"erm%c9%99nil%c9%99rin-az%c9%99rbaycanlilara-qarsi-nifr%c9%99ti-n%c9%99sild%c9%99n-n%c9%99sl%c9%99-t%c9%99lqin-edilib-politoloq","status":"publish","type":"post","link":"https:\/\/arantv.az\/?p=334663","title":{"rendered":"Erm\u0259nil\u0259rin az\u0259rbaycanl\u0131lara qar\u015f\u0131 nifr\u0259ti n\u0259sild\u0259n-n\u0259sl\u0259 t\u0259lqin edilib &#8211; Politoloq"},"content":{"rendered":"<p>Erm\u0259nil\u0259r tarixboyu az\u0259rbaycanl\u0131lara qar\u015f\u0131 nifr\u0259t hissi duyub, m\u00fcxt\u0259lif d\u00f6vrl\u0259rd\u0259 xalq\u0131m\u0131za qar\u015f\u0131 soyq\u0131r\u0131m\u0131, etnik t\u0259mizl\u0259m\u0259 siyas\u0259ti h\u0259yata ke\u00e7irib, bununla kifay\u0259tl\u0259nm\u0259yib biz\u0259 psixoloji basq\u0131, silahl\u0131 h\u00fccumlar edibl\u0259r.<\/p>\n<p><strong>ARANTV.AZ<\/strong>\u00a0 bildirir ki, bunu <a href=\"https:\/\/az.trend.az\/\" target=\"_blank\" rel=\"noopener\">Trend<\/a>-\u0259\u00a0politoloq \u015e\u0259bn\u0259m H\u0259s\u0259nova deyib.<\/p>\n<p><img src=\"https:\/\/img.milli.az\/2021\/05\/06\/946161.jpg\" alt=\"\" \/><\/p>\n<p>\u015e.H\u0259s\u0259nova bildirib ki, tarixi faktlar da s\u00fcbut edir ki, Az\u0259rbaycan torpaqlar\u0131n\u0131 par\u00e7alamaq, \u00f6zl\u0259rin\u0259 etnik dayaq yaratmaq, Az\u0259rbaycan t\u00fcrkl\u0259rinin Osmanl\u0131 imperiyas\u0131 il\u0259 \u0259laq\u0259l\u0259rinin g\u00fccl\u0259nm\u0259sinin qar\u015f\u0131s\u0131n\u0131 almaq \u00fc\u00e7\u00fcn m\u0259qs\u0259dli \u015f\u0259kild\u0259 tarixi torpaqlar\u0131m\u0131za h\u0259r il daha \u00e7ox erm\u0259ni k\u00f6\u00e7\u00fcr\u00fclm\u00fc\u015fd\u00fcr:<\/p>\n<p>&#8220;Bel\u0259likl\u0259 d\u0259, tarix boyu xarici havadarlar\u0131ndan d\u0259st\u0259k g\u00f6r\u0259n Erm\u0259nistan, erm\u0259nil\u0259r, \u0259slind\u0259, al\u0259t kimi istifad\u0259 olunmu\u015flar. Bu siyas\u0259tin n\u0259tic\u0259si kimi 20 faiz torpa\u011f\u0131m\u0131z i\u015f\u011fal olunmu\u015f, 1 milyondan art\u0131q soyda\u015f\u0131m\u0131z\u0131n fundamental h\u00fcquqlar\u0131 tapdalanm\u0131\u015fd\u0131.<\/p>\n<p>H\u0259rbi v\u0259 m\u00fclki \u0259haliy\u0259 f\u0259rq qoymadan sad\u0259c\u0259 insanlar\u0131m\u0131za qar\u015f\u0131 deyil, Xeyriyy\u0259 c\u0259miyy\u0259ti binas\u0131, \u0130smailliy\u0259 binas\u0131 kimi daha ne\u00e7\u0259-ne\u00e7\u0259 inzibati \u0259h\u0259miyy\u0259tli binalar\u0131m\u0131za, tarixi abid\u0259l\u0259rimiz\u0259, m\u0259scidl\u0259rimiz\u0259 olan h\u00fccumlar g\u00f6st\u0259rir ki, erm\u0259nil\u0259rin az\u0259rbaycanl\u0131lara qar\u015f\u0131 nifr\u0259ti sad\u0259c\u0259 bir n\u0259sil \u015f\u0259c\u0259r\u0259si il\u0259 m\u0259hdudla\u015fm\u0131r, onlar\u0131n biz\u0259 qar\u015f\u0131 olan nifr\u0259ti n\u0259sild\u0259n-n\u0259sil\u0259 \u00f6t\u00fcr\u00fcl\u0259r\u0259k d\u00fc\u015fm\u0259n\u00e7ilik h\u0259ddin\u0259 \u00e7at\u0131b.<\/p>\n<p>Erm\u0259nil\u0259r o d\u0259r\u0259c\u0259d\u0259 tarixi saxtala\u015fd\u0131rmaqla m\u0259\u015f\u011ful olublar ki, \u0259razi iddialar\u0131 sad\u0259c\u0259 Az\u0259rbaycana qar\u015f\u0131 deyil, dig\u0259r region \u00f6lk\u0259l\u0259rin\u0259 qar\u015f\u0131 da ba\u015f qald\u0131r\u0131b. Nifr\u0259t hissi \u00f6k\u0259nin birinci \u015f\u0259xsl\u0259rinin \u00e7\u0131x\u0131\u015flar\u0131nda, siyasi elitan\u0131n dilind\u0259 d\u0259 ehtiva olunmu\u015fdur. \u015eovinist Zori Balayan \u00f6z stolust\u00fc &#8220;Ocaq&#8221; kitab\u0131nda bu v\u0259h\u015filikl\u0259ri q\u00fcrurla q\u0259l\u0259m\u0259 al\u0131b. Arutunyan biz\u0259 qar\u015f\u0131 olan d\u00fc\u015fm\u0259n\u00e7ilik hissl\u0259rini &#8220;m\u00fcmk\u00fcns\u0259 daha \u00e7ox \u00f6ld\u00fcr, talan et, he\u00e7 kim\u0259 r\u0259hm etm\u0259&#8221; \u015f\u00fcar\u0131 il\u0259 \u00f6z xalq\u0131na t\u0259lqin edib. Mart soyq\u0131r\u0131m\u0131, Xocal\u0131 soyq\u0131r\u0131m\u0131, A\u011fdaban, Ba\u015fl\u0131bel, Ball\u0131qaya faci\u0259si azm\u0131\u015f kimi 2011-ci ild\u0259 Erm\u0259nistan silahl\u0131 qu\u0308vv\u0259l\u0259ri t\u0259r\u0259find\u0259n 9 yas\u0327l\u0131 az\u0259rbaycanl\u0131 Fariz B\u0259d\u0259lov v\u0259 eyni ild\u0259 S\u0327ahmal\u0131yeva Aygu\u0308n Zir\u0259ddin q\u0131z\u0131 q\u0259tl\u0259 yetirilmi\u015fdir. Haqq sava\u015f\u0131m\u0131z zaman\u0131, 44 g\u00fcnl\u00fck m\u00fcharib\u0259 \u00e7\u0259r\u00e7iv\u0259sind\u0259 G\u0259nc\u0259 v\u0259 B\u0259rd\u0259d\u0259 m\u00fclki \u0259halimiz q\u0259tl\u0259 yetirilib, m\u0259d\u0259ni v\u0259 dini abid\u0259l\u0259rimiz yerl\u0259-yeksan edilib&#8221;.<\/p>\n<p>Politoloq bildirib ki, baxmayaraq ki, BMT, Avropa S\u0327uras\u0131 v\u0259 dig\u0259r mu\u0308vafiq nu\u0308fuzlu beyn\u0259lxalq t\u0259\u015fkilatlar is\u0327g\u0306ala son qoyulmas\u0131 il\u0259 bag\u0306l\u0131 s\u0259n\u0259dl\u0259r q\u0259bul edibl\u0259r Erm\u0259nistan bunlara m\u0259h\u0259l qoymay\u0131b, beyn\u0259lxalq h\u00fcququn norma v\u0259 prinsipl\u0259rini tapdalay\u0131b El\u0259 Erm\u0259nistan\u0131n bu c\u0259zas\u0131zl\u0131q sindromunun n\u0259tic\u0259sidir ki, onlar daha da az\u011f\u0131nla\u015f\u0131blar.<\/p>\n<p>Xaricd\u0259 yas\u0327ayan havadarlar\u0131n\u0131n d\u0259st\u0259yi il\u0259 Erm\u0259nistan siyasi r\u0259hb\u0259rliyi, ekstremist qruplar\u0131 ist\u0259r milli, ist\u0259rs\u0259 d\u0259 beyn\u0259lxalq s\u0259viyy\u0259d\u0259 uzun ill\u0259r anti-Az\u0259rbaycan siyas\u0259ti h\u0259yata ke\u00e7iribl\u0259r. Erm\u0259nistanda anti-az\u0259rbaycan kampaniyas\u0131na d\u00f6vl\u0259t himay\u0259si var. Bel\u0259 ki, y\u00fcks\u0259k ranql\u0131 m\u0259murlar, siyas\u0259t\u00e7il\u0259r xalq qar\u015f\u0131s\u0131nda \u00e7\u0131x\u0131\u015flar\u0131 zaman\u0131 nifr\u0259t toxumlar\u0131 s\u0259p\u0259n fikirl\u0259r s\u0259sl\u0259ndirm\u0259kd\u0259n \u00e7\u0259kinmirl\u0259r. Az\u0259rbaycanl\u0131ya, t\u00fcrk\u0259 nifr\u0259ti sad\u0259c\u0259 azya\u015fl\u0131 u\u015faqlara a\u015f\u0131lamaqla kifay\u0259tl\u0259nm\u0259yib, m\u0259tbuatda v\u0259 &#8220;Tik tok&#8221;, &#8220;Youtube&#8221;, &#8220;Instagram&#8221; kimi sosial \u015f\u0259b\u0259k\u0259l\u0259rd\u0259 nifr\u0259t hissl\u0259ri il\u0259 dolu olan fikirl\u0259r t\u0259kc\u0259 sad\u0259 erm\u0259ni xalq\u0131 t\u0259r\u0259find\u0259n deyil, erm\u0259ni liderl\u0259ri v\u0259 siyas\u0259tc\u0327il\u0259ri t\u0259r\u0259find\u0259n d\u0259 s\u0259sl\u0259ndirilib. Bel\u0259 ki, m\u00fcharib\u0259 d\u00f6vr\u00fcnd\u0259 az\u0259rbaycanl\u0131lara qars\u0327\u0131 Naira Zohrabyan, Lilit Gyozalyan v\u0259 s. kimi erm\u0259ni \u0259silli siyas\u0259tc\u0327il\u0259rinin d\u00fc\u015fm\u0259n\u00e7ilik z\u0259minind\u0259 nifr\u0259t nitqi il\u0259 \u0259haliy\u0259 s\u0259sl\u0259nm\u0259si Erm\u0259nistan silahl\u0131 qu\u0308vv\u0259l\u0259rinin no\u0308vb\u0259ti d\u0259f\u0259 Az\u0259rbaycan\u0131n mu\u0308lki s\u0327\u0259xsl\u0259r yas\u0327ayan \u0259razil\u0259rind\u0259 mu\u0308harib\u0259 cinay\u0259ti to\u0308r\u0259tm\u0259sin\u0259 z\u0259min yaratd\u0131. El\u0259 Ko\u00e7aryan\u0131n 2003-c\u00fc ild\u0259 dediyi &#8220;Az\u0259rbaycanl\u0131lar v\u0259 erm\u0259nil\u0259r &#8220;etnik bax\u0131mdan uyg\u0306unsuz&#8221; idil\u0259r v\u0259 Qarabag\u0306dak\u0131 erm\u0259ni \u0259halinin Az\u0259rbaycan do\u0308vl\u0259ti daxilind\u0259 yas\u0327amas\u0131 qeyri-mu\u0308mku\u0308n idi&#8221; fikri bu nifr\u0259t dolu fikirl\u0259rd\u0259n yaln\u0131z biridir.<\/p>\n<p>B\u00fct\u00fcn bu m\u0259s\u0259l\u0259l\u0259r &#8220;Az\u0259rbaycanl\u0131lara qars\u0327\u0131 nifr\u0259t cinay\u0259tl\u0259ri v\u0259 nifr\u0259t nitqin\u0259 dair&#8221; hesabatda da Az\u0259rbaycan Respublikas\u0131n\u0131n I\u0307nsan Hu\u0308quqlar\u0131 u\u0308zr\u0259 Mu\u0308v\u0259kkili (Ombudsman) t\u0259r\u0259find\u0259n tarixi faktlarla, d\u0259lil v\u0259 s\u00fcbutlarla detall\u0131 \u015f\u0259kild\u0259 g\u00f6st\u0259rilib&#8221;.<\/p>\n","protected":false},"excerpt":{"rendered":"<p>Erm\u0259nil\u0259r tarixboyu az\u0259rbaycanl\u0131lara qar\u015f\u0131 nifr\u0259t hissi duyub, m\u00fcxt\u0259lif d\u00f6vrl\u0259rd\u0259 xalq\u0131m\u0131za qar\u015f\u0131 soyq\u0131r\u0131m\u0131, etnik t\u0259mizl\u0259m\u0259 siyas\u0259ti h\u0259yata ke\u00e7irib, bununla kifay\u0259tl\u0259nm\u0259yib biz\u0259 psixoloji basq\u0131, silahl\u0131 h\u00fccumlar edibl\u0259r. ARANTV.AZ\u00a0 bildirir ki, bunu Trend-\u0259\u00a0politoloq \u015e\u0259bn\u0259m H\u0259s\u0259nova deyib. \u015e.H\u0259s\u0259nova bildirib ki, tarixi faktlar da s\u00fcbut edir ki, Az\u0259rbaycan torpaqlar\u0131n\u0131 par\u00e7alamaq, \u00f6zl\u0259rin\u0259 etnik dayaq yaratmaq, Az\u0259rbaycan t\u00fcrkl\u0259rinin Osmanl\u0131 imperiyas\u0131 il\u0259 \u0259laq\u0259l\u0259rinin g\u00fccl\u0259nm\u0259sinin qar\u015f\u0131s\u0131n\u0131 almaq \u00fc\u00e7\u00fcn m\u0259qs\u0259dli \u015f\u0259kild\u0259 tarixi torpaqlar\u0131m\u0131za h\u0259r il daha \u00e7ox erm\u0259ni k\u00f6\u00e7\u00fcr\u00fclm\u00fc\u015fd\u00fcr: &#8220;Bel\u0259likl\u0259 d\u0259, tarix boyu xarici havadarlar\u0131ndan d\u0259st\u0259k g\u00f6r\u0259n Erm\u0259nistan, erm\u0259nil\u0259r, \u0259slind\u0259, al\u0259t kimi istifad\u0259 olunmu\u015flar. Bu siyas\u0259tin n\u0259tic\u0259si kimi 20 faiz&hellip;<\/p>\n","protected":false},"author":2,"featured_media":334664,"comment_status":"closed","ping_status":"closed","sticky":false,"template":"","format":"standard","meta":{"om_disable_all_campaigns":false,"_monsterinsights_skip_tracking":false,"_monsterinsights_sitenote_active":false,"_monsterinsights_sitenote_note":"","_monsterinsights_sitenote_category":0},"categories":[4],"tags":[],"aioseo_notices":[],"gutentor_comment":0,"rttpg_featured_image_url":{"full":["https:\/\/arantv.az\/wp-content\/uploads\/2021\/05\/ermenistan_0285-2.jpg",800,600,false],"landscape":["https:\/\/arantv.az\/wp-content\/uploads\/2021\/05\/ermenistan_0285-2.jpg",800,600,false],"portraits":["https:\/\/arantv.az\/wp-content\/uploads\/2021\/05\/ermenistan_0285-2.jpg",800,600,false],"thumbnail":["https:\/\/arantv.az\/wp-content\/uploads\/2021\/05\/ermenistan_0285-2-500x280.jpg",500,280,true],"medium":["https:\/\/arantv.az\/wp-content\/uploads\/2021\/05\/ermenistan_0285-2-487x365.jpg",487,365,true],"large":["https:\/\/arantv.az\/wp-content\/uploads\/2021\/05\/ermenistan_0285-2.jpg",640,480,false],"1536x1536":["https:\/\/arantv.az\/wp-content\/uploads\/2021\/05\/ermenistan_0285-2.jpg",800,600,false],"2048x2048":["https:\/\/arantv.az\/wp-content\/uploads\/2021\/05\/ermenistan_0285-2.jpg",800,600,false],"post-thumbnail":["https:\/\/arantv.az\/wp-content\/uploads\/2021\/05\/ermenistan_0285-2-240x172.jpg",240,172,true],"advps-thumb-one":["https:\/\/arantv.az\/wp-content\/uploads\/2021\/05\/ermenistan_0285-2.jpg",800,600,false]},"rttpg_author":{"display_name":"V\u00fcsal Rafiqo\u011flu","author_link":"https:\/\/arantv.az\/?author=2"},"rttpg_comment":0,"rttpg_category":"<a href=\"https:\/\/arantv.az\/?cat=4\" rel=\"category\">Siyas\u0259t<\/a>","rttpg_excerpt":"Erm\u0259nil\u0259r tarixboyu az\u0259rbaycanl\u0131lara qar\u015f\u0131 nifr\u0259t hissi duyub, m\u00fcxt\u0259lif d\u00f6vrl\u0259rd\u0259 xalq\u0131m\u0131za qar\u015f\u0131 soyq\u0131r\u0131m\u0131, etnik t\u0259mizl\u0259m\u0259 siyas\u0259ti h\u0259yata ke\u00e7irib, bununla kifay\u0259tl\u0259nm\u0259yib biz\u0259 psixoloji basq\u0131, silahl\u0131 h\u00fccumlar edibl\u0259r. ARANTV.AZ\u00a0 bildirir ki, bunu Trend-\u0259\u00a0politoloq \u015e\u0259bn\u0259m H\u0259s\u0259nova deyib. \u015e.H\u0259s\u0259nova bildirib ki, tarixi faktlar da s\u00fcbut edir ki, Az\u0259rbaycan torpaqlar\u0131n\u0131 par\u00e7alamaq, \u00f6zl\u0259rin\u0259 etnik dayaq yaratmaq, Az\u0259rbaycan t\u00fcrkl\u0259rinin Osmanl\u0131 imperiyas\u0131 il\u0259 \u0259laq\u0259l\u0259rinin&hellip;","_links":{"self":[{"href":"https:\/\/arantv.az\/index.php?rest_route=\/wp\/v2\/posts\/334663"}],"collection":[{"href":"https:\/\/arantv.az\/index.php?rest_route=\/wp\/v2\/posts"}],"about":[{"href":"https:\/\/arantv.az\/index.php?rest_route=\/wp\/v2\/types\/post"}],"author":[{"embeddable":true,"href":"https:\/\/arantv.az\/index.php?rest_route=\/wp\/v2\/users\/2"}],"replies":[{"embeddable":true,"href":"https:\/\/arantv.az\/index.php?rest_route=%2Fwp%2Fv2%2Fcomments&post=334663"}],"version-history":[{"count":0,"href":"https:\/\/arantv.az\/index.php?rest_route=\/wp\/v2\/posts\/334663\/revisions"}],"wp:featuredmedia":[{"embeddable":true,"href":"https:\/\/arantv.az\/index.php?rest_route=\/wp\/v2\/media\/334664"}],"wp:attachment":[{"href":"https:\/\/arantv.az\/index.php?rest_route=%2Fwp%2Fv2%2Fmedia&parent=334663"}],"wp:term":[{"taxonomy":"category","embeddable":true,"href":"https:\/\/arantv.az\/index.php?rest_route=%2Fwp%2Fv2%2Fcategories&post=334663"},{"taxonomy":"post_tag","embeddable":true,"href":"https:\/\/arantv.az\/index.php?rest_route=%2Fwp%2Fv2%2Ftags&post=334663"}],"curies":[{"name":"wp","href":"https:\/\/api.w.org\/{rel}","templated":true}]}}