{"id":334666,"date":"2021-05-06T10:12:30","date_gmt":"2021-05-06T07:12:30","guid":{"rendered":"https:\/\/arantv.az\/?p=334666"},"modified":"2021-05-06T10:12:30","modified_gmt":"2021-05-06T07:12:30","slug":"susa-doyusl%c9%99rinin-istirakcisi-olmus-zabit-v%c9%99fat-etdi","status":"publish","type":"post","link":"https:\/\/arantv.az\/?p=334666","title":{"rendered":"\u015eu\u015fa d\u00f6y\u00fc\u015fl\u0259rinin i\u015ftirak\u00e7\u0131s\u0131 olmu\u015f zabit v\u0259fat etdi"},"content":{"rendered":"<p>V\u0259t\u0259n m\u00fcharib\u0259sinin i\u015ftirak\u00e7\u0131s\u0131 d\u00fcnyas\u0131n\u0131 d\u0259yi\u015fib.<\/p>\n<p>Bu bar\u0259d\u0259 Daxili \u0130\u015fl\u0259r Nazirliyinin (D\u0130N) m\u0259tbuat xidm\u0259tind\u0259n m\u0259lumat verilib.<\/p>\n<p>Bildirilib ki, D\u0130N-in Daxili Qo\u015funlar\u0131n h\u0259rbi qulluq\u00e7usu, leytenant R\u00fcf\u0259t N\u0259bizad\u0259 torpaqlar\u0131m\u0131z\u0131n i\u015f\u011faldan azad edilm\u0259si u\u011frunda ged\u0259n V\u0259t\u0259n m\u00fcharib\u0259sind\u0259 i\u015ftirak edib \u015eu\u015faya q\u0259d\u0259r d\u00f6y\u00fc\u015f yolu ke\u00e7ib:<\/p>\n<p>\u201cZabitimiz Az\u0259rbaycan Respublikas\u0131n\u0131n Prezidenti, Silahl\u0131 Q\u00fcvv\u0259l\u0259rin Ali Ba\u015f Komandan\u0131 \u0130lham \u018fliyevin s\u0259r\u0259ncamlar\u0131 il\u0259 \u201cF\u00fczulinin azad olunmas\u0131na g\u00f6r\u0259\u201d, \u201cC\u0259bray\u0131l\u0131n azad olunmas\u0131na g\u00f6r\u0259\u201d v\u0259 \u201c\u015eu\u015fan\u0131n azad olunmas\u0131na g\u00f6r\u0259\u201d medallar\u0131 il\u0259 t\u0259ltif olunub.<\/p>\n<p>O, m\u00fcharib\u0259d\u0259 ald\u0131\u011f\u0131 a\u011f\u0131r kontuziya s\u0259b\u0259bind\u0259n bir m\u00fcdd\u0259t Daxili \u0130\u015fl\u0259r Nazirliyinin Hospital\u0131nda m\u00fcalic\u0259 al\u0131b.<\/p>\n<p>\u00c7ox t\u0259\u0259ss\u00fcf ki, R.N\u0259bizad\u0259 \u00f6t\u0259n g\u00fcn d\u00fcnyas\u0131n\u0131 d\u0259yi\u015fib\u201d.<\/p>\n","protected":false},"excerpt":{"rendered":"<p>V\u0259t\u0259n m\u00fcharib\u0259sinin i\u015ftirak\u00e7\u0131s\u0131 d\u00fcnyas\u0131n\u0131 d\u0259yi\u015fib. Bu bar\u0259d\u0259 Daxili \u0130\u015fl\u0259r Nazirliyinin (D\u0130N) m\u0259tbuat xidm\u0259tind\u0259n m\u0259lumat verilib. Bildirilib ki, D\u0130N-in Daxili Qo\u015funlar\u0131n h\u0259rbi qulluq\u00e7usu, leytenant R\u00fcf\u0259t N\u0259bizad\u0259 torpaqlar\u0131m\u0131z\u0131n i\u015f\u011faldan azad edilm\u0259si u\u011frunda ged\u0259n V\u0259t\u0259n m\u00fcharib\u0259sind\u0259 i\u015ftirak edib \u015eu\u015faya q\u0259d\u0259r d\u00f6y\u00fc\u015f yolu ke\u00e7ib: \u201cZabitimiz Az\u0259rbaycan Respublikas\u0131n\u0131n Prezidenti, Silahl\u0131 Q\u00fcvv\u0259l\u0259rin Ali Ba\u015f Komandan\u0131 \u0130lham \u018fliyevin s\u0259r\u0259ncamlar\u0131 il\u0259 \u201cF\u00fczulinin azad olunmas\u0131na g\u00f6r\u0259\u201d, \u201cC\u0259bray\u0131l\u0131n azad olunmas\u0131na g\u00f6r\u0259\u201d v\u0259 \u201c\u015eu\u015fan\u0131n azad olunmas\u0131na g\u00f6r\u0259\u201d medallar\u0131 il\u0259 t\u0259ltif olunub. O, m\u00fcharib\u0259d\u0259 ald\u0131\u011f\u0131 a\u011f\u0131r kontuziya s\u0259b\u0259bind\u0259n bir m\u00fcdd\u0259t Daxili \u0130\u015fl\u0259r Nazirliyinin Hospital\u0131nda m\u00fcalic\u0259 al\u0131b. \u00c7ox t\u0259\u0259ss\u00fcf ki, R.N\u0259bizad\u0259 \u00f6t\u0259n g\u00fcn&hellip;<\/p>\n","protected":false},"author":2,"featured_media":334667,"comment_status":"closed","ping_status":"closed","sticky":false,"template":"","format":"standard","meta":{"om_disable_all_campaigns":false,"_monsterinsights_skip_tracking":false,"_monsterinsights_sitenote_active":false,"_monsterinsights_sitenote_note":"","_monsterinsights_sitenote_category":0},"categories":[26],"tags":[],"aioseo_notices":[],"gutentor_comment":0,"rttpg_featured_image_url":{"full":["https:\/\/arantv.az\/wp-content\/uploads\/2021\/05\/1402f0d8-860c-4d99-9d77-f81e88177fdb.jpg",620,420,false],"landscape":["https:\/\/arantv.az\/wp-content\/uploads\/2021\/05\/1402f0d8-860c-4d99-9d77-f81e88177fdb.jpg",620,420,false],"portraits":["https:\/\/arantv.az\/wp-content\/uploads\/2021\/05\/1402f0d8-860c-4d99-9d77-f81e88177fdb.jpg",620,420,false],"thumbnail":["https:\/\/arantv.az\/wp-content\/uploads\/2021\/05\/1402f0d8-860c-4d99-9d77-f81e88177fdb-500x280.jpg",500,280,true],"medium":["https:\/\/arantv.az\/wp-content\/uploads\/2021\/05\/1402f0d8-860c-4d99-9d77-f81e88177fdb-539x365.jpg",539,365,true],"large":["https:\/\/arantv.az\/wp-content\/uploads\/2021\/05\/1402f0d8-860c-4d99-9d77-f81e88177fdb.jpg",620,420,false],"1536x1536":["https:\/\/arantv.az\/wp-content\/uploads\/2021\/05\/1402f0d8-860c-4d99-9d77-f81e88177fdb.jpg",620,420,false],"2048x2048":["https:\/\/arantv.az\/wp-content\/uploads\/2021\/05\/1402f0d8-860c-4d99-9d77-f81e88177fdb.jpg",620,420,false],"post-thumbnail":["https:\/\/arantv.az\/wp-content\/uploads\/2021\/05\/1402f0d8-860c-4d99-9d77-f81e88177fdb-240x172.jpg",240,172,true],"advps-thumb-one":["https:\/\/arantv.az\/wp-content\/uploads\/2021\/05\/1402f0d8-860c-4d99-9d77-f81e88177fdb.jpg",620,420,false]},"rttpg_author":{"display_name":"V\u00fcsal Rafiqo\u011flu","author_link":"https:\/\/arantv.az\/?author=2"},"rttpg_comment":0,"rttpg_category":"<a href=\"https:\/\/arantv.az\/?cat=26\" rel=\"category\">Sosial<\/a>","rttpg_excerpt":"V\u0259t\u0259n m\u00fcharib\u0259sinin i\u015ftirak\u00e7\u0131s\u0131 d\u00fcnyas\u0131n\u0131 d\u0259yi\u015fib. Bu bar\u0259d\u0259 Daxili \u0130\u015fl\u0259r Nazirliyinin (D\u0130N) m\u0259tbuat xidm\u0259tind\u0259n m\u0259lumat verilib. Bildirilib ki, D\u0130N-in Daxili Qo\u015funlar\u0131n h\u0259rbi qulluq\u00e7usu, leytenant R\u00fcf\u0259t N\u0259bizad\u0259 torpaqlar\u0131m\u0131z\u0131n i\u015f\u011faldan azad edilm\u0259si u\u011frunda ged\u0259n V\u0259t\u0259n m\u00fcharib\u0259sind\u0259 i\u015ftirak edib \u015eu\u015faya q\u0259d\u0259r d\u00f6y\u00fc\u015f yolu ke\u00e7ib: \u201cZabitimiz Az\u0259rbaycan Respublikas\u0131n\u0131n Prezidenti, Silahl\u0131 Q\u00fcvv\u0259l\u0259rin Ali Ba\u015f Komandan\u0131 \u0130lham \u018fliyevin s\u0259r\u0259ncamlar\u0131 il\u0259 \u201cF\u00fczulinin azad&hellip;","_links":{"self":[{"href":"https:\/\/arantv.az\/index.php?rest_route=\/wp\/v2\/posts\/334666"}],"collection":[{"href":"https:\/\/arantv.az\/index.php?rest_route=\/wp\/v2\/posts"}],"about":[{"href":"https:\/\/arantv.az\/index.php?rest_route=\/wp\/v2\/types\/post"}],"author":[{"embeddable":true,"href":"https:\/\/arantv.az\/index.php?rest_route=\/wp\/v2\/users\/2"}],"replies":[{"embeddable":true,"href":"https:\/\/arantv.az\/index.php?rest_route=%2Fwp%2Fv2%2Fcomments&post=334666"}],"version-history":[{"count":0,"href":"https:\/\/arantv.az\/index.php?rest_route=\/wp\/v2\/posts\/334666\/revisions"}],"wp:featuredmedia":[{"embeddable":true,"href":"https:\/\/arantv.az\/index.php?rest_route=\/wp\/v2\/media\/334667"}],"wp:attachment":[{"href":"https:\/\/arantv.az\/index.php?rest_route=%2Fwp%2Fv2%2Fmedia&parent=334666"}],"wp:term":[{"taxonomy":"category","embeddable":true,"href":"https:\/\/arantv.az\/index.php?rest_route=%2Fwp%2Fv2%2Fcategories&post=334666"},{"taxonomy":"post_tag","embeddable":true,"href":"https:\/\/arantv.az\/index.php?rest_route=%2Fwp%2Fv2%2Ftags&post=334666"}],"curies":[{"name":"wp","href":"https:\/\/api.w.org\/{rel}","templated":true}]}}