{"id":334672,"date":"2021-05-06T10:27:41","date_gmt":"2021-05-06T07:27:41","guid":{"rendered":"https:\/\/arantv.az\/?p=334672"},"modified":"2021-05-06T10:27:41","modified_gmt":"2021-05-06T07:27:41","slug":"politoloq-putin-v%c9%99-zelenski-bakida-gorus%c9%99-bil%c9%99r","status":"publish","type":"post","link":"https:\/\/arantv.az\/?p=334672","title":{"rendered":"Politoloq: \u201cPutin v\u0259 Zelenski Bak\u0131da g\u00f6r\u00fc\u015f\u0259 bil\u0259r\u201d"},"content":{"rendered":"<p>Art\u0131q bir ne\u00e7\u0259 h\u0259ft\u0259dir ki, Ukraynada \u00f6lk\u0259 Prezidenti Vladimir Zelenski il\u0259 rusiyal\u0131 h\u0259mkar\u0131 Vladimir Putin aras\u0131nda g\u00f6r\u00fc\u015f\u00fcn m\u00fcmk\u00fcnl\u00fcy\u00fc m\u00fczakir\u0259 edilir. Variantlar kimi Vatikan da daxil olmaqla m\u00fcxt\u0259lif yerl\u0259rin adlar\u0131 \u00e7\u0259kilib. Ukrayna d\u00f6vl\u0259t ba\u015f\u00e7\u0131s\u0131 art\u0131q Prezident Aparat\u0131n\u0131n r\u0259hb\u0259ri Andrey Yermaka Putin administrasiyas\u0131 il\u0259 \u0259laq\u0259 yaratmaq v\u0259 prezidentl\u0259rin g\u00f6r\u00fc\u015f\u0259 bil\u0259c\u0259yi \u015f\u0259h\u0259r, yer v\u0259 tarixi q\u0259rarla\u015fmaq bar\u0259d\u0259 tap\u015f\u0131r\u0131q verdiyini bildirib.<\/p>\n<p>Dan\u0131\u015f\u0131qlar\u0131n m\u00f6vzusu h\u0259qiq\u0259t\u0259n vacibdir. Ukrayna Xarici \u0130\u015fl\u0259r naziri Dmitri Kuleban\u0131n s\u00f6zl\u0259rin\u0259 g\u00f6r\u0259, bu, Ukraynadak\u0131 m\u00fcharib\u0259nin sonu v\u0259 \u0259razil\u0259rin i\u015f\u011faldan azad edilm\u0259sidir.<\/p>\n<p>Ukraynal\u0131 politoloq Natalya Belous\u00a0<a href=\"https:\/\/caliber.az\/post\/nataliya-belous-baku-eto-lucsaya-ploshhadka-dlya-dialoga-mezdu-kievom-i-moskvoi-7541?fbclid=IwAR23ym9d4AV_4uMFLMWXLYAXuuXv_owJOtxtN5g-vOZkP5XYxEEjc5h4M4k\" target=\"_blank\" rel=\"noopener\">Caliber.Az<\/a>-a verdiyi m\u00fcsahib\u0259sind\u0259 Ukraynada bel\u0259 bir g\u00f6r\u00fc\u015f\u00fcn \u00e7oxdan g\u00f6zl\u0259nildiyini qeyd edib:<\/p>\n<div id=\"AdviadNativeVideo0\" class=\"AdviadNativeVideo\"><\/div>\n<p>\u201c\u00d6lk\u0259nin \u015f\u0259rqind\u0259ki m\u00fcharib\u0259, h\u0259rbi t\u0259xribatlar dayand\u0131r\u0131lmal\u0131d\u0131r. Ukraynan\u0131n \u0259razi b\u00fct\u00f6vl\u00fcy\u00fc b\u0259rpa edilm\u0259lidir. Bu h\u0259m d\u0259 \u015e\u0259rqi Avropada t\u0259hl\u00fck\u0259sizlik m\u0259s\u0259l\u0259sidir. H\u0259rbi m\u00fcnaqi\u015f\u0259 qon\u015fular\u0131m\u0131z\u0131n h\u0259yat\u0131na t\u0259sir edir. V\u0259 \u0259min\u0259m ki, d\u00fcnya m\u00fcharib\u0259sin\u0259 \u00e7evril\u0259 bil\u0259c\u0259k geni\u015fmiqyasl\u0131 m\u00fcnaqi\u015f\u0259 he\u00e7 kimin mara\u011f\u0131nda deyil\u201d.<\/p>\n<p>&nbsp;<\/p>\n<div class=\"gallery\">\n<div class=\"gallery-i\"><img src=\"https:\/\/cdn.oxu.az\/uploads\/W1siZiIsIjIwMjEvMDUvMDYvMTEvMDgvNTUvMjhmYTZiYWMtNTNmMy00Y2Q1LWI2MjQtNWJjM2Y2ZWM0YWI4LzBFMzMzMjkxLTA4REQtNEQyNy1BODQ5LUEwMDkyRUQ3NEY3Qi5qcGciXSxbInAiLCJlbmNvZGUiLCJqcGciLCItcXVhbGl0eSA4MCJdLFsicCIsInRodW1iIiwiNTkweDU5MFx1MDAzZSJdXQ?sha=dfcbb66b120fea46\" \/><\/p>\n<div class=\"gallery-i-caption\"><\/div>\n<\/div>\n<\/div>\n<p>M\u00fcsahibin s\u00f6zl\u0259rin\u0259 g\u00f6r\u0259, Ukrayna ekspert icmas\u0131 Bak\u0131da Ukrayna v\u0259 Rusiya liderl\u0259ri aras\u0131nda g\u00f6r\u00fc\u015f variant\u0131n\u0131 n\u0259z\u0259rd\u0259n ke\u00e7irir.<\/p>\n<p>\u201c\u00c7oxlar\u0131 bu s\u0259viyy\u0259d\u0259 beyn\u0259lxalq dan\u0131\u015f\u0131qlar \u00fc\u00e7\u00fcn Az\u0259rbaycan\u0131n uy\u011fun oldu\u011funa raz\u0131d\u0131r. Siyasi bax\u0131mdan Az\u0259rbaycan neytral \u00f6lk\u0259dir. Bak\u0131n\u0131n Kiyevl\u0259 yax\u015f\u0131 m\u00fcnasib\u0259tl\u0259ri var. Xat\u0131rlad\u0131m ki, Az\u0259rbaycan Ukrayna \u00fc\u00e7\u00fcn strateji t\u0259r\u0259fda\u015fd\u0131r v\u0259 Ukraynadak\u0131 Az\u0259rbaycan diasporu Prezident Vladimir Zelenskinin siyas\u0259tin\u0259 \u0259n b\u00f6y\u00fck v\u0259 \u0259n m\u00fcsb\u0259t yana\u015fmalardan biridir. Eyni zamanda, Az\u0259rbaycan Rusiya il\u0259 b\u0259rab\u0259r m\u00fcnasib\u0259tl\u0259r\u0259 malikdir\u201d, &#8211; dey\u0259 Natalya Belous vur\u011fulay\u0131b.<\/p>\n<p>Ekspert Az\u0259rbaycan\u0131n dan\u0131\u015f\u0131qlar aparmaq t\u0259cr\u00fcb\u0259sinin oldu\u011funu vur\u011fulay\u0131b:<\/p>\n<p>\u201cBak\u0131 d\u0259f\u0259l\u0259rl\u0259 dialoq platformas\u0131na \u00e7evrilib. Burada y\u00fcks\u0259k r\u00fctb\u0259li amerikal\u0131 v\u0259 rusiyal\u0131 h\u0259rb\u00e7il\u0259r g\u00f6r\u00fc\u015f\u00fcb, Bak\u0131n\u0131n neytral m\u00f6vqeyi say\u0259sind\u0259 n\u0259tic\u0259 \u0259ld\u0259 edilib. Bundan \u0259lav\u0259, Az\u0259rbaycan Qo\u015fulmama H\u0259r\u0259kat\u0131n\u0131n \u00fczv\u00fcd\u00fcr v\u0259 haz\u0131rda bu qurulu\u015fa r\u0259hb\u0259rlik edir. H\u0259m\u00e7inin, Az\u0259rbaycan co\u011frafi c\u0259h\u0259td\u0259n \u00e7ox u\u011furlu yerl\u0259\u015fib\u201d.<\/p>\n<p>\u201cMinsk, London, Vyana, Vatikan m\u00fcxt\u0259lif faktorlara g\u00f6r\u0259, o c\u00fcml\u0259d\u0259n ev sahibi t\u0259r\u0259fl\u0259rin m\u00f6vcud hadis\u0259l\u0259rin mahiyy\u0259tind\u0259n anlay\u0131\u015flar\u0131 olmad\u0131\u011f\u0131na g\u00f6r\u0259 Ukrayna il\u0259 Rusiya aras\u0131nda dan\u0131\u015f\u0131qlar \u00fc\u00e7\u00fcn tam uy\u011fun deyil. Az\u0259rbaycan\u0131n neytrall\u0131\u011f\u0131n\u0131n Bak\u0131n\u0131 Kiyevl\u0259 Moskva aras\u0131nda diplomatik t\u0259\u015f\u0259bb\u00fcsl\u0259r v\u0259 dinc dialoq \u00fc\u00e7\u00fcn \u0259n yax\u015f\u0131 platforma etdiyin\u0259 dair fikirl\u0259rl\u0259 raz\u0131yam\u201d, &#8211; dey\u0259 Natalya Belous qeyd edib.<\/p>\n","protected":false},"excerpt":{"rendered":"<p>Art\u0131q bir ne\u00e7\u0259 h\u0259ft\u0259dir ki, Ukraynada \u00f6lk\u0259 Prezidenti Vladimir Zelenski il\u0259 rusiyal\u0131 h\u0259mkar\u0131 Vladimir Putin aras\u0131nda g\u00f6r\u00fc\u015f\u00fcn m\u00fcmk\u00fcnl\u00fcy\u00fc m\u00fczakir\u0259 edilir. Variantlar kimi Vatikan da daxil olmaqla m\u00fcxt\u0259lif yerl\u0259rin adlar\u0131 \u00e7\u0259kilib. Ukrayna d\u00f6vl\u0259t ba\u015f\u00e7\u0131s\u0131 art\u0131q Prezident Aparat\u0131n\u0131n r\u0259hb\u0259ri Andrey Yermaka Putin administrasiyas\u0131 il\u0259 \u0259laq\u0259 yaratmaq v\u0259 prezidentl\u0259rin g\u00f6r\u00fc\u015f\u0259 bil\u0259c\u0259yi \u015f\u0259h\u0259r, yer v\u0259 tarixi q\u0259rarla\u015fmaq bar\u0259d\u0259 tap\u015f\u0131r\u0131q verdiyini bildirib. Dan\u0131\u015f\u0131qlar\u0131n m\u00f6vzusu h\u0259qiq\u0259t\u0259n vacibdir. Ukrayna Xarici \u0130\u015fl\u0259r naziri Dmitri Kuleban\u0131n s\u00f6zl\u0259rin\u0259 g\u00f6r\u0259, bu, Ukraynadak\u0131 m\u00fcharib\u0259nin sonu v\u0259 \u0259razil\u0259rin i\u015f\u011faldan azad edilm\u0259sidir. Ukraynal\u0131 politoloq Natalya Belous\u00a0Caliber.Az-a verdiyi m\u00fcsahib\u0259sind\u0259 Ukraynada bel\u0259 bir g\u00f6r\u00fc\u015f\u00fcn \u00e7oxdan g\u00f6zl\u0259nildiyini&hellip;<\/p>\n","protected":false},"author":2,"featured_media":334673,"comment_status":"closed","ping_status":"closed","sticky":false,"template":"","format":"standard","meta":{"om_disable_all_campaigns":false,"_monsterinsights_skip_tracking":false,"_monsterinsights_sitenote_active":false,"_monsterinsights_sitenote_note":"","_monsterinsights_sitenote_category":0},"categories":[4],"tags":[],"aioseo_notices":[],"gutentor_comment":0,"rttpg_featured_image_url":{"full":["https:\/\/arantv.az\/wp-content\/uploads\/2021\/05\/107841091_pz.jpg",620,349,false],"landscape":["https:\/\/arantv.az\/wp-content\/uploads\/2021\/05\/107841091_pz.jpg",620,349,false],"portraits":["https:\/\/arantv.az\/wp-content\/uploads\/2021\/05\/107841091_pz.jpg",620,349,false],"thumbnail":["https:\/\/arantv.az\/wp-content\/uploads\/2021\/05\/107841091_pz-500x280.jpg",500,280,true],"medium":["https:\/\/arantv.az\/wp-content\/uploads\/2021\/05\/107841091_pz.jpg",620,349,false],"large":["https:\/\/arantv.az\/wp-content\/uploads\/2021\/05\/107841091_pz.jpg",620,349,false],"1536x1536":["https:\/\/arantv.az\/wp-content\/uploads\/2021\/05\/107841091_pz.jpg",620,349,false],"2048x2048":["https:\/\/arantv.az\/wp-content\/uploads\/2021\/05\/107841091_pz.jpg",620,349,false],"post-thumbnail":["https:\/\/arantv.az\/wp-content\/uploads\/2021\/05\/107841091_pz-240x172.jpg",240,172,true],"advps-thumb-one":["https:\/\/arantv.az\/wp-content\/uploads\/2021\/05\/107841091_pz.jpg",620,349,false]},"rttpg_author":{"display_name":"V\u00fcsal Rafiqo\u011flu","author_link":"https:\/\/arantv.az\/?author=2"},"rttpg_comment":0,"rttpg_category":"<a href=\"https:\/\/arantv.az\/?cat=4\" rel=\"category\">Siyas\u0259t<\/a>","rttpg_excerpt":"Art\u0131q bir ne\u00e7\u0259 h\u0259ft\u0259dir ki, Ukraynada \u00f6lk\u0259 Prezidenti Vladimir Zelenski il\u0259 rusiyal\u0131 h\u0259mkar\u0131 Vladimir Putin aras\u0131nda g\u00f6r\u00fc\u015f\u00fcn m\u00fcmk\u00fcnl\u00fcy\u00fc m\u00fczakir\u0259 edilir. Variantlar kimi Vatikan da daxil olmaqla m\u00fcxt\u0259lif yerl\u0259rin adlar\u0131 \u00e7\u0259kilib. Ukrayna d\u00f6vl\u0259t ba\u015f\u00e7\u0131s\u0131 art\u0131q Prezident Aparat\u0131n\u0131n r\u0259hb\u0259ri Andrey Yermaka Putin administrasiyas\u0131 il\u0259 \u0259laq\u0259 yaratmaq v\u0259 prezidentl\u0259rin g\u00f6r\u00fc\u015f\u0259 bil\u0259c\u0259yi \u015f\u0259h\u0259r, yer v\u0259 tarixi q\u0259rarla\u015fmaq bar\u0259d\u0259 tap\u015f\u0131r\u0131q&hellip;","_links":{"self":[{"href":"https:\/\/arantv.az\/index.php?rest_route=\/wp\/v2\/posts\/334672"}],"collection":[{"href":"https:\/\/arantv.az\/index.php?rest_route=\/wp\/v2\/posts"}],"about":[{"href":"https:\/\/arantv.az\/index.php?rest_route=\/wp\/v2\/types\/post"}],"author":[{"embeddable":true,"href":"https:\/\/arantv.az\/index.php?rest_route=\/wp\/v2\/users\/2"}],"replies":[{"embeddable":true,"href":"https:\/\/arantv.az\/index.php?rest_route=%2Fwp%2Fv2%2Fcomments&post=334672"}],"version-history":[{"count":0,"href":"https:\/\/arantv.az\/index.php?rest_route=\/wp\/v2\/posts\/334672\/revisions"}],"wp:featuredmedia":[{"embeddable":true,"href":"https:\/\/arantv.az\/index.php?rest_route=\/wp\/v2\/media\/334673"}],"wp:attachment":[{"href":"https:\/\/arantv.az\/index.php?rest_route=%2Fwp%2Fv2%2Fmedia&parent=334672"}],"wp:term":[{"taxonomy":"category","embeddable":true,"href":"https:\/\/arantv.az\/index.php?rest_route=%2Fwp%2Fv2%2Fcategories&post=334672"},{"taxonomy":"post_tag","embeddable":true,"href":"https:\/\/arantv.az\/index.php?rest_route=%2Fwp%2Fv2%2Ftags&post=334672"}],"curies":[{"name":"wp","href":"https:\/\/api.w.org\/{rel}","templated":true}]}}