{"id":334678,"date":"2021-05-06T10:29:50","date_gmt":"2021-05-06T07:29:50","guid":{"rendered":"https:\/\/arantv.az\/?p=334678"},"modified":"2021-05-06T10:29:50","modified_gmt":"2021-05-06T07:29:50","slug":"z%c9%99ngilanin-i-agali-k%c9%99ndind%c9%99-10-hektara-yaxin-%c9%99razi-minalardan-tam-olaraq-t%c9%99mizl%c9%99nib","status":"publish","type":"post","link":"https:\/\/arantv.az\/?p=334678","title":{"rendered":"Z\u0259ngilan\u0131n I A\u011fal\u0131 k\u0259ndind\u0259 10 hektara yax\u0131n \u0259razi minalardan tam olaraq t\u0259mizl\u0259nib"},"content":{"rendered":"<p>\u201cK\u0259nd t\u0259s\u0259rr\u00fcfat\u0131 istiqam\u0259tind\u0259 art\u0131q 4 milyon kvadratmetrd\u0259n \u00e7ox \u0259razi t\u0259mizl\u0259nib&#8221;.<\/p>\n<p><em><strong>ARANTV.AZ x\u0259b\u0259r verir ki, bunu jurnalistl\u0259r\u0259 a\u00e7\u0131qlamas\u0131nda ANAMA-n\u0131n T\u0259mizl\u0259m\u0259 v\u0259 t\u0259dqiqat \u015f\u00f6b\u0259sinin m\u00fcdiri \u0130dris \u0130smay\u0131lov deyib.<\/strong><\/em><\/p>\n<p>O bildirib ki, h\u0259min \u0259razil\u0259r daha \u00e7ox Z\u0259ngilan, Qubadl\u0131 v\u0259 A\u011fdam rayonlar\u0131n\u0131 \u0259hat\u0259 edir: &#8220;Bir ne\u00e7\u0259 istiqam\u0259td\u0259 is\u0259 t\u0259mizl\u0259m\u0259 \u0259m\u0259liyyatlar\u0131 davam etdirilir. H\u0259m\u00e7inin t\u0259m\u0259li qoyulan Z\u0259ngilan aeroportunda 7.6 hektar \u0259razi mina v\u0259 PHS-dan t\u0259mizl\u0259nib. O c\u00fcml\u0259d\u0259n Z\u0259ngilan\u0131n I A\u011fal\u0131 k\u0259ndi \u0259razisind\u0259 1000 hektar \u0259razinin partlay\u0131c\u0131 qur\u011fulardan t\u0259mizl\u0259nm\u0259sin\u0259 ba\u015flan\u0131l\u0131b v\u0259 art\u0131q 10 hektara yax\u0131n \u0259razi tam olaraq t\u0259mizl\u0259nib. Qalan \u0259razi is\u0259 bu ay\u0131n sonu, \u0259n geci g\u0259l\u0259n ay\u0131n \u0259vv\u0259li tam t\u0259mizl\u0259nib t\u0259hvil veril\u0259c\u0259k&#8221;.<\/p>\n<p>\u015e\u00f6b\u0259 m\u00fcdirinin s\u00f6zl\u0259rin\u0259 g\u00f6r\u0259, bu m\u00fcdd\u0259td\u0259 mina hadis\u0259l\u0259ri d\u0259 qeyd\u0259 al\u0131n\u0131b: &#8220;Agentlik t\u0259r\u0259find\u0259n m\u00fcdaxil\u0259 edil\u0259r\u0259k t\u0259xliy\u0259nin h\u0259yata ke\u00e7irilm\u0259si, yaral\u0131lar\u0131n v\u0259 h\u0259lak olmu\u015f \u015f\u0259xsl\u0259rin \u0259razid\u0259n g\u00f6t\u00fcr\u00fclm\u0259si istiqam\u0259tind\u0259 20 mina hadis\u0259si qeyd\u0259 al\u0131n\u0131b. Bunlar A\u011fdam, F\u00fczuli, C\u0259bray\u0131l v\u0259 T\u0259rt\u0259r istiqam\u0259tind\u0259 qeyd\u0259 al\u0131n\u0131b. \u0130nsanlara bir daha m\u00fcraci\u0259t ed\u0259r\u0259k, i\u015f\u011faldan azad olunmu\u015f \u0259razil\u0259r\u0259 getm\u0259m\u0259l\u0259ri, qaydalara riay\u0259t etm\u0259l\u0259ri t\u0259l\u0259b olunur&#8221;.<\/p>\n","protected":false},"excerpt":{"rendered":"<p>\u201cK\u0259nd t\u0259s\u0259rr\u00fcfat\u0131 istiqam\u0259tind\u0259 art\u0131q 4 milyon kvadratmetrd\u0259n \u00e7ox \u0259razi t\u0259mizl\u0259nib&#8221;. ARANTV.AZ x\u0259b\u0259r verir ki, bunu jurnalistl\u0259r\u0259 a\u00e7\u0131qlamas\u0131nda ANAMA-n\u0131n T\u0259mizl\u0259m\u0259 v\u0259 t\u0259dqiqat \u015f\u00f6b\u0259sinin m\u00fcdiri \u0130dris \u0130smay\u0131lov deyib. O bildirib ki, h\u0259min \u0259razil\u0259r daha \u00e7ox Z\u0259ngilan, Qubadl\u0131 v\u0259 A\u011fdam rayonlar\u0131n\u0131 \u0259hat\u0259 edir: &#8220;Bir ne\u00e7\u0259 istiqam\u0259td\u0259 is\u0259 t\u0259mizl\u0259m\u0259 \u0259m\u0259liyyatlar\u0131 davam etdirilir. H\u0259m\u00e7inin t\u0259m\u0259li qoyulan Z\u0259ngilan aeroportunda 7.6 hektar \u0259razi mina v\u0259 PHS-dan t\u0259mizl\u0259nib. O c\u00fcml\u0259d\u0259n Z\u0259ngilan\u0131n I A\u011fal\u0131 k\u0259ndi \u0259razisind\u0259 1000 hektar \u0259razinin partlay\u0131c\u0131 qur\u011fulardan t\u0259mizl\u0259nm\u0259sin\u0259 ba\u015flan\u0131l\u0131b v\u0259 art\u0131q 10 hektara yax\u0131n \u0259razi tam olaraq t\u0259mizl\u0259nib. Qalan \u0259razi is\u0259 bu ay\u0131n sonu, \u0259n&hellip;<\/p>\n","protected":false},"author":2,"featured_media":334679,"comment_status":"closed","ping_status":"closed","sticky":false,"template":"","format":"standard","meta":{"om_disable_all_campaigns":false,"_monsterinsights_skip_tracking":false,"_monsterinsights_sitenote_active":false,"_monsterinsights_sitenote_note":"","_monsterinsights_sitenote_category":0},"categories":[26],"tags":[],"aioseo_notices":[],"gutentor_comment":0,"rttpg_featured_image_url":{"full":["https:\/\/arantv.az\/wp-content\/uploads\/2021\/05\/e6385d39161967804316325750610236397.jpg",975,540,false],"landscape":["https:\/\/arantv.az\/wp-content\/uploads\/2021\/05\/e6385d39161967804316325750610236397.jpg",975,540,false],"portraits":["https:\/\/arantv.az\/wp-content\/uploads\/2021\/05\/e6385d39161967804316325750610236397.jpg",975,540,false],"thumbnail":["https:\/\/arantv.az\/wp-content\/uploads\/2021\/05\/e6385d39161967804316325750610236397-500x280.jpg",500,280,true],"medium":["https:\/\/arantv.az\/wp-content\/uploads\/2021\/05\/e6385d39161967804316325750610236397-660x365.jpg",660,365,true],"large":["https:\/\/arantv.az\/wp-content\/uploads\/2021\/05\/e6385d39161967804316325750610236397-840x465.jpg",640,354,true],"1536x1536":["https:\/\/arantv.az\/wp-content\/uploads\/2021\/05\/e6385d39161967804316325750610236397.jpg",975,540,false],"2048x2048":["https:\/\/arantv.az\/wp-content\/uploads\/2021\/05\/e6385d39161967804316325750610236397.jpg",975,540,false],"post-thumbnail":["https:\/\/arantv.az\/wp-content\/uploads\/2021\/05\/e6385d39161967804316325750610236397-240x172.jpg",240,172,true],"advps-thumb-one":["https:\/\/arantv.az\/wp-content\/uploads\/2021\/05\/e6385d39161967804316325750610236397.jpg",975,540,false]},"rttpg_author":{"display_name":"V\u00fcsal Rafiqo\u011flu","author_link":"https:\/\/arantv.az\/?author=2"},"rttpg_comment":0,"rttpg_category":"<a href=\"https:\/\/arantv.az\/?cat=26\" rel=\"category\">Sosial<\/a>","rttpg_excerpt":"\u201cK\u0259nd t\u0259s\u0259rr\u00fcfat\u0131 istiqam\u0259tind\u0259 art\u0131q 4 milyon kvadratmetrd\u0259n \u00e7ox \u0259razi t\u0259mizl\u0259nib&#8221;. ARANTV.AZ x\u0259b\u0259r verir ki, bunu jurnalistl\u0259r\u0259 a\u00e7\u0131qlamas\u0131nda ANAMA-n\u0131n T\u0259mizl\u0259m\u0259 v\u0259 t\u0259dqiqat \u015f\u00f6b\u0259sinin m\u00fcdiri \u0130dris \u0130smay\u0131lov deyib. O bildirib ki, h\u0259min \u0259razil\u0259r daha \u00e7ox Z\u0259ngilan, Qubadl\u0131 v\u0259 A\u011fdam rayonlar\u0131n\u0131 \u0259hat\u0259 edir: &#8220;Bir ne\u00e7\u0259 istiqam\u0259td\u0259 is\u0259 t\u0259mizl\u0259m\u0259 \u0259m\u0259liyyatlar\u0131 davam etdirilir. H\u0259m\u00e7inin t\u0259m\u0259li qoyulan Z\u0259ngilan aeroportunda 7.6 hektar&hellip;","_links":{"self":[{"href":"https:\/\/arantv.az\/index.php?rest_route=\/wp\/v2\/posts\/334678"}],"collection":[{"href":"https:\/\/arantv.az\/index.php?rest_route=\/wp\/v2\/posts"}],"about":[{"href":"https:\/\/arantv.az\/index.php?rest_route=\/wp\/v2\/types\/post"}],"author":[{"embeddable":true,"href":"https:\/\/arantv.az\/index.php?rest_route=\/wp\/v2\/users\/2"}],"replies":[{"embeddable":true,"href":"https:\/\/arantv.az\/index.php?rest_route=%2Fwp%2Fv2%2Fcomments&post=334678"}],"version-history":[{"count":0,"href":"https:\/\/arantv.az\/index.php?rest_route=\/wp\/v2\/posts\/334678\/revisions"}],"wp:featuredmedia":[{"embeddable":true,"href":"https:\/\/arantv.az\/index.php?rest_route=\/wp\/v2\/media\/334679"}],"wp:attachment":[{"href":"https:\/\/arantv.az\/index.php?rest_route=%2Fwp%2Fv2%2Fmedia&parent=334678"}],"wp:term":[{"taxonomy":"category","embeddable":true,"href":"https:\/\/arantv.az\/index.php?rest_route=%2Fwp%2Fv2%2Fcategories&post=334678"},{"taxonomy":"post_tag","embeddable":true,"href":"https:\/\/arantv.az\/index.php?rest_route=%2Fwp%2Fv2%2Ftags&post=334678"}],"curies":[{"name":"wp","href":"https:\/\/api.w.org\/{rel}","templated":true}]}}