{"id":334685,"date":"2021-05-06T10:44:57","date_gmt":"2021-05-06T07:44:57","guid":{"rendered":"https:\/\/arantv.az\/?p=334685"},"modified":"2021-05-06T10:44:57","modified_gmt":"2021-05-06T07:44:57","slug":"hesabat-erm%c9%99nistanin-anti-az%c9%99rbayan-siyas%c9%99ti-aparmasi-v%c9%99t%c9%99n-muharib%c9%99sind%c9%99n-sonra-da-s%c9%99ngim%c9%99yib","status":"publish","type":"post","link":"https:\/\/arantv.az\/?p=334685","title":{"rendered":"Hesabat: Erm\u0259nistan\u0131n anti-Az\u0259rbayan siyas\u0259ti aparmas\u0131 V\u0259t\u0259n m\u00fcharib\u0259sind\u0259n sonra da s\u0259ngim\u0259yib"},"content":{"rendered":"<p>Erm\u0259nistanda siyasi ideologiyan\u0131 formala\u015fd\u0131ran esktremist q\u00fcvv\u0259l\u0259r t\u0259r\u0259find\u0259n uzun ill\u0259rd\u0259n b\u0259ri az\u0259rbaycanl\u0131lara qar\u015f\u0131 davam etdiril\u0259n nifr\u0259t siyas\u0259ti n\u0259tic\u0259sind\u0259 Az\u0259rbaycan torpaqlar\u0131n\u0131n 20 faizi 30 il boyunca i\u015f\u011fal alt\u0131nda saxlan\u0131l\u0131b, etnik t\u0259mizl\u0259m\u0259 yolu il\u0259 bir milyondan \u00e7ox insan \u00f6z do\u011fma yerl\u0259rind\u0259n qovularaq qa\u00e7q\u0131n v\u0259 m\u0259cburi k\u00f6\u00e7k\u00fcn v\u0259ziyy\u0259tin\u0259 d\u00fc\u015f\u00fcb, etnik m\u0259nsubiyy\u0259tin\u0259 g\u00f6r\u0259 soyq\u0131r\u0131ma m\u0259ruz qal\u0131b. Bundan \u0259lav\u0259, \u0259traf m\u00fchit\u0259 ciddi \u015f\u0259kild\u0259 z\u0259r\u0259r vurulub v\u0259 h\u0259min \u0259razil\u0259rd\u0259 tarixi v\u0259 m\u0259d\u0259ni abid\u0259l\u0259r m\u0259hv olunub.<\/p>\n<p>\u201cReport\u201dun x\u0259b\u0259rin\u0259 g\u00f6r\u0259, bu bar\u0259d\u0259 Az\u0259rbaycan\u0131n \u0130nsan H\u00fcquqlar\u0131 \u00fczr\u0259 M\u00fcv\u0259kkilinin (Ombudsman) az\u0259rbaycanl\u0131lara qar\u015f\u0131 nifr\u0259t cinay\u0259tl\u0259ri v\u0259 nifr\u0259t nitqin\u0259 dair hesabat\u0131nda bildirilib.<\/p>\n<p>\u201cT\u0259\u0259ss\u00fcfl\u0259r olsun ki, 30 il boyunca Az\u0259rbaycan\u0131n v\u0259 beyn\u0259lxalq ictimaiyy\u0259tin i\u015f\u011fal\u0131n sonland\u0131r\u0131lmas\u0131 v\u0259 birg\u0259 ya\u015fay\u0131\u015f \u00fc\u00e7\u00fcn s\u00fclh \u00e7a\u011f\u0131r\u0131\u015flar\u0131na etinas\u0131z yana\u015fan Erm\u0259nistan siyasi hakimiyy\u0259ti bu m\u00fcdd\u0259t \u0259rzind\u0259 i\u015f\u011fal\u00e7\u0131l\u0131q v\u0259 etnik z\u0259mind\u0259 nifr\u0259t siyas\u0259tini davam etdirib, regionda s\u00fclh\u00fcn v\u0259 \u0259min-amanl\u0131\u011f\u0131n b\u0259rq\u0259rar olmas\u0131na ciddi mane\u0259 yarad\u0131b. Uzun ill\u0259r apar\u0131lm\u0131\u015f m\u00fc\u015fahid\u0259l\u0259r onu g\u00f6st\u0259rir ki, Erm\u0259nistanda hakimiyy\u0259td\u0259 olan siyasi r\u0259hb\u0259rl\u0259r etnik z\u0259mind\u0259 nifr\u0259t siyas\u0259tini n\u0259sild\u0259n-n\u0259sl\u0259 \u00f6t\u00fcr\u0259r\u0259k bu\u00a0idealogiyan\u0131 t\u0259bli\u011f etm\u0259y\u0259 v\u0259 \u0259sas m\u0259qs\u0259d kimi qon\u015fu \u00f6lk\u0259l\u0259r\u0259 qar\u015f\u0131 \u0259razi iddialar\u0131n\u0131 h\u0259r zaman g\u00fcnd\u0259md\u0259 saxlama\u011fa \u00e7al\u0131\u015f\u0131b. D\u00fcnya ictimaiyy\u0259tin\u0259 saxtala\u015fd\u0131r\u0131lm\u0131\u015f m\u0259lumatlar \u00f6t\u00fcr\u00fclm\u0259kl\u0259 insanlar\u0131n h\u0259qiq\u0259ti bilm\u0259 h\u00fcququ pozulub.<\/p>\n<div id=\"AdviadNativeVideo0\" class=\"AdviadNativeVideo\"><\/div>\n<p>Qat\u0131\u00a0anti-Az\u0259rbayan siyas\u0259tinin apar\u0131lmas\u0131, cinay\u0259tl\u0259r\u0259 v\u0259 d\u00fc\u015fm\u0259n\u00e7iliy\u0259 z\u0259min yaradan add\u0131mlar\u0131n at\u0131lmas\u0131 V\u0259t\u0259n m\u00fcharib\u0259sind\u0259n sonra da s\u0259ngim\u0259yib. M\u00fcasir d\u00f6vr\u00fcm\u00fczd\u0259 informasiya texnologiyalar\u0131n\u0131n imkanlar\u0131ndan istifad\u0259 ed\u0259r\u0259k sosial \u015f\u0259b\u0259k\u0259 v\u0259 m\u00fcxt\u0259lif platformalarda az\u0259rbaycanl\u0131lar\u0131n \u0259leyhin\u0259 fikirl\u0259r s\u0259sl\u0259ndirilir. Erm\u0259ni mill\u0259t\u00e7il\u0259r az\u0259rbaycanl\u0131lar\u0131n tarixinin m\u0259hvi v\u0259 saxtala\u015fd\u0131r\u0131lmas\u0131 il\u0259 kifay\u0259tl\u0259nm\u0259y\u0259r\u0259k, m\u00fcxt\u0259lif d\u00f6vrl\u0259rd\u0259 \u00f6z imkanlar\u0131ndan v\u0259 siyasi r\u0259hb\u0259rlikl\u0259ri il\u0259 \u0259laq\u0259l\u0259rind\u0259n istifad\u0259 ed\u0259r\u0259k az\u0259rbaycanl\u0131lara qar\u015f\u0131 soyq\u0131r\u0131m v\u0259 m\u00fcharib\u0259 cinay\u0259tl\u0259ri t\u00f6r\u0259dibl\u0259r. Bu h\u0259r\u0259k\u0259tl\u0259r regionda s\u00fclh\u00fcn v\u0259 \u0259min-amanl\u0131\u011f\u0131n uzun ill\u0259r t\u0259hl\u00fck\u0259 alt\u0131nda qalmas\u0131na s\u0259b\u0259b olub.<\/p>\n<p>Beyn\u0259lxalq h\u00fcququ he\u00e7\u0259 sayaraq m\u0259suliyy\u0259td\u0259n boyun qa\u00e7\u0131ran Erm\u0259nistan d\u00f6vl\u0259ti v\u0259 onun qurumlar\u0131n\u0131n m\u0259suliyy\u0259tsizliyi, insan h\u00fcquq v\u0259 azadl\u0131qlar\u0131na qar\u015f\u0131 h\u00f6rm\u0259tsizliyi, h\u00fcququn aliliyi prinsipin\u0259 etinas\u0131zl\u0131q bizd\u0259 ciddi narahatl\u0131q yarad\u0131r.<\/p>\n<p>Erm\u0259nistan\u0131n Az\u0259rbaycana h\u0259rbi t\u0259cav\u00fcz\u00fc zaman\u0131 dinc \u0259halinin k\u00fctl\u0259vi \u015f\u0259kild\u0259 \u00f6ld\u00fcr\u00fclm\u0259si, h\u0259yat v\u0259 sa\u011flaml\u0131\u011f\u0131 \u00fc\u00e7\u00fcn t\u0259hl\u00fck\u0259 yarad\u0131lmas\u0131, soyda\u015flar\u0131m\u0131zla amans\u0131z r\u0259ftar v\u0259 l\u0259yaq\u0259tl\u0259rinin m\u00fct\u0259madi al\u00e7ald\u0131lmas\u0131 il\u0259 \u00f6z\u00fcn\u00fc \u00f6ld\u00fcrm\u0259 d\u0259r\u0259c\u0259sin\u0259 \u00e7atd\u0131r\u0131lmas\u0131, soyuqqanl\u0131l\u0131qla q\u0259tl\u0259 yetirilm\u0259si yaxud verilmi\u015f i\u015fg\u0259nc\u0259l\u0259r n\u0259tic\u0259sind\u0259 v\u0259fat etm\u0259si xalq\u0131m\u0131za qar\u015f\u0131 davam etdiril\u0259n nifr\u0259t siyas\u0259tini bir daha t\u0259sdiq edir.<\/p>\n<p>Ombudsman t\u0259sisat\u0131 olaraq, Erm\u0259nistan siyasi hakimiyy\u0259ti t\u0259r\u0259find\u0259n regionda d\u00fc\u015fm\u0259n\u00e7ilik toxumlar\u0131 s\u0259p\u0259n nifr\u0259t \u0259sasl\u0131 siyas\u0259ti \u015fidd\u0259tl\u0259 q\u0131nay\u0131r, aidiyy\u0259ti beyn\u0259lxalq insan h\u00fcquqlar\u0131 qurumlar\u0131n\u0131, milli insan h\u00fcquqlar\u0131 institutlar\u0131n\u0131 yeni m\u00fcnaqi\u015f\u0259 ocaqlar\u0131n\u0131n yaranmas\u0131na yol a\u00e7an bel\u0259 f\u0259aliyy\u0259tl\u0259rin dayand\u0131r\u0131lmas\u0131 istiqam\u0259tind\u0259 h\u0259mr\u0259ylik n\u00fcmayi\u015f etdirm\u0259y\u0259 \u00e7a\u011f\u0131r\u0131r\u0131q\u201d, &#8211; hesabatda qeyd edilib.<\/p>\n","protected":false},"excerpt":{"rendered":"<p>Erm\u0259nistanda siyasi ideologiyan\u0131 formala\u015fd\u0131ran esktremist q\u00fcvv\u0259l\u0259r t\u0259r\u0259find\u0259n uzun ill\u0259rd\u0259n b\u0259ri az\u0259rbaycanl\u0131lara qar\u015f\u0131 davam etdiril\u0259n nifr\u0259t siyas\u0259ti n\u0259tic\u0259sind\u0259 Az\u0259rbaycan torpaqlar\u0131n\u0131n 20 faizi 30 il boyunca i\u015f\u011fal alt\u0131nda saxlan\u0131l\u0131b, etnik t\u0259mizl\u0259m\u0259 yolu il\u0259 bir milyondan \u00e7ox insan \u00f6z do\u011fma yerl\u0259rind\u0259n qovularaq qa\u00e7q\u0131n v\u0259 m\u0259cburi k\u00f6\u00e7k\u00fcn v\u0259ziyy\u0259tin\u0259 d\u00fc\u015f\u00fcb, etnik m\u0259nsubiyy\u0259tin\u0259 g\u00f6r\u0259 soyq\u0131r\u0131ma m\u0259ruz qal\u0131b. Bundan \u0259lav\u0259, \u0259traf m\u00fchit\u0259 ciddi \u015f\u0259kild\u0259 z\u0259r\u0259r vurulub v\u0259 h\u0259min \u0259razil\u0259rd\u0259 tarixi v\u0259 m\u0259d\u0259ni abid\u0259l\u0259r m\u0259hv olunub. \u201cReport\u201dun x\u0259b\u0259rin\u0259 g\u00f6r\u0259, bu bar\u0259d\u0259 Az\u0259rbaycan\u0131n \u0130nsan H\u00fcquqlar\u0131 \u00fczr\u0259 M\u00fcv\u0259kkilinin (Ombudsman) az\u0259rbaycanl\u0131lara qar\u015f\u0131 nifr\u0259t cinay\u0259tl\u0259ri v\u0259 nifr\u0259t nitqin\u0259 dair hesabat\u0131nda bildirilib. \u201cT\u0259\u0259ss\u00fcfl\u0259r&hellip;<\/p>\n","protected":false},"author":2,"featured_media":334686,"comment_status":"closed","ping_status":"closed","sticky":false,"template":"","format":"standard","meta":{"om_disable_all_campaigns":false,"_monsterinsights_skip_tracking":false,"_monsterinsights_sitenote_active":false,"_monsterinsights_sitenote_note":"","_monsterinsights_sitenote_category":0},"categories":[4],"tags":[],"aioseo_notices":[],"gutentor_comment":0,"rttpg_featured_image_url":{"full":["https:\/\/arantv.az\/wp-content\/uploads\/2021\/05\/er.jpg",620,387,false],"landscape":["https:\/\/arantv.az\/wp-content\/uploads\/2021\/05\/er.jpg",620,387,false],"portraits":["https:\/\/arantv.az\/wp-content\/uploads\/2021\/05\/er.jpg",620,387,false],"thumbnail":["https:\/\/arantv.az\/wp-content\/uploads\/2021\/05\/er-500x280.jpg",500,280,true],"medium":["https:\/\/arantv.az\/wp-content\/uploads\/2021\/05\/er-585x365.jpg",585,365,true],"large":["https:\/\/arantv.az\/wp-content\/uploads\/2021\/05\/er.jpg",620,387,false],"1536x1536":["https:\/\/arantv.az\/wp-content\/uploads\/2021\/05\/er.jpg",620,387,false],"2048x2048":["https:\/\/arantv.az\/wp-content\/uploads\/2021\/05\/er.jpg",620,387,false],"post-thumbnail":["https:\/\/arantv.az\/wp-content\/uploads\/2021\/05\/er-240x172.jpg",240,172,true],"advps-thumb-one":["https:\/\/arantv.az\/wp-content\/uploads\/2021\/05\/er.jpg",620,387,false]},"rttpg_author":{"display_name":"V\u00fcsal Rafiqo\u011flu","author_link":"https:\/\/arantv.az\/?author=2"},"rttpg_comment":0,"rttpg_category":"<a href=\"https:\/\/arantv.az\/?cat=4\" rel=\"category\">Siyas\u0259t<\/a>","rttpg_excerpt":"Erm\u0259nistanda siyasi ideologiyan\u0131 formala\u015fd\u0131ran esktremist q\u00fcvv\u0259l\u0259r t\u0259r\u0259find\u0259n uzun ill\u0259rd\u0259n b\u0259ri az\u0259rbaycanl\u0131lara qar\u015f\u0131 davam etdiril\u0259n nifr\u0259t siyas\u0259ti n\u0259tic\u0259sind\u0259 Az\u0259rbaycan torpaqlar\u0131n\u0131n 20 faizi 30 il boyunca i\u015f\u011fal alt\u0131nda saxlan\u0131l\u0131b, etnik t\u0259mizl\u0259m\u0259 yolu il\u0259 bir milyondan \u00e7ox insan \u00f6z do\u011fma yerl\u0259rind\u0259n qovularaq qa\u00e7q\u0131n v\u0259 m\u0259cburi k\u00f6\u00e7k\u00fcn v\u0259ziyy\u0259tin\u0259 d\u00fc\u015f\u00fcb, etnik m\u0259nsubiyy\u0259tin\u0259 g\u00f6r\u0259 soyq\u0131r\u0131ma m\u0259ruz qal\u0131b. Bundan \u0259lav\u0259, \u0259traf m\u00fchit\u0259&hellip;","_links":{"self":[{"href":"https:\/\/arantv.az\/index.php?rest_route=\/wp\/v2\/posts\/334685"}],"collection":[{"href":"https:\/\/arantv.az\/index.php?rest_route=\/wp\/v2\/posts"}],"about":[{"href":"https:\/\/arantv.az\/index.php?rest_route=\/wp\/v2\/types\/post"}],"author":[{"embeddable":true,"href":"https:\/\/arantv.az\/index.php?rest_route=\/wp\/v2\/users\/2"}],"replies":[{"embeddable":true,"href":"https:\/\/arantv.az\/index.php?rest_route=%2Fwp%2Fv2%2Fcomments&post=334685"}],"version-history":[{"count":0,"href":"https:\/\/arantv.az\/index.php?rest_route=\/wp\/v2\/posts\/334685\/revisions"}],"wp:featuredmedia":[{"embeddable":true,"href":"https:\/\/arantv.az\/index.php?rest_route=\/wp\/v2\/media\/334686"}],"wp:attachment":[{"href":"https:\/\/arantv.az\/index.php?rest_route=%2Fwp%2Fv2%2Fmedia&parent=334685"}],"wp:term":[{"taxonomy":"category","embeddable":true,"href":"https:\/\/arantv.az\/index.php?rest_route=%2Fwp%2Fv2%2Fcategories&post=334685"},{"taxonomy":"post_tag","embeddable":true,"href":"https:\/\/arantv.az\/index.php?rest_route=%2Fwp%2Fv2%2Ftags&post=334685"}],"curies":[{"name":"wp","href":"https:\/\/api.w.org\/{rel}","templated":true}]}}