{"id":334688,"date":"2021-05-06T10:45:29","date_gmt":"2021-05-06T07:45:29","guid":{"rendered":"https:\/\/arantv.az\/?p=334688"},"modified":"2021-05-06T10:45:29","modified_gmt":"2021-05-06T07:45:29","slug":"az%c9%99rbaycan-x%c9%99z%c9%99r-d%c9%99niz-g%c9%99miciliyinin-strategiyasi-hazirlanacaq","status":"publish","type":"post","link":"https:\/\/arantv.az\/?p=334688","title":{"rendered":"\u201cAz\u0259rbaycan X\u0259z\u0259r D\u0259niz G\u0259mi\u00e7iliyi\u201dnin strategiyas\u0131 haz\u0131rlanacaq"},"content":{"rendered":"<p>\u201cAz\u0259rbaycan X\u0259z\u0259r D\u0259niz G\u0259mi\u00e7iliyi\u201d QSC-nin M\u00fc\u015fahid\u0259 \u015euras\u0131n\u0131n 2021-ci il \u00fczr\u0259 n\u00f6vb\u0259ti iclas\u0131 ke\u00e7irilib.<\/p>\n<p>Bu bar\u0259d\u0259 Az\u0259rbaycan \u0130nvestisiya Holdinqind\u0259n bildirilib.<\/p>\n<p>\u0130clasda M\u00fc\u015fahid\u0259 \u015euras\u0131n\u0131n \u00fczvl\u0259ri, \u201cAz\u0259rbaycan X\u0259z\u0259r D\u0259niz G\u0259mi\u00e7iliyi\u201d QSC-nin \u0130dar\u0259 Hey\u0259tinin s\u0259dri v\u0259 \u00fczvl\u0259ri i\u015ftirak edibl\u0259r.<\/p>\n<div id=\"AdviadNativeVideo0\" class=\"AdviadNativeVideo\"><\/div>\n<p>M\u00fc\u015fahid\u0259 \u015euras\u0131n\u0131n s\u0259dri, maliyy\u0259 naziri Samir \u015e\u0259rifovun s\u0259drliyi il\u0259 ke\u00e7iril\u0259n iclasda M\u00fc\u015fahid\u0259 \u015euras\u0131n\u0131n f\u0259aliyy\u0259tind\u0259 s\u0259m\u0259r\u0259liliyin art\u0131r\u0131lmas\u0131, \u201cAz\u0259rbaycan X\u0259z\u0259r D\u0259niz G\u0259mi\u00e7iliyi\u201d QSC-nin idar\u0259 edilm\u0259sinin m\u00fcasir korporativ idar\u0259etm\u0259 standartlar\u0131 n\u0259z\u0259r\u0259 al\u0131nmaqla t\u0259kmill\u0259\u015fdirilm\u0259si m\u0259qs\u0259dil\u0259 yarad\u0131lan komit\u0259l\u0259rin \u0259sasnam\u0259l\u0259ri v\u0259 t\u0259rkibl\u0259ri, el\u0259c\u0259 d\u0259 korporativ katib haqq\u0131nda \u0259sasnam\u0259 m\u00fczakir\u0259 olunaraq t\u0259sdiq edilib.<\/p>\n<p>\u0130clasda M\u00fc\u015fahid\u0259 \u015euras\u0131n\u0131n v\u0259 \u201cAz\u0259rbaycan X\u0259z\u0259r D\u0259niz G\u0259mi\u00e7iliyi\u201d QSC-nin \u0130dar\u0259 Hey\u0259tinin \u00fczvl\u0259ri C\u0259miyy\u0259tin 2020-ci ild\u0259ki f\u0259aliyy\u0259tini \u0259ks etdir\u0259n maliyy\u0259 hesabatlar\u0131n\u0131 m\u00fcvafiq olaraq auditi h\u0259yata ke\u00e7irmi\u015f beyn\u0259lxalq audit \u015firk\u0259tinin n\u00fcmay\u0259nd\u0259l\u0259ri il\u0259 birg\u0259 m\u00fczakir\u0259 edibl\u0259r.<\/p>\n<p>Bununla yana\u015f\u0131, iclas zaman\u0131 C\u0259miyy\u0259tin h\u00fcquq, maliyy\u0259, vergi v\u0259 kommersiya sah\u0259l\u0259rind\u0259 f\u0259aliyy\u0259tinin n\u0259tic\u0259l\u0259rinin diaqnostikas\u0131 il\u0259 ba\u011fl\u0131 beyn\u0259lxalq m\u00fct\u0259x\u0259ssisl\u0259rin i\u015ftirak\u0131 il\u0259 t\u0259qdimat h\u0259yata ke\u00e7irilib v\u0259 C\u0259miyy\u0259tin f\u0259aliyy\u0259tinin t\u0259kmill\u0259\u015fdirilm\u0259si istiqam\u0259tind\u0259 fikirl\u0259r s\u0259sl\u0259ndirilib.<\/p>\n<p>\u0130clasda f\u0259aliyy\u0259t diaqnostikas\u0131n\u0131n n\u0259tic\u0259l\u0259ri n\u0259z\u0259r\u0259 al\u0131nmaqla \u201cAz\u0259rbaycan X\u0259z\u0259r D\u0259niz G\u0259mi\u00e7iliyi\u201d QSC-nin yeni \u00e7a\u011f\u0131r\u0131\u015flara cavab ver\u0259n f\u0259aliyy\u0259t strategiyas\u0131n\u0131n haz\u0131rlanmas\u0131 istiqam\u0259tind\u0259 d\u0259 m\u00fcvafiq tap\u015f\u0131r\u0131qlar verilib.<\/p>\n<p>\u201cAz\u0259rbaycan X\u0259z\u0259r D\u0259niz G\u0259mi\u00e7iliyi\u201d Qapal\u0131 S\u0259hmdar C\u0259miyy\u0259tinin M\u00fc\u015fahid\u0259 \u015euras\u0131 Az\u0259rbaycan Respublikas\u0131 Prezidentinin 2021-ci il 11 fevral tarixli S\u0259r\u0259ncam\u0131na \u0259sas\u0259n yarad\u0131l\u0131b.<\/p>\n","protected":false},"excerpt":{"rendered":"<p>\u201cAz\u0259rbaycan X\u0259z\u0259r D\u0259niz G\u0259mi\u00e7iliyi\u201d QSC-nin M\u00fc\u015fahid\u0259 \u015euras\u0131n\u0131n 2021-ci il \u00fczr\u0259 n\u00f6vb\u0259ti iclas\u0131 ke\u00e7irilib. Bu bar\u0259d\u0259 Az\u0259rbaycan \u0130nvestisiya Holdinqind\u0259n bildirilib. \u0130clasda M\u00fc\u015fahid\u0259 \u015euras\u0131n\u0131n \u00fczvl\u0259ri, \u201cAz\u0259rbaycan X\u0259z\u0259r D\u0259niz G\u0259mi\u00e7iliyi\u201d QSC-nin \u0130dar\u0259 Hey\u0259tinin s\u0259dri v\u0259 \u00fczvl\u0259ri i\u015ftirak edibl\u0259r. M\u00fc\u015fahid\u0259 \u015euras\u0131n\u0131n s\u0259dri, maliyy\u0259 naziri Samir \u015e\u0259rifovun s\u0259drliyi il\u0259 ke\u00e7iril\u0259n iclasda M\u00fc\u015fahid\u0259 \u015euras\u0131n\u0131n f\u0259aliyy\u0259tind\u0259 s\u0259m\u0259r\u0259liliyin art\u0131r\u0131lmas\u0131, \u201cAz\u0259rbaycan X\u0259z\u0259r D\u0259niz G\u0259mi\u00e7iliyi\u201d QSC-nin idar\u0259 edilm\u0259sinin m\u00fcasir korporativ idar\u0259etm\u0259 standartlar\u0131 n\u0259z\u0259r\u0259 al\u0131nmaqla t\u0259kmill\u0259\u015fdirilm\u0259si m\u0259qs\u0259dil\u0259 yarad\u0131lan komit\u0259l\u0259rin \u0259sasnam\u0259l\u0259ri v\u0259 t\u0259rkibl\u0259ri, el\u0259c\u0259 d\u0259 korporativ katib haqq\u0131nda \u0259sasnam\u0259 m\u00fczakir\u0259 olunaraq t\u0259sdiq edilib. \u0130clasda M\u00fc\u015fahid\u0259 \u015euras\u0131n\u0131n v\u0259 \u201cAz\u0259rbaycan X\u0259z\u0259r D\u0259niz G\u0259mi\u00e7iliyi\u201d QSC-nin&hellip;<\/p>\n","protected":false},"author":2,"featured_media":334689,"comment_status":"closed","ping_status":"closed","sticky":false,"template":"","format":"standard","meta":{"om_disable_all_campaigns":false,"_monsterinsights_skip_tracking":false,"_monsterinsights_sitenote_active":false,"_monsterinsights_sitenote_note":"","_monsterinsights_sitenote_category":0},"categories":[19],"tags":[],"aioseo_notices":[],"gutentor_comment":0,"rttpg_featured_image_url":{"full":["https:\/\/arantv.az\/wp-content\/uploads\/2021\/05\/A\u00b0clas-foto.jpg",620,403,false],"landscape":["https:\/\/arantv.az\/wp-content\/uploads\/2021\/05\/A\u00b0clas-foto.jpg",620,403,false],"portraits":["https:\/\/arantv.az\/wp-content\/uploads\/2021\/05\/A\u00b0clas-foto.jpg",620,403,false],"thumbnail":["https:\/\/arantv.az\/wp-content\/uploads\/2021\/05\/A\u00b0clas-foto-500x280.jpg",500,280,true],"medium":["https:\/\/arantv.az\/wp-content\/uploads\/2021\/05\/A\u00b0clas-foto-562x365.jpg",562,365,true],"large":["https:\/\/arantv.az\/wp-content\/uploads\/2021\/05\/A\u00b0clas-foto.jpg",620,403,false],"1536x1536":["https:\/\/arantv.az\/wp-content\/uploads\/2021\/05\/A\u00b0clas-foto.jpg",620,403,false],"2048x2048":["https:\/\/arantv.az\/wp-content\/uploads\/2021\/05\/A\u00b0clas-foto.jpg",620,403,false],"post-thumbnail":["https:\/\/arantv.az\/wp-content\/uploads\/2021\/05\/A\u00b0clas-foto-240x172.jpg",240,172,true],"advps-thumb-one":["https:\/\/arantv.az\/wp-content\/uploads\/2021\/05\/A\u00b0clas-foto.jpg",620,403,false]},"rttpg_author":{"display_name":"V\u00fcsal Rafiqo\u011flu","author_link":"https:\/\/arantv.az\/?author=2"},"rttpg_comment":0,"rttpg_category":"<a href=\"https:\/\/arantv.az\/?cat=19\" rel=\"category\">G\u00fcnd\u0259m<\/a>","rttpg_excerpt":"\u201cAz\u0259rbaycan X\u0259z\u0259r D\u0259niz G\u0259mi\u00e7iliyi\u201d QSC-nin M\u00fc\u015fahid\u0259 \u015euras\u0131n\u0131n 2021-ci il \u00fczr\u0259 n\u00f6vb\u0259ti iclas\u0131 ke\u00e7irilib. Bu bar\u0259d\u0259 Az\u0259rbaycan \u0130nvestisiya Holdinqind\u0259n bildirilib. \u0130clasda M\u00fc\u015fahid\u0259 \u015euras\u0131n\u0131n \u00fczvl\u0259ri, \u201cAz\u0259rbaycan X\u0259z\u0259r D\u0259niz G\u0259mi\u00e7iliyi\u201d QSC-nin \u0130dar\u0259 Hey\u0259tinin s\u0259dri v\u0259 \u00fczvl\u0259ri i\u015ftirak edibl\u0259r. M\u00fc\u015fahid\u0259 \u015euras\u0131n\u0131n s\u0259dri, maliyy\u0259 naziri Samir \u015e\u0259rifovun s\u0259drliyi il\u0259 ke\u00e7iril\u0259n iclasda M\u00fc\u015fahid\u0259 \u015euras\u0131n\u0131n f\u0259aliyy\u0259tind\u0259 s\u0259m\u0259r\u0259liliyin art\u0131r\u0131lmas\u0131, \u201cAz\u0259rbaycan X\u0259z\u0259r D\u0259niz G\u0259mi\u00e7iliyi\u201d&hellip;","_links":{"self":[{"href":"https:\/\/arantv.az\/index.php?rest_route=\/wp\/v2\/posts\/334688"}],"collection":[{"href":"https:\/\/arantv.az\/index.php?rest_route=\/wp\/v2\/posts"}],"about":[{"href":"https:\/\/arantv.az\/index.php?rest_route=\/wp\/v2\/types\/post"}],"author":[{"embeddable":true,"href":"https:\/\/arantv.az\/index.php?rest_route=\/wp\/v2\/users\/2"}],"replies":[{"embeddable":true,"href":"https:\/\/arantv.az\/index.php?rest_route=%2Fwp%2Fv2%2Fcomments&post=334688"}],"version-history":[{"count":0,"href":"https:\/\/arantv.az\/index.php?rest_route=\/wp\/v2\/posts\/334688\/revisions"}],"wp:featuredmedia":[{"embeddable":true,"href":"https:\/\/arantv.az\/index.php?rest_route=\/wp\/v2\/media\/334689"}],"wp:attachment":[{"href":"https:\/\/arantv.az\/index.php?rest_route=%2Fwp%2Fv2%2Fmedia&parent=334688"}],"wp:term":[{"taxonomy":"category","embeddable":true,"href":"https:\/\/arantv.az\/index.php?rest_route=%2Fwp%2Fv2%2Fcategories&post=334688"},{"taxonomy":"post_tag","embeddable":true,"href":"https:\/\/arantv.az\/index.php?rest_route=%2Fwp%2Fv2%2Ftags&post=334688"}],"curies":[{"name":"wp","href":"https:\/\/api.w.org\/{rel}","templated":true}]}}