{"id":334691,"date":"2021-05-06T10:46:41","date_gmt":"2021-05-06T07:46:41","guid":{"rendered":"https:\/\/arantv.az\/?p=334691"},"modified":"2021-05-06T10:46:41","modified_gmt":"2021-05-06T07:46:41","slug":"q%c9%99rargahin-iclasi-olacaq-hansi-m%c9%99s%c9%99l%c9%99l%c9%99r-muzakir%c9%99-edil%c9%99c%c9%99k-nazirlik","status":"publish","type":"post","link":"https:\/\/arantv.az\/?p=334691","title":{"rendered":"Q\u0259rargah\u0131n iclas\u0131 olacaq: Hans\u0131 m\u0259s\u0259l\u0259l\u0259r m\u00fczakir\u0259 edil\u0259c\u0259k? &#8211; Nazirlik"},"content":{"rendered":"<p><strong>Az\u0259rbaycanda m\u00f6vcud v\u0259ziyy\u0259t n\u0259z\u0259r\u0259 al\u0131naraq yum\u015fald\u0131lmalar\u0131n apar\u0131lmas\u0131 n\u0259z\u0259rd\u0259n ke\u00e7iril\u0259 bil\u0259r.<\/strong><\/p>\n<p><strong>ARANTV.AZ\u00a0<\/strong> x\u0259b\u0259r verir ki, bunu ARB24-\u00fcn &#8220;N\u0259 ba\u015f verir?&#8221; verili\u015find\u0259 Operativ Q\u0259rargah\u0131n iclas\u0131nda m\u00fczakir\u0259 olunmas\u0131 g\u00f6zl\u0259nil\u0259n m\u0259s\u0259l\u0259l\u0259r\u0259 ayd\u0131nl\u0131q g\u0259tir\u0259n S\u0259hiyy\u0259 Nazirliyinin \u0130ctimai S\u0259hiyy\u0259 v\u0259 \u0130slahatlar M\u0259rk\u0259zinin S\u0259hiyy\u0259 siyas\u0259ti v\u0259 planla\u015fd\u0131rma \u015f\u00f6b\u0259sinin m\u00fcdiri Nabil Seyidov deyib.<\/p>\n<p>O bildirib ki, dekabr v\u0259 yanvarda virusun k\u0259skin yay\u0131lmas\u0131 v\u0259 vaksinayas\u0131 prosesi n\u0259tic\u0259sind\u0259 Bak\u0131 60 faizlik kollektiv immunitet h\u0259ddin\u0259 art\u0131q daha \u00e7ox yax\u0131nd\u0131r:<\/p>\n<p>&#8220;Lakin burada s\u00f6hb\u0259t t\u0259k Az\u0259rbaycan daxili epidemioloji v\u0259ziyy\u0259td\u0259n getmir. Bilirsiniz ki, indi s\u00fcr\u0259tl\u0259 yay\u0131lan Hindistan \u015ftamm\u0131 var.\u00a0 D\u00fczd\u00fcr, bizd\u0259 s\u0259rh\u0259dl\u0259r iyunun 1-d\u0259k qapal\u0131d\u0131r. Buna g\u00f6r\u0259 d\u0259 hesab edir\u0259m ki, Az\u0259rbaycanda yum\u015fald\u0131lman\u0131n apar\u0131lmas\u0131 n\u0259z\u0259rd\u0259n ke\u00e7iril\u0259 bil\u0259r. Bu, davaml\u0131 olaraq m\u00fczakir\u0259 m\u00f6vzusudur. Havan\u0131n art\u0131q isinm\u0259si il\u0259 \u0259laq\u0259dar insanlar\u0131n k\u00fctl\u0259vi topla\u015fmad\u0131\u011f\u0131 a\u00e7\u0131q m\u0259kanlarda maskalardan istifad\u0259, idman zallar\u0131n\u0131n a\u00e7\u0131l\u0131b-a\u00e7\u0131lmamas\u0131 m\u0259s\u0259l\u0259si d\u0259 buraya daxildir&#8221;.<\/p>\n<div>\n<div id=\"AdviadNativeVideo0\" class=\"AdviadNativeVideo\"><\/div>\n<\/div>\n<p>N. Seyidov onu da qeyd edib ki, Ramazan bayram\u0131nda rayonlara s\u0259f\u0259r ed\u0259n v\u0259t\u0259nda\u015flar\u0131n karantin davran\u0131\u015f qaydalar\u0131na riay\u0259t etm\u0259si m\u0259sl\u0259h\u0259t g\u00f6r\u00fcl\u00fcr.<\/p>\n","protected":false},"excerpt":{"rendered":"<p>Az\u0259rbaycanda m\u00f6vcud v\u0259ziyy\u0259t n\u0259z\u0259r\u0259 al\u0131naraq yum\u015fald\u0131lmalar\u0131n apar\u0131lmas\u0131 n\u0259z\u0259rd\u0259n ke\u00e7iril\u0259 bil\u0259r. ARANTV.AZ\u00a0 x\u0259b\u0259r verir ki, bunu ARB24-\u00fcn &#8220;N\u0259 ba\u015f verir?&#8221; verili\u015find\u0259 Operativ Q\u0259rargah\u0131n iclas\u0131nda m\u00fczakir\u0259 olunmas\u0131 g\u00f6zl\u0259nil\u0259n m\u0259s\u0259l\u0259l\u0259r\u0259 ayd\u0131nl\u0131q g\u0259tir\u0259n S\u0259hiyy\u0259 Nazirliyinin \u0130ctimai S\u0259hiyy\u0259 v\u0259 \u0130slahatlar M\u0259rk\u0259zinin S\u0259hiyy\u0259 siyas\u0259ti v\u0259 planla\u015fd\u0131rma \u015f\u00f6b\u0259sinin m\u00fcdiri Nabil Seyidov deyib. O bildirib ki, dekabr v\u0259 yanvarda virusun k\u0259skin yay\u0131lmas\u0131 v\u0259 vaksinayas\u0131 prosesi n\u0259tic\u0259sind\u0259 Bak\u0131 60 faizlik kollektiv immunitet h\u0259ddin\u0259 art\u0131q daha \u00e7ox yax\u0131nd\u0131r: &#8220;Lakin burada s\u00f6hb\u0259t t\u0259k Az\u0259rbaycan daxili epidemioloji v\u0259ziyy\u0259td\u0259n getmir. Bilirsiniz ki, indi s\u00fcr\u0259tl\u0259 yay\u0131lan Hindistan \u015ftamm\u0131 var.\u00a0 D\u00fczd\u00fcr, bizd\u0259 s\u0259rh\u0259dl\u0259r iyunun 1-d\u0259k&hellip;<\/p>\n","protected":false},"author":2,"featured_media":334692,"comment_status":"closed","ping_status":"closed","sticky":false,"template":"","format":"standard","meta":{"om_disable_all_campaigns":false,"_monsterinsights_skip_tracking":false,"_monsterinsights_sitenote_active":false,"_monsterinsights_sitenote_note":"","_monsterinsights_sitenote_category":0},"categories":[26],"tags":[],"aioseo_notices":[],"gutentor_comment":0,"rttpg_featured_image_url":{"full":["https:\/\/arantv.az\/wp-content\/uploads\/2021\/05\/karantin_rejimi_0485.jpg",800,600,false],"landscape":["https:\/\/arantv.az\/wp-content\/uploads\/2021\/05\/karantin_rejimi_0485.jpg",800,600,false],"portraits":["https:\/\/arantv.az\/wp-content\/uploads\/2021\/05\/karantin_rejimi_0485.jpg",800,600,false],"thumbnail":["https:\/\/arantv.az\/wp-content\/uploads\/2021\/05\/karantin_rejimi_0485-500x280.jpg",500,280,true],"medium":["https:\/\/arantv.az\/wp-content\/uploads\/2021\/05\/karantin_rejimi_0485-487x365.jpg",487,365,true],"large":["https:\/\/arantv.az\/wp-content\/uploads\/2021\/05\/karantin_rejimi_0485.jpg",640,480,false],"1536x1536":["https:\/\/arantv.az\/wp-content\/uploads\/2021\/05\/karantin_rejimi_0485.jpg",800,600,false],"2048x2048":["https:\/\/arantv.az\/wp-content\/uploads\/2021\/05\/karantin_rejimi_0485.jpg",800,600,false],"post-thumbnail":["https:\/\/arantv.az\/wp-content\/uploads\/2021\/05\/karantin_rejimi_0485-240x172.jpg",240,172,true],"advps-thumb-one":["https:\/\/arantv.az\/wp-content\/uploads\/2021\/05\/karantin_rejimi_0485.jpg",800,600,false]},"rttpg_author":{"display_name":"V\u00fcsal Rafiqo\u011flu","author_link":"https:\/\/arantv.az\/?author=2"},"rttpg_comment":0,"rttpg_category":"<a href=\"https:\/\/arantv.az\/?cat=26\" rel=\"category\">Sosial<\/a>","rttpg_excerpt":"Az\u0259rbaycanda m\u00f6vcud v\u0259ziyy\u0259t n\u0259z\u0259r\u0259 al\u0131naraq yum\u015fald\u0131lmalar\u0131n apar\u0131lmas\u0131 n\u0259z\u0259rd\u0259n ke\u00e7iril\u0259 bil\u0259r. ARANTV.AZ\u00a0 x\u0259b\u0259r verir ki, bunu ARB24-\u00fcn &#8220;N\u0259 ba\u015f verir?&#8221; verili\u015find\u0259 Operativ Q\u0259rargah\u0131n iclas\u0131nda m\u00fczakir\u0259 olunmas\u0131 g\u00f6zl\u0259nil\u0259n m\u0259s\u0259l\u0259l\u0259r\u0259 ayd\u0131nl\u0131q g\u0259tir\u0259n S\u0259hiyy\u0259 Nazirliyinin \u0130ctimai S\u0259hiyy\u0259 v\u0259 \u0130slahatlar M\u0259rk\u0259zinin S\u0259hiyy\u0259 siyas\u0259ti v\u0259 planla\u015fd\u0131rma \u015f\u00f6b\u0259sinin m\u00fcdiri Nabil Seyidov deyib. O bildirib ki, dekabr v\u0259 yanvarda virusun k\u0259skin yay\u0131lmas\u0131 v\u0259&hellip;","_links":{"self":[{"href":"https:\/\/arantv.az\/index.php?rest_route=\/wp\/v2\/posts\/334691"}],"collection":[{"href":"https:\/\/arantv.az\/index.php?rest_route=\/wp\/v2\/posts"}],"about":[{"href":"https:\/\/arantv.az\/index.php?rest_route=\/wp\/v2\/types\/post"}],"author":[{"embeddable":true,"href":"https:\/\/arantv.az\/index.php?rest_route=\/wp\/v2\/users\/2"}],"replies":[{"embeddable":true,"href":"https:\/\/arantv.az\/index.php?rest_route=%2Fwp%2Fv2%2Fcomments&post=334691"}],"version-history":[{"count":0,"href":"https:\/\/arantv.az\/index.php?rest_route=\/wp\/v2\/posts\/334691\/revisions"}],"wp:featuredmedia":[{"embeddable":true,"href":"https:\/\/arantv.az\/index.php?rest_route=\/wp\/v2\/media\/334692"}],"wp:attachment":[{"href":"https:\/\/arantv.az\/index.php?rest_route=%2Fwp%2Fv2%2Fmedia&parent=334691"}],"wp:term":[{"taxonomy":"category","embeddable":true,"href":"https:\/\/arantv.az\/index.php?rest_route=%2Fwp%2Fv2%2Fcategories&post=334691"},{"taxonomy":"post_tag","embeddable":true,"href":"https:\/\/arantv.az\/index.php?rest_route=%2Fwp%2Fv2%2Ftags&post=334691"}],"curies":[{"name":"wp","href":"https:\/\/api.w.org\/{rel}","templated":true}]}}