{"id":334697,"date":"2021-05-06T10:48:12","date_gmt":"2021-05-06T07:48:12","guid":{"rendered":"https:\/\/arantv.az\/?p=334697"},"modified":"2021-05-06T10:48:12","modified_gmt":"2021-05-06T07:48:12","slug":"az%c9%99rbaycan-movqe-savasina-baslayib-geri-addim-atmaq-olmaz","status":"publish","type":"post","link":"https:\/\/arantv.az\/?p=334697","title":{"rendered":"Az\u0259rbaycan m\u00f6vqe sava\u015f\u0131na ba\u015flay\u0131b &#8211; Geri add\u0131m atmaq olmaz"},"content":{"rendered":"<p><strong>Az\u0259rbaycan Ordusu V\u0259t\u0259n m\u00fcharib\u0259sind\u0259 qazand\u0131\u011f\u0131 q\u0259l\u0259b\u0259 il\u0259\u00a030 illik i\u015f\u011fala son qoymaqla yana\u015f\u0131, AT\u018fT-in Minsk Qrupunun ill\u0259r boyunca bacarmad\u0131\u011f\u0131 beyn\u0259lxalq h\u00fcququ v\u0259 tarixi \u0259dal\u0259ti b\u0259rpa etmi\u015f oldu.\u00a0<\/strong><\/p>\n<p>Tarixi AT\u018fM-in Xarici \u0130\u015fl\u0259r Nazirl\u0259ri \u015euras\u0131n\u0131n 1992-ci ilin 24 mart\u0131nda Helsinkid\u0259 ke\u00e7irilmi\u015f g\u00f6r\u00fc\u015f\u00fcnd\u0259n ba\u015flayan Qrupa\u00a01 yanvar 1997-ci ild\u0259n AT\u018fT-in Minsk Prosesin\u0259 H\u0259ms\u0259drl\u0259r qismind\u0259 AB\u015e, Rusiya v\u0259 Fransa ba\u015f\u00e7\u0131l\u0131q etm\u0259y\u0259 ba\u015flay\u0131b. MQ-nin h\u0259ms\u0259dr \u00fczvl\u0259ri olan h\u0259r \u00fc\u00e7 d\u00f6vl\u0259t d\u00fcnyan\u0131n d\u00fcz\u0259nini, bu g\u00fcn\u00fcn\u00fc, sabah\u0131n\u0131, g\u0259l\u0259c\u0259yini t\u0259yin ed\u0259n g\u00fcc m\u0259rk\u0259zl\u0259ri hesab edilir. Lakin\u00a0t\u0259\u0259ss\u00fcf ki, bu g\u00fccl\u0259r Qrupdak\u0131 f\u0259aliyy\u0259tl\u0259ri \u00e7\u0259r\u00e7iv\u0259sind\u0259 humanizm, \u0259dal\u0259tlilik prinsipl\u0259rini tamamil\u0259 unutdular. Buna s\u00fcbut olaraq 7 ay \u00f6nc\u0259y\u0259 kimi t\u0259xmin\u0259n 30 il\u0259 yax\u0131n h\u0259llini tapmayan Da\u011fl\u0131q Qaraba\u011f problemini g\u00f6st\u0259rm\u0259k olar. Erm\u0259nip\u0259r\u0259st m\u00f6vqed\u0259 duran qurumun f\u0259aliyy\u0259tsizliyi n\u0259tic\u0259sind\u0259 BMT T\u0259hl\u00fck\u0259sizlik \u015euras\u0131n\u0131n erm\u0259ni silahl\u0131 birl\u0259\u015fm\u0259l\u0259rinin i\u015f\u011fal olunmu\u015f \u0259razil\u0259ri qeyd-\u015f\u0259rtsiz t\u0259rk etm\u0259l\u0259ri bar\u0259d\u0259 q\u0259tnam\u0259l\u0259ri, bir \u00e7ox beyn\u0259lxalq t\u0259\u015fkilatlar\u0131n q\u0259rar v\u0259 g\u00f6st\u0259ri\u015fl\u0259ri ka\u011f\u0131z \u00fcz\u0259rind\u0259 qald\u0131, \u0259m\u0259l olunmad\u0131 v\u0259 bundan Erm\u0259nistan daha da az\u011f\u0131nla\u015fd\u0131, yeni t\u0259cav\u00fczkarl\u0131q planlar\u0131na \u0259l atd\u0131.<\/p>\n<p>Lakin Az\u0259rbaycan d\u00f6vl\u0259ti, xalq\u0131 v\u0259 Ordusu b\u00f6y\u00fck irad\u0259, q\u0259tiyy\u0259t, birlik n\u00fcmayi\u015f etdir\u0259r\u0259k tarixi \u0259dal\u0259ti b\u0259rpa etm\u0259kl\u0259 BMT T\u0259hl\u00fck\u0259sizlik \u015euras\u0131n\u0131n q\u0259tnam\u0259l\u0259rinin t\u0259l\u0259bl\u0259rini yerin\u0259 yetir\u0259r\u0259k erm\u0259ni t\u0259cav\u00fczkarlar\u0131n\u0131 i\u015f\u011fal etdikl\u0259ri \u0259razil\u0259rd\u0259n \u00e7\u0131xard\u0131, m\u00fcasir d\u00fcnyada g\u00fcc\u00fcn qanundan daha vacib oldu\u011funu g\u00f6st\u0259rdi, regionda\u00a0yeni reall\u0131q yaratd\u0131. H\u0259tta Almaniya kansleri Angela Merkel\u00a0Avropa \u015euras\u0131 Parlament Assambleyas\u0131n\u0131n yaz sessiyas\u0131nda videom\u00fcraci\u0259ti zaman\u0131 Qaraba\u011fdak\u0131 kimi m\u00fcnaqi\u015f\u0259l\u0259rd\u0259n qa\u00e7maq \u00fc\u00e7\u00fcn beyn\u0259lxalq h\u00fcquqa \u0259m\u0259l olunmas\u0131n\u0131n vacibliyini vur\u011fulamaqla\u00a0g\u00fcc faktorunun n\u0259 q\u0259d\u0259r \u00f6n\u0259mli rola sahib oldu\u011funu g\u00f6st\u0259r\u0259r\u0259k dolay\u0131s\u0131 il\u0259 Az\u0259rbaycan\u0131n haql\u0131 m\u00f6vqeyini m\u00fcdafi\u0259 etdi dey\u0259 bil\u0259rik. \u00c7\u00fcnki d\u00f6vl\u0259tl\u0259rin suverenliyin\u0259 v\u0259 \u0259razi b\u00fct\u00f6vl\u00fcy\u00fcn\u0259 h\u00f6rm\u0259t olmad\u0131\u011f\u0131\u00a0qanunlar yerini g\u00fcc\u0259 burax\u0131r.<\/p>\n<p>Amma\u00a0bu g\u00fcn Az\u0259rbaycan daha \u00f6n\u0259mli m\u0259rh\u0259l\u0259y\u0259 &#8211; postkonflikt d\u00f6vr\u00fcn\u0259 q\u0259d\u0259m qoyub. Art\u0131q g\u00fcc amili yerini a\u011f\u0131l, z\u0259ka, manevr, irad\u0259 il\u0259 \u0259v\u0259z etm\u0259y\u0259 ba\u015flay\u0131b. \u0130ndi r\u0259smi Bak\u0131 daha a\u011f\u0131ll\u0131, daha uzaqg\u00f6r\u0259n, daha inaml\u0131 add\u0131mlar\u0131 il\u0259 44 g\u00fcnl\u00fck sava\u015fdak\u0131 q\u0259l\u0259b\u0259ni m\u00f6hk\u0259ml\u0259tm\u0259kl\u0259 d\u00fc\u015fm\u0259n\u0259 \u0259z\u0259l\u0259 n\u00fcmayi\u015f etdirm\u0259lidir. Bunun \u00fc\u00e7\u00fcn Az\u0259rbaycan ilk n\u00f6vb\u0259d\u0259 onun haql\u0131 m\u00f6vqeyini m\u00fcdafi\u0259 ed\u0259n d\u00f6vl\u0259tl\u0259rl\u0259 m\u00fcxt\u0259lif sah\u0259l\u0259r \u00fczr\u0259\u00a0\u0259m\u0259kda\u015fl\u0131\u011fa x\u00fcsusi \u00f6n\u0259m verm\u0259lidir. Nec\u0259 ki, biz bunun faydas\u0131n\u0131 44 g\u00fcnl\u00fck m\u00fcharib\u0259nin gedi\u015find\u0259 a\u00e7\u0131q-a\u015fkar m\u00fc\u015fahid\u0259 etdik. Erm\u0259nistan\u0131n\u00a0(BMT T\u015e) q\u0259tnam\u0259l\u0259rin t\u0259l\u0259bl\u0259rin\u0259 \u0259m\u0259l ed\u0259c\u0259yin\u0259 dair b\u00fct\u00fcn \u00fcmidl\u0259rinin \u00fcst\u00fcnd\u0259n x\u0259tt \u00e7\u0259kdiyini anlayan r\u0259smi Bak\u0131 BMT T\u0259hl\u00fck\u0259sizlik \u015euras\u0131n\u0131n (q\u0259tnam\u0259l\u0259rinin) t\u0259l\u0259bl\u0259rini yerin\u0259 yetirm\u0259kl\u0259 erm\u0259ni t\u0259cav\u00fczkarlar\u0131n\u0131 i\u015f\u011fal etdikl\u0259ri \u0259razil\u0259rd\u0259n \u00e7\u0131xarmaq \u00fc\u00e7\u00fcn\u00a0tarixi \u0259dal\u0259ti b\u0259rpa etm\u0259y\u0259 \u00e7al\u0131\u015fd\u0131\u011f\u0131 bir vaxtda ard\u0131-aras\u0131 k\u0259silm\u0259y\u0259n\u00a0t\u0259zyiql\u0259rl\u0259 \u00fcz-\u00fcz\u0259 qald\u0131. 2020-ci ilin oktyabr ay\u0131n\u0131n 19-da BMT-d\u0259 Az\u0259rbaycan\u0131n maraqlar\u0131na uy\u011fun olmayan s\u0259n\u0259d q\u0259bul etm\u0259y\u0259 haz\u0131rla\u015fd\u0131\u011f\u0131 bir vaxtda\u00a0bunun qar\u015f\u0131s\u0131n\u0131 m\u0259hz\u00a0d\u00fcnyada BMT-d\u0259n sonra \u0259n b\u00f6y\u00fck t\u0259\u015fkilat say\u0131lan, 120-d\u0259n \u00e7ox \u00fczv\u00fc olan\u00a0Qo\u015fulmama H\u0259r\u0259kat\u0131na \u00fczv d\u00f6vl\u0259tl\u0259r Az\u0259rbaycan\u0131n\u00a0V\u0259t\u0259n m\u00fcharib\u0259sind\u0259ki haql\u0131 sava\u015f\u0131n\u0131n yan\u0131nda olmaqla\u00a0ald\u0131lar. V\u0259 bel\u0259c\u0259 \u00fczv d\u00f6vl\u0259tl\u0259rin \u00f6lk\u0259mizi d\u0259st\u0259kl\u0259m\u0259si siyasi arenalarda da s\u00f6z sahibliyini daha da g\u00fccl\u0259ndirdi.<\/p>\n<p>Az\u0259rbaycan \u00f6z\u00fc \u00f6z m\u00fcq\u0259dd\u0259rat\u0131n\u0131 h\u0259ll edirs\u0259, Minsk qrupu kim\u0259 v\u0259 n\u0259y\u0259 laz\u0131md\u0131r?<\/p>\n<p>Bu bar\u0259d\u0259 AT\u018fT fikirl\u0259\u015fm\u0259li v\u0259 q\u0259ti q\u0259rara g\u0259lm\u0259lidir. \u018fg\u0259r bu qrup s\u00fclhm\u0259raml\u0131 t\u0259dbirl\u0259r\u0259 qo\u015fulub neytral m\u00f6vqe tutaraq xalqlar aras\u0131nda qar\u015f\u0131l\u0131ql\u0131 m\u00fcnasib\u0259tl\u0259rin yarad\u0131lmas\u0131na xidm\u0259t etm\u0259k ist\u0259yirs\u0259, o vaxt r\u0259smi Bak\u0131 onlar\u0131n f\u0259aliyy\u0259tini d\u0259st\u0259kl\u0259y\u0259 bil\u0259r. Bunu etm\u0259k \u0259v\u0259zin\u0259 II Qaraba\u011f m\u00fcharib\u0259si m\u00fcdd\u0259tind\u0259 v\u0259 ondan sonra Erm\u0259nistan\u0131n t\u0259cav\u00fczkar siyas\u0259tin\u0259 a\u00e7\u0131q d\u0259st\u0259k ver\u0259n Fransa h\u00f6k\u00fcm\u0259ti \u0259dal\u0259t prinsipl\u0259rini ayaq alt\u0131na atacaq q\u0259rarlar, b\u0259yanatlar verm\u0259y\u0259 davam ed\u0259rs\u0259, r\u0259smi Bak\u0131n\u0131n Minsk Qrupuna olan etimad\u0131n\u0131 daha da sars\u0131da bil\u0259r. Bunu n\u0259z\u0259r\u0259 alan Kreml h\u0259ms\u0259dr \u00f6lk\u0259l\u0259rd\u0259n biri kimi he\u00e7 vaxt olmad\u0131\u011f\u0131 q\u0259d\u0259r Az\u0259rbaycan-Erm\u0259nistan Da\u011fl\u0131q Qaraba\u011f probleminin h\u0259lli yolunda t\u0259mkin n\u00fcmayi\u015f etdirdi. T\u0259bii ki, bunun da \u0259n \u0259sas s\u0259b\u0259bl\u0259rind\u0259n biri bu g\u00fcn d\u00fcnyada g\u00fccl\u0259n\u0259n T\u00fcrkiy\u0259 faktorudur ki, bu amil Az\u0259rbaycan\u0131n da \u0259lini getdikc\u0259 g\u00fccl\u0259ndirir. Ankara v\u0259 Bak\u0131n\u0131n bu g\u00fcn paralel add\u0131mlamas\u0131 is\u0259 d\u00fc\u015fm\u0259nl\u0259rimizi, bizi g\u00f6z\u00fc g\u00f6t\u00fcrm\u0259y\u0259nl\u0259ri bel\u0259 h\u0259l\u0259 uzun m\u00fcdd\u0259t\u00a0biziml\u0259 hesabla\u015fmaq m\u0259cburiyy\u0259tind\u0259 qoyacaq kimi g\u00f6r\u00fcn\u00fcr.<\/p>\n","protected":false},"excerpt":{"rendered":"<p>Az\u0259rbaycan Ordusu V\u0259t\u0259n m\u00fcharib\u0259sind\u0259 qazand\u0131\u011f\u0131 q\u0259l\u0259b\u0259 il\u0259\u00a030 illik i\u015f\u011fala son qoymaqla yana\u015f\u0131, AT\u018fT-in Minsk Qrupunun ill\u0259r boyunca bacarmad\u0131\u011f\u0131 beyn\u0259lxalq h\u00fcququ v\u0259 tarixi \u0259dal\u0259ti b\u0259rpa etmi\u015f oldu.\u00a0 Tarixi AT\u018fM-in Xarici \u0130\u015fl\u0259r Nazirl\u0259ri \u015euras\u0131n\u0131n 1992-ci ilin 24 mart\u0131nda Helsinkid\u0259 ke\u00e7irilmi\u015f g\u00f6r\u00fc\u015f\u00fcnd\u0259n ba\u015flayan Qrupa\u00a01 yanvar 1997-ci ild\u0259n AT\u018fT-in Minsk Prosesin\u0259 H\u0259ms\u0259drl\u0259r qismind\u0259 AB\u015e, Rusiya v\u0259 Fransa ba\u015f\u00e7\u0131l\u0131q etm\u0259y\u0259 ba\u015flay\u0131b. MQ-nin h\u0259ms\u0259dr \u00fczvl\u0259ri olan h\u0259r \u00fc\u00e7 d\u00f6vl\u0259t d\u00fcnyan\u0131n d\u00fcz\u0259nini, bu g\u00fcn\u00fcn\u00fc, sabah\u0131n\u0131, g\u0259l\u0259c\u0259yini t\u0259yin ed\u0259n g\u00fcc m\u0259rk\u0259zl\u0259ri hesab edilir. Lakin\u00a0t\u0259\u0259ss\u00fcf ki, bu g\u00fccl\u0259r Qrupdak\u0131 f\u0259aliyy\u0259tl\u0259ri \u00e7\u0259r\u00e7iv\u0259sind\u0259 humanizm, \u0259dal\u0259tlilik prinsipl\u0259rini tamamil\u0259 unutdular. Buna s\u00fcbut olaraq&hellip;<\/p>\n","protected":false},"author":2,"featured_media":334698,"comment_status":"closed","ping_status":"closed","sticky":false,"template":"","format":"standard","meta":{"om_disable_all_campaigns":false,"_monsterinsights_skip_tracking":false,"_monsterinsights_sitenote_active":false,"_monsterinsights_sitenote_note":"","_monsterinsights_sitenote_category":0},"categories":[4],"tags":[],"aioseo_notices":[],"gutentor_comment":0,"rttpg_featured_image_url":{"full":["https:\/\/arantv.az\/wp-content\/uploads\/2021\/05\/946194_01.jpg",620,360,false],"landscape":["https:\/\/arantv.az\/wp-content\/uploads\/2021\/05\/946194_01.jpg",620,360,false],"portraits":["https:\/\/arantv.az\/wp-content\/uploads\/2021\/05\/946194_01.jpg",620,360,false],"thumbnail":["https:\/\/arantv.az\/wp-content\/uploads\/2021\/05\/946194_01-500x280.jpg",500,280,true],"medium":["https:\/\/arantv.az\/wp-content\/uploads\/2021\/05\/946194_01.jpg",620,360,false],"large":["https:\/\/arantv.az\/wp-content\/uploads\/2021\/05\/946194_01.jpg",620,360,false],"1536x1536":["https:\/\/arantv.az\/wp-content\/uploads\/2021\/05\/946194_01.jpg",620,360,false],"2048x2048":["https:\/\/arantv.az\/wp-content\/uploads\/2021\/05\/946194_01.jpg",620,360,false],"post-thumbnail":["https:\/\/arantv.az\/wp-content\/uploads\/2021\/05\/946194_01-240x172.jpg",240,172,true],"advps-thumb-one":["https:\/\/arantv.az\/wp-content\/uploads\/2021\/05\/946194_01.jpg",620,360,false]},"rttpg_author":{"display_name":"V\u00fcsal Rafiqo\u011flu","author_link":"https:\/\/arantv.az\/?author=2"},"rttpg_comment":0,"rttpg_category":"<a href=\"https:\/\/arantv.az\/?cat=4\" rel=\"category\">Siyas\u0259t<\/a>","rttpg_excerpt":"Az\u0259rbaycan Ordusu V\u0259t\u0259n m\u00fcharib\u0259sind\u0259 qazand\u0131\u011f\u0131 q\u0259l\u0259b\u0259 il\u0259\u00a030 illik i\u015f\u011fala son qoymaqla yana\u015f\u0131, AT\u018fT-in Minsk Qrupunun ill\u0259r boyunca bacarmad\u0131\u011f\u0131 beyn\u0259lxalq h\u00fcququ v\u0259 tarixi \u0259dal\u0259ti b\u0259rpa etmi\u015f oldu.\u00a0 Tarixi AT\u018fM-in Xarici \u0130\u015fl\u0259r Nazirl\u0259ri \u015euras\u0131n\u0131n 1992-ci ilin 24 mart\u0131nda Helsinkid\u0259 ke\u00e7irilmi\u015f g\u00f6r\u00fc\u015f\u00fcnd\u0259n ba\u015flayan Qrupa\u00a01 yanvar 1997-ci ild\u0259n AT\u018fT-in Minsk Prosesin\u0259 H\u0259ms\u0259drl\u0259r qismind\u0259 AB\u015e, Rusiya v\u0259 Fransa ba\u015f\u00e7\u0131l\u0131q etm\u0259y\u0259&hellip;","_links":{"self":[{"href":"https:\/\/arantv.az\/index.php?rest_route=\/wp\/v2\/posts\/334697"}],"collection":[{"href":"https:\/\/arantv.az\/index.php?rest_route=\/wp\/v2\/posts"}],"about":[{"href":"https:\/\/arantv.az\/index.php?rest_route=\/wp\/v2\/types\/post"}],"author":[{"embeddable":true,"href":"https:\/\/arantv.az\/index.php?rest_route=\/wp\/v2\/users\/2"}],"replies":[{"embeddable":true,"href":"https:\/\/arantv.az\/index.php?rest_route=%2Fwp%2Fv2%2Fcomments&post=334697"}],"version-history":[{"count":0,"href":"https:\/\/arantv.az\/index.php?rest_route=\/wp\/v2\/posts\/334697\/revisions"}],"wp:featuredmedia":[{"embeddable":true,"href":"https:\/\/arantv.az\/index.php?rest_route=\/wp\/v2\/media\/334698"}],"wp:attachment":[{"href":"https:\/\/arantv.az\/index.php?rest_route=%2Fwp%2Fv2%2Fmedia&parent=334697"}],"wp:term":[{"taxonomy":"category","embeddable":true,"href":"https:\/\/arantv.az\/index.php?rest_route=%2Fwp%2Fv2%2Fcategories&post=334697"},{"taxonomy":"post_tag","embeddable":true,"href":"https:\/\/arantv.az\/index.php?rest_route=%2Fwp%2Fv2%2Ftags&post=334697"}],"curies":[{"name":"wp","href":"https:\/\/api.w.org\/{rel}","templated":true}]}}