{"id":334706,"date":"2021-05-06T11:08:26","date_gmt":"2021-05-06T08:08:26","guid":{"rendered":"https:\/\/arantv.az\/?p=334706"},"modified":"2021-05-06T11:08:26","modified_gmt":"2021-05-06T08:08:26","slug":"operativ-q%c9%99rargahin-brifinqi-baslandi-yenil%c9%99nib-canli","status":"publish","type":"post","link":"https:\/\/arantv.az\/?p=334706","title":{"rendered":"Operativ Q\u0259rargah\u0131n brifinqi ba\u015fland\u0131 &#8211; YEN\u0130L\u018fN\u0130B &#8211; CANLI"},"content":{"rendered":"<p><strong>11:58<\/strong><\/p>\n<p><strong>Az\u0259rbaycan Respublikas\u0131 Nazirl\u0259r Kabineti yan\u0131nda Operativ Q\u0259rargah koronavirusla ba\u011fl\u0131 K\u0130V n\u00fcmay\u0259nd\u0259l\u0259ri \u00fc\u00e7\u00fcn brifinq ke\u00e7irir.<\/strong><\/p>\n<p><strong>ARANTV.AZ\u00a0<\/strong> x\u0259b\u0259r verir ki, brifinqd\u0259 Operativ Q\u0259rargah\u0131n n\u00fcmay\u0259nd\u0259l\u0259ri &#8211; S\u0259hiyy\u0259 nazirinin birinci m\u00fcavini Teymur Musayev v\u0259 Tibbi \u018frazi B\u00f6lm\u0259l\u0259rinin \u0130dar\u0259etm\u0259 Birliyinin \u015f\u00f6b\u0259 m\u00fcdiri Yaqut Qarayeva karantin rejimi t\u0259l\u0259bl\u0259ri v\u0259 koronavirusla ba\u011fl\u0131 \u00f6lk\u0259d\u0259ki son v\u0259ziyy\u0259t bar\u0259d\u0259 ictimaiyy\u0259ti m\u0259lumatland\u0131r\u0131r.<\/p>\n<p>Qeyd ed\u0259k ki, son sutkada Az\u0259rbaycanda 2 074 n\u0259f\u0259r COVID-19-dan sa\u011fal\u0131b, 1 080 n\u0259f\u0259r yoluxub. \u00d6lk\u0259d\u0259 vurulan vaksinl\u0259rin \u00fcmumi say\u0131 1 566 106, birinci m\u0259rh\u0259l\u0259 \u00fczr\u0259 vaksinasiya olunanlar\u0131n \u00fcmumi say\u0131 987 962, ikinci m\u0259rh\u0259l\u0259 \u00fczr\u0259 vaksinasiya olunanlar\u0131n say\u0131 is\u0259 578 144 t\u0259\u015fkil edir.<\/p>\n<p>&#8212;&#8212;-<\/p>\n<p><strong>11:55<\/strong><\/p>\n<p>Brifinq m\u0259lumat xarakterlidir. H\u0259r hans\u0131 s\u0259rtl\u0259\u015fm\u0259 v\u0259 yum\u015falma q\u0259rar\u0131 olmayacaq.<\/p>\n<p>&#8212;&#8212;<\/p>\n<div class=\"article_text\">\n<p><strong>11:47<\/strong><\/p>\n<p><strong>Bu g\u00fcn veril\u0259c\u0259k q\u0259rarlar aras\u0131nda s\u0259rt karantinin olmas\u0131 g\u00f6zl\u0259nilmir.\u00a0<\/strong><\/p>\n<p>Bir ne\u00e7\u0259 d\u0259qiq\u0259d\u0259n sonra Nazirl\u0259r Kabineti yan\u0131nda Operativ Q\u0259rargah\u0131n n\u00f6vb\u0259ti brifinqi ke\u00e7iril\u0259c\u0259k.<\/p>\n<p>Brifinqd\u0259 s\u0259hiyy\u0259 nazirinin s\u0259lahiyy\u0259tl\u0259rini icra ed\u0259n\u00a0<strong>Teymur Musayev<\/strong>\u00a0v\u0259 T\u018fBI\u0307B-in departament mu\u0308diri\u00a0<strong>Yaqut Qarayeva<\/strong>\u00a0c\u0327\u0131x\u0131s\u0327 ed\u0259c\u0259k.<\/p>\n<p>&nbsp;<\/p>\n<p><iframe loading=\"lazy\" src=\"https:\/\/www.facebook.com\/plugins\/video.php?height=314&amp;href=https%3A%2F%2Fwww.facebook.com%2Faz.trend.az%2Fvideos%2F307610067549523%2F&amp;show_text=false&amp;width=560\" width=\"560\" height=\"314\" frameborder=\"0\" scrolling=\"no\" allowfullscreen=\"allowfullscreen\" data-mce-fragment=\"1\"><\/iframe><\/p>\n<\/div>\n<div class=\"social-banner\"><\/div>\n","protected":false},"excerpt":{"rendered":"<p>11:58 Az\u0259rbaycan Respublikas\u0131 Nazirl\u0259r Kabineti yan\u0131nda Operativ Q\u0259rargah koronavirusla ba\u011fl\u0131 K\u0130V n\u00fcmay\u0259nd\u0259l\u0259ri \u00fc\u00e7\u00fcn brifinq ke\u00e7irir. ARANTV.AZ\u00a0 x\u0259b\u0259r verir ki, brifinqd\u0259 Operativ Q\u0259rargah\u0131n n\u00fcmay\u0259nd\u0259l\u0259ri &#8211; S\u0259hiyy\u0259 nazirinin birinci m\u00fcavini Teymur Musayev v\u0259 Tibbi \u018frazi B\u00f6lm\u0259l\u0259rinin \u0130dar\u0259etm\u0259 Birliyinin \u015f\u00f6b\u0259 m\u00fcdiri Yaqut Qarayeva karantin rejimi t\u0259l\u0259bl\u0259ri v\u0259 koronavirusla ba\u011fl\u0131 \u00f6lk\u0259d\u0259ki son v\u0259ziyy\u0259t bar\u0259d\u0259 ictimaiyy\u0259ti m\u0259lumatland\u0131r\u0131r. Qeyd ed\u0259k ki, son sutkada Az\u0259rbaycanda 2 074 n\u0259f\u0259r COVID-19-dan sa\u011fal\u0131b, 1 080 n\u0259f\u0259r yoluxub. \u00d6lk\u0259d\u0259 vurulan vaksinl\u0259rin \u00fcmumi say\u0131 1 566 106, birinci m\u0259rh\u0259l\u0259 \u00fczr\u0259 vaksinasiya olunanlar\u0131n \u00fcmumi say\u0131 987 962, ikinci m\u0259rh\u0259l\u0259 \u00fczr\u0259 vaksinasiya olunanlar\u0131n say\u0131&hellip;<\/p>\n","protected":false},"author":2,"featured_media":334707,"comment_status":"closed","ping_status":"closed","sticky":false,"template":"","format":"standard","meta":{"om_disable_all_campaigns":false,"_monsterinsights_skip_tracking":false,"_monsterinsights_sitenote_active":false,"_monsterinsights_sitenote_note":"","_monsterinsights_sitenote_category":0},"categories":[26],"tags":[],"aioseo_notices":[],"gutentor_comment":0,"rttpg_featured_image_url":{"full":["https:\/\/arantv.az\/wp-content\/uploads\/2021\/05\/946209.jpg",800,600,false],"landscape":["https:\/\/arantv.az\/wp-content\/uploads\/2021\/05\/946209.jpg",800,600,false],"portraits":["https:\/\/arantv.az\/wp-content\/uploads\/2021\/05\/946209.jpg",800,600,false],"thumbnail":["https:\/\/arantv.az\/wp-content\/uploads\/2021\/05\/946209-500x280.jpg",500,280,true],"medium":["https:\/\/arantv.az\/wp-content\/uploads\/2021\/05\/946209-487x365.jpg",487,365,true],"large":["https:\/\/arantv.az\/wp-content\/uploads\/2021\/05\/946209.jpg",640,480,false],"1536x1536":["https:\/\/arantv.az\/wp-content\/uploads\/2021\/05\/946209.jpg",800,600,false],"2048x2048":["https:\/\/arantv.az\/wp-content\/uploads\/2021\/05\/946209.jpg",800,600,false],"post-thumbnail":["https:\/\/arantv.az\/wp-content\/uploads\/2021\/05\/946209-240x172.jpg",240,172,true],"advps-thumb-one":["https:\/\/arantv.az\/wp-content\/uploads\/2021\/05\/946209.jpg",800,600,false]},"rttpg_author":{"display_name":"V\u00fcsal Rafiqo\u011flu","author_link":"https:\/\/arantv.az\/?author=2"},"rttpg_comment":0,"rttpg_category":"<a href=\"https:\/\/arantv.az\/?cat=26\" rel=\"category\">Sosial<\/a>","rttpg_excerpt":"11:58 Az\u0259rbaycan Respublikas\u0131 Nazirl\u0259r Kabineti yan\u0131nda Operativ Q\u0259rargah koronavirusla ba\u011fl\u0131 K\u0130V n\u00fcmay\u0259nd\u0259l\u0259ri \u00fc\u00e7\u00fcn brifinq ke\u00e7irir. ARANTV.AZ\u00a0 x\u0259b\u0259r verir ki, brifinqd\u0259 Operativ Q\u0259rargah\u0131n n\u00fcmay\u0259nd\u0259l\u0259ri &#8211; S\u0259hiyy\u0259 nazirinin birinci m\u00fcavini Teymur Musayev v\u0259 Tibbi \u018frazi B\u00f6lm\u0259l\u0259rinin \u0130dar\u0259etm\u0259 Birliyinin \u015f\u00f6b\u0259 m\u00fcdiri Yaqut Qarayeva karantin rejimi t\u0259l\u0259bl\u0259ri v\u0259 koronavirusla ba\u011fl\u0131 \u00f6lk\u0259d\u0259ki son v\u0259ziyy\u0259t bar\u0259d\u0259 ictimaiyy\u0259ti m\u0259lumatland\u0131r\u0131r. Qeyd ed\u0259k ki,&hellip;","_links":{"self":[{"href":"https:\/\/arantv.az\/index.php?rest_route=\/wp\/v2\/posts\/334706"}],"collection":[{"href":"https:\/\/arantv.az\/index.php?rest_route=\/wp\/v2\/posts"}],"about":[{"href":"https:\/\/arantv.az\/index.php?rest_route=\/wp\/v2\/types\/post"}],"author":[{"embeddable":true,"href":"https:\/\/arantv.az\/index.php?rest_route=\/wp\/v2\/users\/2"}],"replies":[{"embeddable":true,"href":"https:\/\/arantv.az\/index.php?rest_route=%2Fwp%2Fv2%2Fcomments&post=334706"}],"version-history":[{"count":0,"href":"https:\/\/arantv.az\/index.php?rest_route=\/wp\/v2\/posts\/334706\/revisions"}],"wp:featuredmedia":[{"embeddable":true,"href":"https:\/\/arantv.az\/index.php?rest_route=\/wp\/v2\/media\/334707"}],"wp:attachment":[{"href":"https:\/\/arantv.az\/index.php?rest_route=%2Fwp%2Fv2%2Fmedia&parent=334706"}],"wp:term":[{"taxonomy":"category","embeddable":true,"href":"https:\/\/arantv.az\/index.php?rest_route=%2Fwp%2Fv2%2Fcategories&post=334706"},{"taxonomy":"post_tag","embeddable":true,"href":"https:\/\/arantv.az\/index.php?rest_route=%2Fwp%2Fv2%2Ftags&post=334706"}],"curies":[{"name":"wp","href":"https:\/\/api.w.org\/{rel}","templated":true}]}}