{"id":334709,"date":"2021-05-06T11:09:12","date_gmt":"2021-05-06T08:09:12","guid":{"rendered":"https:\/\/arantv.az\/?p=334709"},"modified":"2021-05-06T11:09:12","modified_gmt":"2021-05-06T08:09:12","slug":"erm%c9%99nistanda-5-mind%c9%99n-cox-f%c9%99rari-%c9%99fv-olunur","status":"publish","type":"post","link":"https:\/\/arantv.az\/?p=334709","title":{"rendered":"Erm\u0259nistanda 5 mind\u0259n \u00e7ox f\u0259rari \u0259fv olunur"},"content":{"rendered":"<p>Erm\u0259nistan parlamenti h\u0259rbi xidm\u0259td\u0259n yay\u0131nan v\u0259t\u0259nda\u015flar\u0131n amnistiyas\u0131 il\u0259 ba\u011fl\u0131 qanun layih\u0259sini q\u0259bul edib.<\/p>\n<p><strong>ARANTV.AZ<\/strong>\u00a0 <a href=\"https:\/\/az.trend.az\/\" target=\"_blank\" rel=\"noopener\">Trend<\/a>-\u0259 istinad\u0259n bildirir ki,\u00a0&#8220;H\u0259rbi xidm\u0259t v\u0259 h\u0259rbi qulluq\u00e7unun statusu haqq\u0131nda&#8221; qanuna d\u0259yi\u015fiklikl\u0259r ikinci oxunu\u015fda q\u0259bul edilib.<\/p>\n<p>Qeyd olunur ki, d\u0259yi\u015fiklikl\u0259r \u00f6t\u0259n ilin sentyabr\u0131nad\u0259k xidm\u0259td\u0259n yay\u0131nan \u0259sg\u0259r v\u0259 zabitl\u0259r\u0259 \u015famil olunacaq.<\/p>\n<p>Qanuna \u0259sas\u0259n, 5 min n\u0259f\u0259r axtar\u0131\u015fa veril\u0259n v\u0259 100-d\u0259n \u00e7ox m\u0259hkum olunmu\u015f \u015f\u0259xs amnistiyaya d\u00fc\u015f\u0259c\u0259k.<\/p>\n","protected":false},"excerpt":{"rendered":"<p>Erm\u0259nistan parlamenti h\u0259rbi xidm\u0259td\u0259n yay\u0131nan v\u0259t\u0259nda\u015flar\u0131n amnistiyas\u0131 il\u0259 ba\u011fl\u0131 qanun layih\u0259sini q\u0259bul edib. ARANTV.AZ\u00a0 Trend-\u0259 istinad\u0259n bildirir ki,\u00a0&#8220;H\u0259rbi xidm\u0259t v\u0259 h\u0259rbi qulluq\u00e7unun statusu haqq\u0131nda&#8221; qanuna d\u0259yi\u015fiklikl\u0259r ikinci oxunu\u015fda q\u0259bul edilib. Qeyd olunur ki, d\u0259yi\u015fiklikl\u0259r \u00f6t\u0259n ilin sentyabr\u0131nad\u0259k xidm\u0259td\u0259n yay\u0131nan \u0259sg\u0259r v\u0259 zabitl\u0259r\u0259 \u015famil olunacaq. Qanuna \u0259sas\u0259n, 5 min n\u0259f\u0259r axtar\u0131\u015fa veril\u0259n v\u0259 100-d\u0259n \u00e7ox m\u0259hkum olunmu\u015f \u015f\u0259xs amnistiyaya d\u00fc\u015f\u0259c\u0259k.<\/p>\n","protected":false},"author":2,"featured_media":334710,"comment_status":"closed","ping_status":"closed","sticky":false,"template":"","format":"standard","meta":{"om_disable_all_campaigns":false,"_monsterinsights_skip_tracking":false,"_monsterinsights_sitenote_active":false,"_monsterinsights_sitenote_note":"","_monsterinsights_sitenote_category":0},"categories":[7],"tags":[],"aioseo_notices":[],"gutentor_comment":0,"rttpg_featured_image_url":{"full":["https:\/\/arantv.az\/wp-content\/uploads\/2021\/05\/946199.jpg",800,600,false],"landscape":["https:\/\/arantv.az\/wp-content\/uploads\/2021\/05\/946199.jpg",800,600,false],"portraits":["https:\/\/arantv.az\/wp-content\/uploads\/2021\/05\/946199.jpg",800,600,false],"thumbnail":["https:\/\/arantv.az\/wp-content\/uploads\/2021\/05\/946199-500x280.jpg",500,280,true],"medium":["https:\/\/arantv.az\/wp-content\/uploads\/2021\/05\/946199-487x365.jpg",487,365,true],"large":["https:\/\/arantv.az\/wp-content\/uploads\/2021\/05\/946199.jpg",640,480,false],"1536x1536":["https:\/\/arantv.az\/wp-content\/uploads\/2021\/05\/946199.jpg",800,600,false],"2048x2048":["https:\/\/arantv.az\/wp-content\/uploads\/2021\/05\/946199.jpg",800,600,false],"post-thumbnail":["https:\/\/arantv.az\/wp-content\/uploads\/2021\/05\/946199-240x172.jpg",240,172,true],"advps-thumb-one":["https:\/\/arantv.az\/wp-content\/uploads\/2021\/05\/946199.jpg",800,600,false]},"rttpg_author":{"display_name":"V\u00fcsal Rafiqo\u011flu","author_link":"https:\/\/arantv.az\/?author=2"},"rttpg_comment":0,"rttpg_category":"<a href=\"https:\/\/arantv.az\/?cat=7\" rel=\"category\">D\u00fcnya<\/a>","rttpg_excerpt":"Erm\u0259nistan parlamenti h\u0259rbi xidm\u0259td\u0259n yay\u0131nan v\u0259t\u0259nda\u015flar\u0131n amnistiyas\u0131 il\u0259 ba\u011fl\u0131 qanun layih\u0259sini q\u0259bul edib. ARANTV.AZ\u00a0 Trend-\u0259 istinad\u0259n bildirir ki,\u00a0&#8220;H\u0259rbi xidm\u0259t v\u0259 h\u0259rbi qulluq\u00e7unun statusu haqq\u0131nda&#8221; qanuna d\u0259yi\u015fiklikl\u0259r ikinci oxunu\u015fda q\u0259bul edilib. Qeyd olunur ki, d\u0259yi\u015fiklikl\u0259r \u00f6t\u0259n ilin sentyabr\u0131nad\u0259k xidm\u0259td\u0259n yay\u0131nan \u0259sg\u0259r v\u0259 zabitl\u0259r\u0259 \u015famil olunacaq. Qanuna \u0259sas\u0259n, 5 min n\u0259f\u0259r axtar\u0131\u015fa veril\u0259n v\u0259 100-d\u0259n \u00e7ox m\u0259hkum&hellip;","_links":{"self":[{"href":"https:\/\/arantv.az\/index.php?rest_route=\/wp\/v2\/posts\/334709"}],"collection":[{"href":"https:\/\/arantv.az\/index.php?rest_route=\/wp\/v2\/posts"}],"about":[{"href":"https:\/\/arantv.az\/index.php?rest_route=\/wp\/v2\/types\/post"}],"author":[{"embeddable":true,"href":"https:\/\/arantv.az\/index.php?rest_route=\/wp\/v2\/users\/2"}],"replies":[{"embeddable":true,"href":"https:\/\/arantv.az\/index.php?rest_route=%2Fwp%2Fv2%2Fcomments&post=334709"}],"version-history":[{"count":0,"href":"https:\/\/arantv.az\/index.php?rest_route=\/wp\/v2\/posts\/334709\/revisions"}],"wp:featuredmedia":[{"embeddable":true,"href":"https:\/\/arantv.az\/index.php?rest_route=\/wp\/v2\/media\/334710"}],"wp:attachment":[{"href":"https:\/\/arantv.az\/index.php?rest_route=%2Fwp%2Fv2%2Fmedia&parent=334709"}],"wp:term":[{"taxonomy":"category","embeddable":true,"href":"https:\/\/arantv.az\/index.php?rest_route=%2Fwp%2Fv2%2Fcategories&post=334709"},{"taxonomy":"post_tag","embeddable":true,"href":"https:\/\/arantv.az\/index.php?rest_route=%2Fwp%2Fv2%2Ftags&post=334709"}],"curies":[{"name":"wp","href":"https:\/\/api.w.org\/{rel}","templated":true}]}}