{"id":334712,"date":"2021-05-06T11:17:40","date_gmt":"2021-05-06T08:17:40","guid":{"rendered":"https:\/\/arantv.az\/?p=334712"},"modified":"2021-05-06T11:17:40","modified_gmt":"2021-05-06T08:17:40","slug":"bu-tarixd%c9%99n-az%c9%99rbaycanda-18-yasina-catmis-h%c9%99r-s%c9%99xsin-vaksinasiyasi-baslayir-r%c9%99smi","status":"publish","type":"post","link":"https:\/\/arantv.az\/?p=334712","title":{"rendered":"Bu tarixd\u0259n Az\u0259rbaycanda 18 ya\u015f\u0131na \u00e7atm\u0131\u015f h\u0259r \u015f\u0259xsin vaksinasiyas\u0131 ba\u015flay\u0131r &#8211; R\u018fSM\u0130"},"content":{"rendered":"<p><strong>Az\u0259rbaycanda vaksinasiya prosesinin yeni m\u0259rh\u0259l\u0259sin\u0259 start veril\u0259c\u0259k.<\/strong><\/p>\n<p><strong>ARANTV.AZ<\/strong>\u00a0 <a href=\"https:\/\/az.trend.az\/\" target=\"_blank\" rel=\"noopener\">Trend<\/a>-\u0259 istinad\u0259n bildirir ki,\u00a0bunu Nazirl\u0259r Kabineti yan\u0131nda Operativ Q\u0259rargah\u0131n bug\u00fcnk\u00fc brifinqind\u0259 S\u0259hiyy\u0259 nazirinin birinci m\u00fcavini, s\u0259hiyy\u0259 nazirinin v\u0259zif\u0259l\u0259rini m\u00fcv\u0259qq\u0259ti icra ed\u0259n Teymur Musayev deyib.<\/p>\n<p>Onun s\u00f6zl\u0259rin\u0259 g\u00f6r\u0259, \u00f6lk\u0259mizd\u0259 koronavirus infeksiyas\u0131na qar\u015f\u0131 apar\u0131lan vaksinasiya prosesinin yeni m\u0259rh\u0259l\u0259si elan olunacaq.<\/p>\n<p>May\u0131n 10-dan 18 ya\u015f\u0131na \u00e7atm\u0131\u015f h\u0259r \u015f\u0259xs vaksinasiya kampaniyas\u0131na k\u00f6n\u00fcll\u00fc qat\u0131la bil\u0259r.Onun s\u00f6zl\u0259rin\u0259 g\u00f6r\u0259, C\u0259miyy\u0259timiz m\u0259suliyy\u0259tlilik prinsipin\u0259 uy\u011fun olaraq taml\u0131l\u0131qla vaksinasiya qat\u0131lmal\u0131d\u0131r.<\/p>\n","protected":false},"excerpt":{"rendered":"<p>Az\u0259rbaycanda vaksinasiya prosesinin yeni m\u0259rh\u0259l\u0259sin\u0259 start veril\u0259c\u0259k. ARANTV.AZ\u00a0 Trend-\u0259 istinad\u0259n bildirir ki,\u00a0bunu Nazirl\u0259r Kabineti yan\u0131nda Operativ Q\u0259rargah\u0131n bug\u00fcnk\u00fc brifinqind\u0259 S\u0259hiyy\u0259 nazirinin birinci m\u00fcavini, s\u0259hiyy\u0259 nazirinin v\u0259zif\u0259l\u0259rini m\u00fcv\u0259qq\u0259ti icra ed\u0259n Teymur Musayev deyib. Onun s\u00f6zl\u0259rin\u0259 g\u00f6r\u0259, \u00f6lk\u0259mizd\u0259 koronavirus infeksiyas\u0131na qar\u015f\u0131 apar\u0131lan vaksinasiya prosesinin yeni m\u0259rh\u0259l\u0259si elan olunacaq. May\u0131n 10-dan 18 ya\u015f\u0131na \u00e7atm\u0131\u015f h\u0259r \u015f\u0259xs vaksinasiya kampaniyas\u0131na k\u00f6n\u00fcll\u00fc qat\u0131la bil\u0259r.Onun s\u00f6zl\u0259rin\u0259 g\u00f6r\u0259, C\u0259miyy\u0259timiz m\u0259suliyy\u0259tlilik prinsipin\u0259 uy\u011fun olaraq taml\u0131l\u0131qla vaksinasiya qat\u0131lmal\u0131d\u0131r.<\/p>\n","protected":false},"author":2,"featured_media":334713,"comment_status":"closed","ping_status":"closed","sticky":false,"template":"","format":"standard","meta":{"om_disable_all_campaigns":false,"_monsterinsights_skip_tracking":false,"_monsterinsights_sitenote_active":false,"_monsterinsights_sitenote_note":"","_monsterinsights_sitenote_category":0},"categories":[26],"tags":[],"aioseo_notices":[],"gutentor_comment":0,"rttpg_featured_image_url":{"full":["https:\/\/arantv.az\/wp-content\/uploads\/2021\/05\/946219.jpg",800,600,false],"landscape":["https:\/\/arantv.az\/wp-content\/uploads\/2021\/05\/946219.jpg",800,600,false],"portraits":["https:\/\/arantv.az\/wp-content\/uploads\/2021\/05\/946219.jpg",800,600,false],"thumbnail":["https:\/\/arantv.az\/wp-content\/uploads\/2021\/05\/946219-500x280.jpg",500,280,true],"medium":["https:\/\/arantv.az\/wp-content\/uploads\/2021\/05\/946219-487x365.jpg",487,365,true],"large":["https:\/\/arantv.az\/wp-content\/uploads\/2021\/05\/946219.jpg",640,480,false],"1536x1536":["https:\/\/arantv.az\/wp-content\/uploads\/2021\/05\/946219.jpg",800,600,false],"2048x2048":["https:\/\/arantv.az\/wp-content\/uploads\/2021\/05\/946219.jpg",800,600,false],"post-thumbnail":["https:\/\/arantv.az\/wp-content\/uploads\/2021\/05\/946219-240x172.jpg",240,172,true],"advps-thumb-one":["https:\/\/arantv.az\/wp-content\/uploads\/2021\/05\/946219.jpg",800,600,false]},"rttpg_author":{"display_name":"V\u00fcsal Rafiqo\u011flu","author_link":"https:\/\/arantv.az\/?author=2"},"rttpg_comment":0,"rttpg_category":"<a href=\"https:\/\/arantv.az\/?cat=26\" rel=\"category\">Sosial<\/a>","rttpg_excerpt":"Az\u0259rbaycanda vaksinasiya prosesinin yeni m\u0259rh\u0259l\u0259sin\u0259 start veril\u0259c\u0259k. ARANTV.AZ\u00a0 Trend-\u0259 istinad\u0259n bildirir ki,\u00a0bunu Nazirl\u0259r Kabineti yan\u0131nda Operativ Q\u0259rargah\u0131n bug\u00fcnk\u00fc brifinqind\u0259 S\u0259hiyy\u0259 nazirinin birinci m\u00fcavini, s\u0259hiyy\u0259 nazirinin v\u0259zif\u0259l\u0259rini m\u00fcv\u0259qq\u0259ti icra ed\u0259n Teymur Musayev deyib. Onun s\u00f6zl\u0259rin\u0259 g\u00f6r\u0259, \u00f6lk\u0259mizd\u0259 koronavirus infeksiyas\u0131na qar\u015f\u0131 apar\u0131lan vaksinasiya prosesinin yeni m\u0259rh\u0259l\u0259si elan olunacaq. May\u0131n 10-dan 18 ya\u015f\u0131na \u00e7atm\u0131\u015f h\u0259r \u015f\u0259xs vaksinasiya kampaniyas\u0131na&hellip;","_links":{"self":[{"href":"https:\/\/arantv.az\/index.php?rest_route=\/wp\/v2\/posts\/334712"}],"collection":[{"href":"https:\/\/arantv.az\/index.php?rest_route=\/wp\/v2\/posts"}],"about":[{"href":"https:\/\/arantv.az\/index.php?rest_route=\/wp\/v2\/types\/post"}],"author":[{"embeddable":true,"href":"https:\/\/arantv.az\/index.php?rest_route=\/wp\/v2\/users\/2"}],"replies":[{"embeddable":true,"href":"https:\/\/arantv.az\/index.php?rest_route=%2Fwp%2Fv2%2Fcomments&post=334712"}],"version-history":[{"count":0,"href":"https:\/\/arantv.az\/index.php?rest_route=\/wp\/v2\/posts\/334712\/revisions"}],"wp:featuredmedia":[{"embeddable":true,"href":"https:\/\/arantv.az\/index.php?rest_route=\/wp\/v2\/media\/334713"}],"wp:attachment":[{"href":"https:\/\/arantv.az\/index.php?rest_route=%2Fwp%2Fv2%2Fmedia&parent=334712"}],"wp:term":[{"taxonomy":"category","embeddable":true,"href":"https:\/\/arantv.az\/index.php?rest_route=%2Fwp%2Fv2%2Fcategories&post=334712"},{"taxonomy":"post_tag","embeddable":true,"href":"https:\/\/arantv.az\/index.php?rest_route=%2Fwp%2Fv2%2Ftags&post=334712"}],"curies":[{"name":"wp","href":"https:\/\/api.w.org\/{rel}","templated":true}]}}