{"id":334718,"date":"2021-05-06T11:19:11","date_gmt":"2021-05-06T08:19:11","guid":{"rendered":"https:\/\/arantv.az\/?p=334718"},"modified":"2021-05-06T11:19:11","modified_gmt":"2021-05-06T08:19:11","slug":"sagalanlarin-sayi-yoluxanlarin-sayini-iki-d%c9%99f%c9%99-kecib-operativ-q%c9%99rargah","status":"publish","type":"post","link":"https:\/\/arantv.az\/?p=334718","title":{"rendered":"Sa\u011falanlar\u0131n say\u0131 yoluxanlar\u0131n say\u0131n\u0131 iki d\u0259f\u0259 ke\u00e7ib &#8211; Operativ Q\u0259rargah"},"content":{"rendered":"<p>Az\u0259rbaycanda koronavirusdan sa\u011falanlar\u0131n say\u0131 yoluxanlar\u0131n say\u0131n\u0131 iki d\u0259f\u0259 ke\u00e7ib ki, bu da m\u00fcsb\u0259t hald\u0131r.<\/p>\n<p><strong>ARANTV.AZ\u00a0<\/strong> <a href=\"https:\/\/az.trend.az\/\" target=\"_blank\" rel=\"noopener\">Trend<\/a>-\u0259 istinad\u0259n bildirir ki,\u00a0bunu T\u018fB\u0130B-in Departament m\u00fcdiri Yaqut Qarayeva Operativ Q\u0259rargah\u0131n bu g\u00fcn ke\u00e7iril\u0259n brifinqind\u0259 deyib.<\/p>\n<p>Y.Qarayev bildirib ki, Az\u0259rbaycanda yoluxmalar 30 faiz\u0259 q\u0259d\u0259r \u00e7atm\u0131\u015fd\u0131 v\u0259 yanvardan t\u0259tbiq edil\u0259n x\u00fcsusi rejimi n\u0259tic\u0259sind\u0259 m\u00fcsb\u0259t n\u0259tic\u0259l\u0259r edilib. Y.Qarayeva bildirib ki, bu g\u00fcn k\u0259skin karantin rejimin\u0259 getm\u0259d\u0259n yeni yoluxmalar\u0131n say\u0131nda m\u0259rh\u0259l\u0259li \u015f\u0259kild\u0259 azalma qeyd\u0259 al\u0131n\u0131r. Onun s\u00f6zl\u0259rin\u0259 g\u00f6r\u0259, bu g\u00fcn yoluxma \u0259msal\u0131 \u0259msal\u0131 10 faiz civar\u0131ndad\u0131r. M\u00fcsb\u0259t dinamika m\u00f6vcuddur v\u0259 epidemioloji v\u0259ziyy\u0259t stabildir: &#8220;Biz ham\u0131m\u0131z \u00e7al\u0131\u015fmal\u0131y\u0131q ki, bu naliyy\u0259tl\u0259ri itirm\u0259y\u0259k&#8221;.<\/p>\n","protected":false},"excerpt":{"rendered":"<p>Az\u0259rbaycanda koronavirusdan sa\u011falanlar\u0131n say\u0131 yoluxanlar\u0131n say\u0131n\u0131 iki d\u0259f\u0259 ke\u00e7ib ki, bu da m\u00fcsb\u0259t hald\u0131r. ARANTV.AZ\u00a0 Trend-\u0259 istinad\u0259n bildirir ki,\u00a0bunu T\u018fB\u0130B-in Departament m\u00fcdiri Yaqut Qarayeva Operativ Q\u0259rargah\u0131n bu g\u00fcn ke\u00e7iril\u0259n brifinqind\u0259 deyib. Y.Qarayev bildirib ki, Az\u0259rbaycanda yoluxmalar 30 faiz\u0259 q\u0259d\u0259r \u00e7atm\u0131\u015fd\u0131 v\u0259 yanvardan t\u0259tbiq edil\u0259n x\u00fcsusi rejimi n\u0259tic\u0259sind\u0259 m\u00fcsb\u0259t n\u0259tic\u0259l\u0259r edilib. Y.Qarayeva bildirib ki, bu g\u00fcn k\u0259skin karantin rejimin\u0259 getm\u0259d\u0259n yeni yoluxmalar\u0131n say\u0131nda m\u0259rh\u0259l\u0259li \u015f\u0259kild\u0259 azalma qeyd\u0259 al\u0131n\u0131r. Onun s\u00f6zl\u0259rin\u0259 g\u00f6r\u0259, bu g\u00fcn yoluxma \u0259msal\u0131 \u0259msal\u0131 10 faiz civar\u0131ndad\u0131r. M\u00fcsb\u0259t dinamika m\u00f6vcuddur v\u0259 epidemioloji v\u0259ziyy\u0259t stabildir: &#8220;Biz ham\u0131m\u0131z \u00e7al\u0131\u015fmal\u0131y\u0131q ki, bu&hellip;<\/p>\n","protected":false},"author":2,"featured_media":334719,"comment_status":"closed","ping_status":"closed","sticky":false,"template":"","format":"standard","meta":{"om_disable_all_campaigns":false,"_monsterinsights_skip_tracking":false,"_monsterinsights_sitenote_active":false,"_monsterinsights_sitenote_note":"","_monsterinsights_sitenote_category":0},"categories":[26],"tags":[],"aioseo_notices":[],"gutentor_comment":0,"rttpg_featured_image_url":{"full":["https:\/\/arantv.az\/wp-content\/uploads\/2021\/05\/946220.jpg",800,600,false],"landscape":["https:\/\/arantv.az\/wp-content\/uploads\/2021\/05\/946220.jpg",800,600,false],"portraits":["https:\/\/arantv.az\/wp-content\/uploads\/2021\/05\/946220.jpg",800,600,false],"thumbnail":["https:\/\/arantv.az\/wp-content\/uploads\/2021\/05\/946220-500x280.jpg",500,280,true],"medium":["https:\/\/arantv.az\/wp-content\/uploads\/2021\/05\/946220-487x365.jpg",487,365,true],"large":["https:\/\/arantv.az\/wp-content\/uploads\/2021\/05\/946220.jpg",640,480,false],"1536x1536":["https:\/\/arantv.az\/wp-content\/uploads\/2021\/05\/946220.jpg",800,600,false],"2048x2048":["https:\/\/arantv.az\/wp-content\/uploads\/2021\/05\/946220.jpg",800,600,false],"post-thumbnail":["https:\/\/arantv.az\/wp-content\/uploads\/2021\/05\/946220-240x172.jpg",240,172,true],"advps-thumb-one":["https:\/\/arantv.az\/wp-content\/uploads\/2021\/05\/946220.jpg",800,600,false]},"rttpg_author":{"display_name":"V\u00fcsal Rafiqo\u011flu","author_link":"https:\/\/arantv.az\/?author=2"},"rttpg_comment":0,"rttpg_category":"<a href=\"https:\/\/arantv.az\/?cat=26\" rel=\"category\">Sosial<\/a>","rttpg_excerpt":"Az\u0259rbaycanda koronavirusdan sa\u011falanlar\u0131n say\u0131 yoluxanlar\u0131n say\u0131n\u0131 iki d\u0259f\u0259 ke\u00e7ib ki, bu da m\u00fcsb\u0259t hald\u0131r. ARANTV.AZ\u00a0 Trend-\u0259 istinad\u0259n bildirir ki,\u00a0bunu T\u018fB\u0130B-in Departament m\u00fcdiri Yaqut Qarayeva Operativ Q\u0259rargah\u0131n bu g\u00fcn ke\u00e7iril\u0259n brifinqind\u0259 deyib. Y.Qarayev bildirib ki, Az\u0259rbaycanda yoluxmalar 30 faiz\u0259 q\u0259d\u0259r \u00e7atm\u0131\u015fd\u0131 v\u0259 yanvardan t\u0259tbiq edil\u0259n x\u00fcsusi rejimi n\u0259tic\u0259sind\u0259 m\u00fcsb\u0259t n\u0259tic\u0259l\u0259r edilib. Y.Qarayeva bildirib ki, bu g\u00fcn&hellip;","_links":{"self":[{"href":"https:\/\/arantv.az\/index.php?rest_route=\/wp\/v2\/posts\/334718"}],"collection":[{"href":"https:\/\/arantv.az\/index.php?rest_route=\/wp\/v2\/posts"}],"about":[{"href":"https:\/\/arantv.az\/index.php?rest_route=\/wp\/v2\/types\/post"}],"author":[{"embeddable":true,"href":"https:\/\/arantv.az\/index.php?rest_route=\/wp\/v2\/users\/2"}],"replies":[{"embeddable":true,"href":"https:\/\/arantv.az\/index.php?rest_route=%2Fwp%2Fv2%2Fcomments&post=334718"}],"version-history":[{"count":0,"href":"https:\/\/arantv.az\/index.php?rest_route=\/wp\/v2\/posts\/334718\/revisions"}],"wp:featuredmedia":[{"embeddable":true,"href":"https:\/\/arantv.az\/index.php?rest_route=\/wp\/v2\/media\/334719"}],"wp:attachment":[{"href":"https:\/\/arantv.az\/index.php?rest_route=%2Fwp%2Fv2%2Fmedia&parent=334718"}],"wp:term":[{"taxonomy":"category","embeddable":true,"href":"https:\/\/arantv.az\/index.php?rest_route=%2Fwp%2Fv2%2Fcategories&post=334718"},{"taxonomy":"post_tag","embeddable":true,"href":"https:\/\/arantv.az\/index.php?rest_route=%2Fwp%2Fv2%2Ftags&post=334718"}],"curies":[{"name":"wp","href":"https:\/\/api.w.org\/{rel}","templated":true}]}}