{"id":334724,"date":"2021-05-06T11:23:10","date_gmt":"2021-05-06T08:23:10","guid":{"rendered":"https:\/\/arantv.az\/?p=334724"},"modified":"2021-05-06T11:23:10","modified_gmt":"2021-05-06T08:23:10","slug":"x%c9%99st%c9%99xanalarda-bosalan-carpayilarin-sayi-artmaqdadir-nazir-muavini","status":"publish","type":"post","link":"https:\/\/arantv.az\/?p=334724","title":{"rendered":"X\u0259st\u0259xanalarda bo\u015falan \u00e7arpay\u0131lar\u0131n say\u0131 artmaqdad\u0131r &#8211; Nazir m\u00fcavini"},"content":{"rendered":"<p>Az\u0259rbaycanda vaksinasiya kampaniyas\u0131 yanvar\u0131n 18-d\u0259n ba\u015flayaraq u\u011furla apar\u0131l\u0131r.<\/p>\n<p><strong>ARANTV.AZ<\/strong>\u00a0 <a href=\"https:\/\/az.trend.az\/\" target=\"_blank\" rel=\"noopener\">Trend<\/a>-\u0259 istinad\u0259n bildirir ki,\u00a0bunu S\u0259hiyy\u0259 nazirinin birinci m\u00fcavini Teymur Musayev Operativ Q\u0259rargah\u0131n bu g\u00fcn ke\u00e7iril\u0259n brifinqind\u0259 deyib.<\/p>\n<p>O qeyd edib ki, s\u0259hiyy\u0259 i\u015f\u00e7il\u0259ri aras\u0131nda m\u0259qs\u0259d qruplar\u0131n\u0131n 90 faizi vaksin olunub, t\u0259hsil i\u015f\u00e7il\u0259ri buna yaxnla\u015f\u0131r. T.Musayev bildirib ki, x\u0259st\u0259xanalarda bo\u015falan \u00e7arpay\u0131lar\u0131n say\u0131 artmaqdad\u0131r.<\/p>\n","protected":false},"excerpt":{"rendered":"<p>Az\u0259rbaycanda vaksinasiya kampaniyas\u0131 yanvar\u0131n 18-d\u0259n ba\u015flayaraq u\u011furla apar\u0131l\u0131r. ARANTV.AZ\u00a0 Trend-\u0259 istinad\u0259n bildirir ki,\u00a0bunu S\u0259hiyy\u0259 nazirinin birinci m\u00fcavini Teymur Musayev Operativ Q\u0259rargah\u0131n bu g\u00fcn ke\u00e7iril\u0259n brifinqind\u0259 deyib. O qeyd edib ki, s\u0259hiyy\u0259 i\u015f\u00e7il\u0259ri aras\u0131nda m\u0259qs\u0259d qruplar\u0131n\u0131n 90 faizi vaksin olunub, t\u0259hsil i\u015f\u00e7il\u0259ri buna yaxnla\u015f\u0131r. T.Musayev bildirib ki, x\u0259st\u0259xanalarda bo\u015falan \u00e7arpay\u0131lar\u0131n say\u0131 artmaqdad\u0131r.<\/p>\n","protected":false},"author":2,"featured_media":334725,"comment_status":"closed","ping_status":"closed","sticky":false,"template":"","format":"standard","meta":{"om_disable_all_campaigns":false,"_monsterinsights_skip_tracking":false,"_monsterinsights_sitenote_active":false,"_monsterinsights_sitenote_note":"","_monsterinsights_sitenote_category":0},"categories":[26],"tags":[],"aioseo_notices":[],"gutentor_comment":0,"rttpg_featured_image_url":{"full":["https:\/\/arantv.az\/wp-content\/uploads\/2021\/05\/946225.jpg",800,600,false],"landscape":["https:\/\/arantv.az\/wp-content\/uploads\/2021\/05\/946225.jpg",800,600,false],"portraits":["https:\/\/arantv.az\/wp-content\/uploads\/2021\/05\/946225.jpg",800,600,false],"thumbnail":["https:\/\/arantv.az\/wp-content\/uploads\/2021\/05\/946225-500x280.jpg",500,280,true],"medium":["https:\/\/arantv.az\/wp-content\/uploads\/2021\/05\/946225-487x365.jpg",487,365,true],"large":["https:\/\/arantv.az\/wp-content\/uploads\/2021\/05\/946225.jpg",640,480,false],"1536x1536":["https:\/\/arantv.az\/wp-content\/uploads\/2021\/05\/946225.jpg",800,600,false],"2048x2048":["https:\/\/arantv.az\/wp-content\/uploads\/2021\/05\/946225.jpg",800,600,false],"post-thumbnail":["https:\/\/arantv.az\/wp-content\/uploads\/2021\/05\/946225-240x172.jpg",240,172,true],"advps-thumb-one":["https:\/\/arantv.az\/wp-content\/uploads\/2021\/05\/946225.jpg",800,600,false]},"rttpg_author":{"display_name":"V\u00fcsal Rafiqo\u011flu","author_link":"https:\/\/arantv.az\/?author=2"},"rttpg_comment":0,"rttpg_category":"<a href=\"https:\/\/arantv.az\/?cat=26\" rel=\"category\">Sosial<\/a>","rttpg_excerpt":"Az\u0259rbaycanda vaksinasiya kampaniyas\u0131 yanvar\u0131n 18-d\u0259n ba\u015flayaraq u\u011furla apar\u0131l\u0131r. ARANTV.AZ\u00a0 Trend-\u0259 istinad\u0259n bildirir ki,\u00a0bunu S\u0259hiyy\u0259 nazirinin birinci m\u00fcavini Teymur Musayev Operativ Q\u0259rargah\u0131n bu g\u00fcn ke\u00e7iril\u0259n brifinqind\u0259 deyib. O qeyd edib ki, s\u0259hiyy\u0259 i\u015f\u00e7il\u0259ri aras\u0131nda m\u0259qs\u0259d qruplar\u0131n\u0131n 90 faizi vaksin olunub, t\u0259hsil i\u015f\u00e7il\u0259ri buna yaxnla\u015f\u0131r. T.Musayev bildirib ki, x\u0259st\u0259xanalarda bo\u015falan \u00e7arpay\u0131lar\u0131n say\u0131 artmaqdad\u0131r.","_links":{"self":[{"href":"https:\/\/arantv.az\/index.php?rest_route=\/wp\/v2\/posts\/334724"}],"collection":[{"href":"https:\/\/arantv.az\/index.php?rest_route=\/wp\/v2\/posts"}],"about":[{"href":"https:\/\/arantv.az\/index.php?rest_route=\/wp\/v2\/types\/post"}],"author":[{"embeddable":true,"href":"https:\/\/arantv.az\/index.php?rest_route=\/wp\/v2\/users\/2"}],"replies":[{"embeddable":true,"href":"https:\/\/arantv.az\/index.php?rest_route=%2Fwp%2Fv2%2Fcomments&post=334724"}],"version-history":[{"count":0,"href":"https:\/\/arantv.az\/index.php?rest_route=\/wp\/v2\/posts\/334724\/revisions"}],"wp:featuredmedia":[{"embeddable":true,"href":"https:\/\/arantv.az\/index.php?rest_route=\/wp\/v2\/media\/334725"}],"wp:attachment":[{"href":"https:\/\/arantv.az\/index.php?rest_route=%2Fwp%2Fv2%2Fmedia&parent=334724"}],"wp:term":[{"taxonomy":"category","embeddable":true,"href":"https:\/\/arantv.az\/index.php?rest_route=%2Fwp%2Fv2%2Fcategories&post=334724"},{"taxonomy":"post_tag","embeddable":true,"href":"https:\/\/arantv.az\/index.php?rest_route=%2Fwp%2Fv2%2Ftags&post=334724"}],"curies":[{"name":"wp","href":"https:\/\/api.w.org\/{rel}","templated":true}]}}