{"id":334736,"date":"2021-05-06T11:35:19","date_gmt":"2021-05-06T08:35:19","guid":{"rendered":"https:\/\/arantv.az\/?p=334736"},"modified":"2021-05-06T11:35:19","modified_gmt":"2021-05-06T08:35:19","slug":"erm%c9%99nistan-muharib%c9%99-dovrund%c9%99-beyn%c9%99lxalq-humanitar-huququ-kobud-s%c9%99kild%c9%99-pozub","status":"publish","type":"post","link":"https:\/\/arantv.az\/?p=334736","title":{"rendered":"Erm\u0259nistan m\u00fcharib\u0259 d\u00f6vr\u00fcnd\u0259 beyn\u0259lxalq humanitar h\u00fcququ kobud \u015f\u0259kild\u0259 pozub"},"content":{"rendered":"<p>\u201cAz\u0259rbaycan torpaqlar\u0131n\u0131n beyn\u0259lxalq h\u00fcquqa zidd olaraq 30 il i\u015f\u011fal alt\u0131nda saxlan\u0131lmas\u0131 v\u0259 \u00f6z evl\u0259rind\u0259n qovulan az\u0259rbaycanl\u0131lar\u0131n h\u0259min ill\u0259r \u0259rzind\u0259 apar\u0131lan s\u00fclh dan\u0131\u015f\u0131qlar\u0131na baxmayaraq geri qay\u0131tmalar\u0131na imkan verilm\u0259m\u0259si birba\u015fa olaraq anti-Az\u0259rbaycan siyas\u0259tinin n\u0259tic\u0259sidir. \u0130\u015f\u011fal\u00e7\u0131 q\u00fcvv\u0259l\u0259r t\u0259r\u0259find\u0259n Az\u0259rbaycan\u0131n d\u00f6vl\u0259t r\u0259mzl\u0259rinin v\u0259 tarixi abid\u0259l\u0259rinin, o c\u00fcml\u0259d\u0259n az\u0259rbaycanl\u0131lar\u0131n m\u0259n\u0259vi d\u0259y\u0259rl\u0259rinin al\u00e7ald\u0131lmas\u0131 bunu s\u00fcbut edir\u201d.<\/p>\n<p>\u201cReport\u201dun x\u0259b\u0259rin\u0259 g\u00f6r\u0259, bu bar\u0259d\u0259 Az\u0259rbaycan\u0131n \u0130nsan H\u00fcquqlar\u0131 \u00fczr\u0259 M\u00fcv\u0259kkilinin (Ombudsman) az\u0259rbaycanl\u0131lara qar\u015f\u0131 nifr\u0259t y\u00f6n\u00fcml\u00fc cinay\u0259tl\u0259r\u0259\u00a0dair hesabat\u0131nda bildirilib.<\/p>\n<div id=\"AdviadNativeVideo0\" class=\"AdviadNativeVideo\"><\/div>\n<p>\u201cUzun ill\u0259r Erm\u0259nistan\u0131n siyasi hakimiyy\u0259tind\u0259 az\u0259rbaycanl\u0131lara qar\u015f\u0131 etnik t\u0259mizl\u0259m\u0259 siyas\u0259tind\u0259 birba\u015fa i\u015ftirak etmi\u015f \u015f\u0259xsl\u0259rin olmas\u0131 m\u00fc\u0259yy\u0259n m\u0259nada apar\u0131lan dan\u0131\u015f\u0131qlar\u0131n v\u0259 s\u00fclh\u00fcn b\u0259rq\u0259rar olmas\u0131n\u0131 \u015f\u00fcbh\u0259 alt\u0131na al\u0131rd\u0131. 2018-ci ild\u0259n Erm\u0259nistanda hakimiyy\u0259t\u0259 g\u0259l\u0259n yeni q\u00fcvv\u0259l\u0259r d\u0259 \u00f6z s\u0259l\u0259fl\u0259rinin Az\u0259rbaycana qar\u015f\u0131 nifr\u0259t dolu siyas\u0259tini davam etdirib, m\u00fcnaqi\u015f\u0259nin d\u0259rinl\u0259\u015fm\u0259sin\u0259 v\u0259 m\u00fcharib\u0259nin ba\u015f verm\u0259sin\u0259 z\u0259min yaradacaq nitql\u0259r s\u00f6yl\u0259yibl\u0259r. 2019-cu ild\u0259 Az\u0259rbaycan\u0131n i\u015f\u011fal olunmu\u015f \u0259razisi olan Xank\u0259ndind\u0259 ya\u015fayan erm\u0259nil\u0259rl\u0259 g\u00f6r\u00fc\u015f\u0259rk\u0259n Erm\u0259nistan\u0131n ba\u015f naziri Nikol Pa\u015finyan \u201cArtsax Erm\u0259nistand\u0131r v\u0259 n\u00f6qt\u0259\u201d dey\u0259r\u0259k, Erm\u0259nistan\u0131n ger\u00e7\u0259k niyy\u0259tinin \u0259slind\u0259 i\u015f\u011fal siyas\u0259tini davam etdirm\u0259k oldu\u011funu, m\u0259cburi k\u00f6\u00e7k\u00fcnl\u0259rin h\u00fcquqlar\u0131n\u0131 he\u00e7\u0259 sayd\u0131\u011f\u0131n\u0131 v\u0259 az\u0259rbaycanl\u0131lara qar\u015f\u0131 nifr\u0259t hissini bir daha a\u00e7\u0131q bir \u015f\u0259kild\u0259 ifad\u0259 edib.<\/p>\n<p>2020-ci il 27 sentyabr tarixind\u0259n ba\u015flayaraq Erm\u0259nistan silahl\u0131 q\u00fcvv\u0259l\u0259ri t\u0259r\u0259find\u0259n m\u00fct\u0259madi olaraq at\u0259\u015fk\u0259s rejiminin pozulmas\u0131 v\u0259 Az\u0259rbaycana qar\u015f\u0131 yeni torpaq iddialar\u0131na son qoymaq m\u0259qs\u0259dil\u0259 Az\u0259rbaycan silahl\u0131 q\u00fcvv\u0259l\u0259ri t\u0259r\u0259find\u0259n \u0259ksh\u00fccum h\u0259rbi \u0259m\u0259liyyatlar\u0131 ba\u015flad\u0131l\u0131b. 44 g\u00fcnl\u00fck m\u00fcharib\u0259 n\u0259tic\u0259sind\u0259 Az\u0259rbaycan beyn\u0259lxalq h\u00fcququn t\u0259l\u0259bl\u0259rin\u0259 uy\u011fun olaraq i\u015f\u011fal alt\u0131nda olan \u0259razil\u0259rini azad ed\u0259r\u0259k \u00f6z \u0259razi b\u00fct\u00f6vl\u00fcy\u00fcn\u00fc t\u0259min edib. M\u00fcharib\u0259 d\u00f6vr\u00fcnd\u0259 Erm\u0259nistan beyn\u0259lxalq humanitar h\u00fcququn normalar\u0131n\u0131 kobud \u015f\u0259kild\u0259 pozaraq d\u00f6y\u00fc\u015f zonas\u0131ndan \u00e7ox uzaqda yerl\u0259\u015f\u0259n Az\u0259rbaycan\u0131n G\u0259nc\u0259, B\u0259rd\u0259, T\u0259rt\u0259r v\u0259 \u0259halisi s\u0131x olan dig\u0259r \u015f\u0259h\u0259rl\u0259rini qada\u011fan olunmu\u015f raketl\u0259rl\u0259 at\u0259\u015f\u0259 tutub. G\u0259nc\u0259nin v\u0259 B\u0259rd\u0259nin \u00fcmumilikd\u0259 6 d\u0259f\u0259 raket h\u00fccumuna m\u0259ruz qalmas\u0131 n\u0259tic\u0259sind\u0259 60 n\u0259f\u0259r h\u0259yat\u0131n\u0131 itirib, 200-d\u0259n \u00e7ox \u015f\u0259xs m\u00fcxt\u0259lif d\u0259r\u0259c\u0259li x\u0259sar\u0259tl\u0259r al\u0131b\u201d, &#8211; hesabatda qeyd edilib.<\/p>\n","protected":false},"excerpt":{"rendered":"<p>\u201cAz\u0259rbaycan torpaqlar\u0131n\u0131n beyn\u0259lxalq h\u00fcquqa zidd olaraq 30 il i\u015f\u011fal alt\u0131nda saxlan\u0131lmas\u0131 v\u0259 \u00f6z evl\u0259rind\u0259n qovulan az\u0259rbaycanl\u0131lar\u0131n h\u0259min ill\u0259r \u0259rzind\u0259 apar\u0131lan s\u00fclh dan\u0131\u015f\u0131qlar\u0131na baxmayaraq geri qay\u0131tmalar\u0131na imkan verilm\u0259m\u0259si birba\u015fa olaraq anti-Az\u0259rbaycan siyas\u0259tinin n\u0259tic\u0259sidir. \u0130\u015f\u011fal\u00e7\u0131 q\u00fcvv\u0259l\u0259r t\u0259r\u0259find\u0259n Az\u0259rbaycan\u0131n d\u00f6vl\u0259t r\u0259mzl\u0259rinin v\u0259 tarixi abid\u0259l\u0259rinin, o c\u00fcml\u0259d\u0259n az\u0259rbaycanl\u0131lar\u0131n m\u0259n\u0259vi d\u0259y\u0259rl\u0259rinin al\u00e7ald\u0131lmas\u0131 bunu s\u00fcbut edir\u201d. \u201cReport\u201dun x\u0259b\u0259rin\u0259 g\u00f6r\u0259, bu bar\u0259d\u0259 Az\u0259rbaycan\u0131n \u0130nsan H\u00fcquqlar\u0131 \u00fczr\u0259 M\u00fcv\u0259kkilinin (Ombudsman) az\u0259rbaycanl\u0131lara qar\u015f\u0131 nifr\u0259t y\u00f6n\u00fcml\u00fc cinay\u0259tl\u0259r\u0259\u00a0dair hesabat\u0131nda bildirilib. \u201cUzun ill\u0259r Erm\u0259nistan\u0131n siyasi hakimiyy\u0259tind\u0259 az\u0259rbaycanl\u0131lara qar\u015f\u0131 etnik t\u0259mizl\u0259m\u0259 siyas\u0259tind\u0259 birba\u015fa i\u015ftirak etmi\u015f \u015f\u0259xsl\u0259rin olmas\u0131 m\u00fc\u0259yy\u0259n m\u0259nada apar\u0131lan dan\u0131\u015f\u0131qlar\u0131n v\u0259 s\u00fclh\u00fcn b\u0259rq\u0259rar&hellip;<\/p>\n","protected":false},"author":2,"featured_media":334737,"comment_status":"closed","ping_status":"closed","sticky":false,"template":"","format":"standard","meta":{"om_disable_all_campaigns":false,"_monsterinsights_skip_tracking":false,"_monsterinsights_sitenote_active":false,"_monsterinsights_sitenote_note":"","_monsterinsights_sitenote_category":0},"categories":[4],"tags":[],"aioseo_notices":[],"gutentor_comment":0,"rttpg_featured_image_url":{"full":["https:\/\/arantv.az\/wp-content\/uploads\/2021\/05\/poz.jpg",620,389,false],"landscape":["https:\/\/arantv.az\/wp-content\/uploads\/2021\/05\/poz.jpg",620,389,false],"portraits":["https:\/\/arantv.az\/wp-content\/uploads\/2021\/05\/poz.jpg",620,389,false],"thumbnail":["https:\/\/arantv.az\/wp-content\/uploads\/2021\/05\/poz-500x280.jpg",500,280,true],"medium":["https:\/\/arantv.az\/wp-content\/uploads\/2021\/05\/poz-582x365.jpg",582,365,true],"large":["https:\/\/arantv.az\/wp-content\/uploads\/2021\/05\/poz.jpg",620,389,false],"1536x1536":["https:\/\/arantv.az\/wp-content\/uploads\/2021\/05\/poz.jpg",620,389,false],"2048x2048":["https:\/\/arantv.az\/wp-content\/uploads\/2021\/05\/poz.jpg",620,389,false],"post-thumbnail":["https:\/\/arantv.az\/wp-content\/uploads\/2021\/05\/poz-240x172.jpg",240,172,true],"advps-thumb-one":["https:\/\/arantv.az\/wp-content\/uploads\/2021\/05\/poz.jpg",620,389,false]},"rttpg_author":{"display_name":"V\u00fcsal Rafiqo\u011flu","author_link":"https:\/\/arantv.az\/?author=2"},"rttpg_comment":0,"rttpg_category":"<a href=\"https:\/\/arantv.az\/?cat=4\" rel=\"category\">Siyas\u0259t<\/a>","rttpg_excerpt":"\u201cAz\u0259rbaycan torpaqlar\u0131n\u0131n beyn\u0259lxalq h\u00fcquqa zidd olaraq 30 il i\u015f\u011fal alt\u0131nda saxlan\u0131lmas\u0131 v\u0259 \u00f6z evl\u0259rind\u0259n qovulan az\u0259rbaycanl\u0131lar\u0131n h\u0259min ill\u0259r \u0259rzind\u0259 apar\u0131lan s\u00fclh dan\u0131\u015f\u0131qlar\u0131na baxmayaraq geri qay\u0131tmalar\u0131na imkan verilm\u0259m\u0259si birba\u015fa olaraq anti-Az\u0259rbaycan siyas\u0259tinin n\u0259tic\u0259sidir. \u0130\u015f\u011fal\u00e7\u0131 q\u00fcvv\u0259l\u0259r t\u0259r\u0259find\u0259n Az\u0259rbaycan\u0131n d\u00f6vl\u0259t r\u0259mzl\u0259rinin v\u0259 tarixi abid\u0259l\u0259rinin, o c\u00fcml\u0259d\u0259n az\u0259rbaycanl\u0131lar\u0131n m\u0259n\u0259vi d\u0259y\u0259rl\u0259rinin al\u00e7ald\u0131lmas\u0131 bunu s\u00fcbut edir\u201d. \u201cReport\u201dun x\u0259b\u0259rin\u0259 g\u00f6r\u0259, bu bar\u0259d\u0259&hellip;","_links":{"self":[{"href":"https:\/\/arantv.az\/index.php?rest_route=\/wp\/v2\/posts\/334736"}],"collection":[{"href":"https:\/\/arantv.az\/index.php?rest_route=\/wp\/v2\/posts"}],"about":[{"href":"https:\/\/arantv.az\/index.php?rest_route=\/wp\/v2\/types\/post"}],"author":[{"embeddable":true,"href":"https:\/\/arantv.az\/index.php?rest_route=\/wp\/v2\/users\/2"}],"replies":[{"embeddable":true,"href":"https:\/\/arantv.az\/index.php?rest_route=%2Fwp%2Fv2%2Fcomments&post=334736"}],"version-history":[{"count":0,"href":"https:\/\/arantv.az\/index.php?rest_route=\/wp\/v2\/posts\/334736\/revisions"}],"wp:featuredmedia":[{"embeddable":true,"href":"https:\/\/arantv.az\/index.php?rest_route=\/wp\/v2\/media\/334737"}],"wp:attachment":[{"href":"https:\/\/arantv.az\/index.php?rest_route=%2Fwp%2Fv2%2Fmedia&parent=334736"}],"wp:term":[{"taxonomy":"category","embeddable":true,"href":"https:\/\/arantv.az\/index.php?rest_route=%2Fwp%2Fv2%2Fcategories&post=334736"},{"taxonomy":"post_tag","embeddable":true,"href":"https:\/\/arantv.az\/index.php?rest_route=%2Fwp%2Fv2%2Ftags&post=334736"}],"curies":[{"name":"wp","href":"https:\/\/api.w.org\/{rel}","templated":true}]}}