{"id":334742,"date":"2021-05-06T11:46:09","date_gmt":"2021-05-06T08:46:09","guid":{"rendered":"https:\/\/arantv.az\/?p=334742"},"modified":"2021-05-06T11:46:09","modified_gmt":"2021-05-06T08:46:09","slug":"indiki-v%c9%99ziyy%c9%99td%c9%99-minsk-qrupu-yalniz-deputat","status":"publish","type":"post","link":"https:\/\/arantv.az\/?p=334742","title":{"rendered":"&#8220;\u0130ndiki v\u0259ziyy\u0259td\u0259 Minsk qrupu yaln\u0131z&#8230;&#8221; &#8211; Deputat"},"content":{"rendered":"<p>Bu g\u00fcnl\u0259rd\u0259 Fransan\u0131n Yerevandak\u0131 s\u0259firi bildirib ki, Fransa v\u0259 Rusiya prezidentl\u0259rinin telefon dan\u0131\u015f\u011f\u0131 zaman\u0131 AT\u018fT-in MQ \u00e7\u0259r\u00e7iv\u0259sind\u0259 yenid\u0259n s\u0259y g\u00f6st\u0259rm\u0259y\u0259 dair raz\u0131l\u0131\u011fa g\u0259libl\u0259r. Lakin biz AT\u018fT-in Minsk qrupunun 30 illik f\u0259aliyy\u0259ti d\u00f6vr\u00fcnd\u0259 he\u00e7 bir ir\u0259lil\u0259yi\u015f\u0259 nail olmamas\u0131n\u0131 v\u0259 Da\u011fl\u0131q Qaraba\u011f m\u00fcnaqi\u015f\u0259sinin h\u0259lli il\u0259 ba\u011fl\u0131 he\u00e7 bir add\u0131m at\u0131lmamas\u0131n\u0131 g\u00f6rd\u00fck. Bel\u0259 olan halda Minsk qrupunun indi hans\u0131 s\u0259y g\u00f6st\u0259r\u0259c\u0259yi sual do\u011furur.<\/p>\n<p><strong>ARANTV.AZ<\/strong>\u00a0 bildirir ki, bunu <a href=\"https:\/\/az.trend.az\/\" target=\"_blank\" rel=\"noopener\">Trend<\/a>-\u0259\u00a0Milli M\u0259clisin deputat\u0131 Cavid Osmanov deyib.<\/p>\n<p><img src=\"https:\/\/img.milli.az\/2021\/05\/06\/946211_0.jpg\" alt=\"\" \/><\/p>\n<p>Deputat bildirib ki, Az\u0259rbaycan \u00f6z g\u00fcc\u00fcn\u0259 BMT T\u0259hl\u00fck\u0259sizlik \u015euras\u0131n\u0131n m\u00fcnaqi\u015f\u0259 il\u0259 ba\u011fl\u0131 q\u0259tnam\u0259l\u0259rini icra etdi v\u0259 \u00f6z \u0259razi b\u00fct\u00f6vl\u00fcy\u00fcn\u00fc b\u0259rpa etdi:<\/p>\n<p>&#8220;T\u0259bii ki, bel\u0259 olan halda Minsk qrupunun bu m\u0259s\u0259l\u0259y\u0259 k\u00f6hn\u0259 d\u00fc\u015f\u00fcnc\u0259 il\u0259 yana\u015fmas\u0131 yolverilm\u0259zdir v\u0259 q\u0259bul edilm\u0259zdir. Az\u0259rbaycan art\u0131q b\u00f6lg\u0259d\u0259 yeni reall\u0131qlar yarad\u0131b v\u0259 bu yeni reall\u0131qlar eyni zamanda b\u00f6lg\u0259d\u0259 uzunm\u00fcdd\u0259tli s\u00fclh\u00fcn, \u0259minamanl\u0131\u011f\u0131n v\u0259 t\u0259hl\u00fck\u0259sizliyin t\u0259min edilm\u0259sin\u0259 istiqam\u0259tl\u0259nib. \u0130ndi \u00e7ox k\u00f6vr\u0259k olan s\u00fclh\u0259 h\u0259r hans\u0131 bir m\u00fcdaxil\u0259nin edilm\u0259si \u0259lb\u0259tt\u0259 ki, bu s\u00fclh\u00fc da\u011f\u0131da bil\u0259r.<\/p>\n<p>Y\u0259ni, n\u0259z\u0259r\u0259 alsaq ki, Erm\u0259nistanda ill\u0259r boyu Az\u0259rbaycanfobiya v\u0259 T\u00fcrkiy\u0259fobiya a\u015f\u0131lan\u0131b v\u0259 xalq\u0131m\u0131za qar\u015f\u0131 nif\u0259t t\u0259bli\u011f olunub, eyni zamanda Erm\u0259nistanda olan revan\u015fist q\u00fcvv\u0259l\u0259r xalq\u0131 z\u0259h\u0259rl\u0259yir, h\u0259r hans\u0131 m\u00fcdaxil\u0259 k\u00f6vr\u0259k s\u00fclh\u00fcn da\u011f\u0131lmas\u0131na v\u0259 yeni bir m\u00fcnaqi\u015f\u0259nin alovlanmas\u0131na g\u0259tirib \u00e7xara bil\u0259r.<\/p>\n<p>Bu bax\u0131mdan AT\u018fT-in Minsk qrupunun f\u0259aliyy\u0259tin\u0259 he\u00e7 bir \u0259sas yoxdur v\u0259 art\u0131q Az\u0259rbaycan v\u0259 Rusiya prezidentl\u0259ri v\u0259 Erm\u0259nistan ba\u015f naziri t\u0259r\u0259find\u0259n 10 noyabr tarixli \u00fc\u00e7t\u0259r\u0259fli b\u0259yanat da imzalan\u0131b. \u0130ndiki v\u0259ziyy\u0259td\u0259 Minsk qrupu yaln\u0131z bu b\u0259yanata uy\u011fun olaraq b\u00f6lg\u0259d\u0259 davaml\u0131 s\u00fclh v\u0259 t\u0259hl\u00fck\u0259sizliyin t\u0259min edilm\u0259si v\u0259 10 noyabr b\u0259yanat\u0131nda n\u0259z\u0259rd\u0259 tutulmu\u015f m\u0259s\u0259l\u0259l\u0259rin yerin\u0259 yetirilm\u0259sin\u0259 d\u0259st\u0259k olar bil\u0259r.<\/p>\n<p>Eyni zamanda biz bilirik ki, erm\u0259ni lobbisi Fransada \u00e7ox b\u00f6y\u00fck t\u0259sir g\u00fcc\u00fcn\u0259 malikdir v\u0259 h\u0259m V\u0259t\u0259n m\u00fcharib\u0259si d\u00f6vr\u00fcnd\u0259, h\u0259m ondan sonrak\u0131 d\u00f6vrd\u0259 Fransa hakimiyy\u0259tinin v\u0259 parlamentinin erm\u0259nip\u0259r\u0259st m\u00f6vqeyini a\u00e7\u0131q \u015f\u0259kild\u0259 g\u00f6rd\u00fck. Onlar a\u00e7\u0131q \u015f\u0259kild\u0259 erm\u0259nil\u0259r\u0259 d\u0259st\u0259k verirl\u0259r v\u0259 \u0259lb\u0259tt\u0259 ki, bu m\u00f6vqe q\u0259buledilm\u0259zdir v\u0259 bel\u0259 yana\u015fmalar he\u00e7 bir praktik n\u0259tic\u0259l\u0259r\u0259 g\u0259tirib \u00e7\u0131xarmayacaq&#8221;.<\/p>\n","protected":false},"excerpt":{"rendered":"<p>Bu g\u00fcnl\u0259rd\u0259 Fransan\u0131n Yerevandak\u0131 s\u0259firi bildirib ki, Fransa v\u0259 Rusiya prezidentl\u0259rinin telefon dan\u0131\u015f\u011f\u0131 zaman\u0131 AT\u018fT-in MQ \u00e7\u0259r\u00e7iv\u0259sind\u0259 yenid\u0259n s\u0259y g\u00f6st\u0259rm\u0259y\u0259 dair raz\u0131l\u0131\u011fa g\u0259libl\u0259r. Lakin biz AT\u018fT-in Minsk qrupunun 30 illik f\u0259aliyy\u0259ti d\u00f6vr\u00fcnd\u0259 he\u00e7 bir ir\u0259lil\u0259yi\u015f\u0259 nail olmamas\u0131n\u0131 v\u0259 Da\u011fl\u0131q Qaraba\u011f m\u00fcnaqi\u015f\u0259sinin h\u0259lli il\u0259 ba\u011fl\u0131 he\u00e7 bir add\u0131m at\u0131lmamas\u0131n\u0131 g\u00f6rd\u00fck. Bel\u0259 olan halda Minsk qrupunun indi hans\u0131 s\u0259y g\u00f6st\u0259r\u0259c\u0259yi sual do\u011furur. ARANTV.AZ\u00a0 bildirir ki, bunu Trend-\u0259\u00a0Milli M\u0259clisin deputat\u0131 Cavid Osmanov deyib. Deputat bildirib ki, Az\u0259rbaycan \u00f6z g\u00fcc\u00fcn\u0259 BMT T\u0259hl\u00fck\u0259sizlik \u015euras\u0131n\u0131n m\u00fcnaqi\u015f\u0259 il\u0259 ba\u011fl\u0131 q\u0259tnam\u0259l\u0259rini icra etdi v\u0259 \u00f6z \u0259razi b\u00fct\u00f6vl\u00fcy\u00fcn\u00fc b\u0259rpa&hellip;<\/p>\n","protected":false},"author":2,"featured_media":334743,"comment_status":"closed","ping_status":"closed","sticky":false,"template":"","format":"standard","meta":{"om_disable_all_campaigns":false,"_monsterinsights_skip_tracking":false,"_monsterinsights_sitenote_active":false,"_monsterinsights_sitenote_note":"","_monsterinsights_sitenote_category":0},"categories":[4],"tags":[],"aioseo_notices":[],"gutentor_comment":0,"rttpg_featured_image_url":{"full":["https:\/\/arantv.az\/wp-content\/uploads\/2021\/05\/946211.jpg",800,600,false],"landscape":["https:\/\/arantv.az\/wp-content\/uploads\/2021\/05\/946211.jpg",800,600,false],"portraits":["https:\/\/arantv.az\/wp-content\/uploads\/2021\/05\/946211.jpg",800,600,false],"thumbnail":["https:\/\/arantv.az\/wp-content\/uploads\/2021\/05\/946211-500x280.jpg",500,280,true],"medium":["https:\/\/arantv.az\/wp-content\/uploads\/2021\/05\/946211-487x365.jpg",487,365,true],"large":["https:\/\/arantv.az\/wp-content\/uploads\/2021\/05\/946211.jpg",640,480,false],"1536x1536":["https:\/\/arantv.az\/wp-content\/uploads\/2021\/05\/946211.jpg",800,600,false],"2048x2048":["https:\/\/arantv.az\/wp-content\/uploads\/2021\/05\/946211.jpg",800,600,false],"post-thumbnail":["https:\/\/arantv.az\/wp-content\/uploads\/2021\/05\/946211-240x172.jpg",240,172,true],"advps-thumb-one":["https:\/\/arantv.az\/wp-content\/uploads\/2021\/05\/946211.jpg",800,600,false]},"rttpg_author":{"display_name":"V\u00fcsal Rafiqo\u011flu","author_link":"https:\/\/arantv.az\/?author=2"},"rttpg_comment":0,"rttpg_category":"<a href=\"https:\/\/arantv.az\/?cat=4\" rel=\"category\">Siyas\u0259t<\/a>","rttpg_excerpt":"Bu g\u00fcnl\u0259rd\u0259 Fransan\u0131n Yerevandak\u0131 s\u0259firi bildirib ki, Fransa v\u0259 Rusiya prezidentl\u0259rinin telefon dan\u0131\u015f\u011f\u0131 zaman\u0131 AT\u018fT-in MQ \u00e7\u0259r\u00e7iv\u0259sind\u0259 yenid\u0259n s\u0259y g\u00f6st\u0259rm\u0259y\u0259 dair raz\u0131l\u0131\u011fa g\u0259libl\u0259r. Lakin biz AT\u018fT-in Minsk qrupunun 30 illik f\u0259aliyy\u0259ti d\u00f6vr\u00fcnd\u0259 he\u00e7 bir ir\u0259lil\u0259yi\u015f\u0259 nail olmamas\u0131n\u0131 v\u0259 Da\u011fl\u0131q Qaraba\u011f m\u00fcnaqi\u015f\u0259sinin h\u0259lli il\u0259 ba\u011fl\u0131 he\u00e7 bir add\u0131m at\u0131lmamas\u0131n\u0131 g\u00f6rd\u00fck. Bel\u0259 olan halda Minsk qrupunun indi&hellip;","_links":{"self":[{"href":"https:\/\/arantv.az\/index.php?rest_route=\/wp\/v2\/posts\/334742"}],"collection":[{"href":"https:\/\/arantv.az\/index.php?rest_route=\/wp\/v2\/posts"}],"about":[{"href":"https:\/\/arantv.az\/index.php?rest_route=\/wp\/v2\/types\/post"}],"author":[{"embeddable":true,"href":"https:\/\/arantv.az\/index.php?rest_route=\/wp\/v2\/users\/2"}],"replies":[{"embeddable":true,"href":"https:\/\/arantv.az\/index.php?rest_route=%2Fwp%2Fv2%2Fcomments&post=334742"}],"version-history":[{"count":0,"href":"https:\/\/arantv.az\/index.php?rest_route=\/wp\/v2\/posts\/334742\/revisions"}],"wp:featuredmedia":[{"embeddable":true,"href":"https:\/\/arantv.az\/index.php?rest_route=\/wp\/v2\/media\/334743"}],"wp:attachment":[{"href":"https:\/\/arantv.az\/index.php?rest_route=%2Fwp%2Fv2%2Fmedia&parent=334742"}],"wp:term":[{"taxonomy":"category","embeddable":true,"href":"https:\/\/arantv.az\/index.php?rest_route=%2Fwp%2Fv2%2Fcategories&post=334742"},{"taxonomy":"post_tag","embeddable":true,"href":"https:\/\/arantv.az\/index.php?rest_route=%2Fwp%2Fv2%2Ftags&post=334742"}],"curies":[{"name":"wp","href":"https:\/\/api.w.org\/{rel}","templated":true}]}}