{"id":334745,"date":"2021-05-06T11:47:01","date_gmt":"2021-05-06T08:47:01","guid":{"rendered":"https:\/\/arantv.az\/?p=334745"},"modified":"2021-05-06T11:47:01","modified_gmt":"2021-05-06T08:47:01","slug":"iki-min-hektardan-cox-%c9%99razi-mina-v%c9%99-phs-d%c9%99n-tam-t%c9%99mizl%c9%99nib-anama","status":"publish","type":"post","link":"https:\/\/arantv.az\/?p=334745","title":{"rendered":"\u0130ki min hektardan \u00e7ox \u0259razi mina v\u0259 PHS-d\u0259n tam t\u0259mizl\u0259nib &#8211; ANAMA"},"content":{"rendered":"<p>Haz\u0131rda F\u00fczuli, C\u0259bray\u0131l, Z\u0259ngilan, Qubadl\u0131, A\u011fdam, T\u0259rt\u0259r, Xocav\u0259nd rayonlar\u0131nda, o c\u00fcml\u0259d\u0259n \u015eu\u015fa \u015f\u0259h\u0259rind\u0259 evl\u0259rin v\u0259 h\u0259y\u0259tyan\u0131 \u0259razil\u0259rin minalardan t\u0259mizl\u0259nm\u0259si h\u0259yata ke\u00e7irilir.<\/p>\n<p><strong>ARANTV.AZ<\/strong> <a href=\"https:\/\/az.trend.az\/\" target=\"_blank\" rel=\"noopener\">Trend<\/a>-\u0259 istinad\u0259n bildirir ki,\u00a0bunu Az\u0259rbaycan Respublikas\u0131n\u0131n Minat\u0259mizl\u0259m\u0259 Agentliyinin (ANAMA) T\u0259mizl\u0259m\u0259 v\u0259 t\u0259dqiqat \u015f\u00f6b\u0259sinin m\u00fcdiri \u0130dris \u0130smay\u0131lov bildirib.<\/p>\n<p>&#8220;Bu g\u00fcn\u0259d\u0259k apar\u0131lan \u0259m\u0259liyyat t\u0259dbirl\u0259ri zaman 2051 hektar \u0259razi mina v\u0259 partlamam\u0131\u015f h\u0259rbi sursatdan tam t\u0259mizl\u0259nib. \u018fm\u0259liyyatlar zaman\u0131 18 min 648 mina v\u0259 partlamam\u0131\u015f h\u0259rbi sursat tap\u0131l\u0131b v\u0259 z\u0259r\u0259rsizl\u0259\u015fdirilib&#8221;.<\/p>\n","protected":false},"excerpt":{"rendered":"<p>Haz\u0131rda F\u00fczuli, C\u0259bray\u0131l, Z\u0259ngilan, Qubadl\u0131, A\u011fdam, T\u0259rt\u0259r, Xocav\u0259nd rayonlar\u0131nda, o c\u00fcml\u0259d\u0259n \u015eu\u015fa \u015f\u0259h\u0259rind\u0259 evl\u0259rin v\u0259 h\u0259y\u0259tyan\u0131 \u0259razil\u0259rin minalardan t\u0259mizl\u0259nm\u0259si h\u0259yata ke\u00e7irilir. ARANTV.AZ Trend-\u0259 istinad\u0259n bildirir ki,\u00a0bunu Az\u0259rbaycan Respublikas\u0131n\u0131n Minat\u0259mizl\u0259m\u0259 Agentliyinin (ANAMA) T\u0259mizl\u0259m\u0259 v\u0259 t\u0259dqiqat \u015f\u00f6b\u0259sinin m\u00fcdiri \u0130dris \u0130smay\u0131lov bildirib. &#8220;Bu g\u00fcn\u0259d\u0259k apar\u0131lan \u0259m\u0259liyyat t\u0259dbirl\u0259ri zaman 2051 hektar \u0259razi mina v\u0259 partlamam\u0131\u015f h\u0259rbi sursatdan tam t\u0259mizl\u0259nib. \u018fm\u0259liyyatlar zaman\u0131 18 min 648 mina v\u0259 partlamam\u0131\u015f h\u0259rbi sursat tap\u0131l\u0131b v\u0259 z\u0259r\u0259rsizl\u0259\u015fdirilib&#8221;.<\/p>\n","protected":false},"author":2,"featured_media":334746,"comment_status":"closed","ping_status":"closed","sticky":false,"template":"","format":"standard","meta":{"om_disable_all_campaigns":false,"_monsterinsights_skip_tracking":false,"_monsterinsights_sitenote_active":false,"_monsterinsights_sitenote_note":"","_monsterinsights_sitenote_category":0},"categories":[26],"tags":[],"aioseo_notices":[],"gutentor_comment":0,"rttpg_featured_image_url":{"full":["https:\/\/arantv.az\/wp-content\/uploads\/2021\/05\/946217.jpg",800,600,false],"landscape":["https:\/\/arantv.az\/wp-content\/uploads\/2021\/05\/946217.jpg",800,600,false],"portraits":["https:\/\/arantv.az\/wp-content\/uploads\/2021\/05\/946217.jpg",800,600,false],"thumbnail":["https:\/\/arantv.az\/wp-content\/uploads\/2021\/05\/946217-500x280.jpg",500,280,true],"medium":["https:\/\/arantv.az\/wp-content\/uploads\/2021\/05\/946217-487x365.jpg",487,365,true],"large":["https:\/\/arantv.az\/wp-content\/uploads\/2021\/05\/946217.jpg",640,480,false],"1536x1536":["https:\/\/arantv.az\/wp-content\/uploads\/2021\/05\/946217.jpg",800,600,false],"2048x2048":["https:\/\/arantv.az\/wp-content\/uploads\/2021\/05\/946217.jpg",800,600,false],"post-thumbnail":["https:\/\/arantv.az\/wp-content\/uploads\/2021\/05\/946217-240x172.jpg",240,172,true],"advps-thumb-one":["https:\/\/arantv.az\/wp-content\/uploads\/2021\/05\/946217.jpg",800,600,false]},"rttpg_author":{"display_name":"V\u00fcsal Rafiqo\u011flu","author_link":"https:\/\/arantv.az\/?author=2"},"rttpg_comment":0,"rttpg_category":"<a href=\"https:\/\/arantv.az\/?cat=26\" rel=\"category\">Sosial<\/a>","rttpg_excerpt":"Haz\u0131rda F\u00fczuli, C\u0259bray\u0131l, Z\u0259ngilan, Qubadl\u0131, A\u011fdam, T\u0259rt\u0259r, Xocav\u0259nd rayonlar\u0131nda, o c\u00fcml\u0259d\u0259n \u015eu\u015fa \u015f\u0259h\u0259rind\u0259 evl\u0259rin v\u0259 h\u0259y\u0259tyan\u0131 \u0259razil\u0259rin minalardan t\u0259mizl\u0259nm\u0259si h\u0259yata ke\u00e7irilir. ARANTV.AZ Trend-\u0259 istinad\u0259n bildirir ki,\u00a0bunu Az\u0259rbaycan Respublikas\u0131n\u0131n Minat\u0259mizl\u0259m\u0259 Agentliyinin (ANAMA) T\u0259mizl\u0259m\u0259 v\u0259 t\u0259dqiqat \u015f\u00f6b\u0259sinin m\u00fcdiri \u0130dris \u0130smay\u0131lov bildirib. &#8220;Bu g\u00fcn\u0259d\u0259k apar\u0131lan \u0259m\u0259liyyat t\u0259dbirl\u0259ri zaman 2051 hektar \u0259razi mina v\u0259 partlamam\u0131\u015f h\u0259rbi sursatdan tam t\u0259mizl\u0259nib.&hellip;","_links":{"self":[{"href":"https:\/\/arantv.az\/index.php?rest_route=\/wp\/v2\/posts\/334745"}],"collection":[{"href":"https:\/\/arantv.az\/index.php?rest_route=\/wp\/v2\/posts"}],"about":[{"href":"https:\/\/arantv.az\/index.php?rest_route=\/wp\/v2\/types\/post"}],"author":[{"embeddable":true,"href":"https:\/\/arantv.az\/index.php?rest_route=\/wp\/v2\/users\/2"}],"replies":[{"embeddable":true,"href":"https:\/\/arantv.az\/index.php?rest_route=%2Fwp%2Fv2%2Fcomments&post=334745"}],"version-history":[{"count":0,"href":"https:\/\/arantv.az\/index.php?rest_route=\/wp\/v2\/posts\/334745\/revisions"}],"wp:featuredmedia":[{"embeddable":true,"href":"https:\/\/arantv.az\/index.php?rest_route=\/wp\/v2\/media\/334746"}],"wp:attachment":[{"href":"https:\/\/arantv.az\/index.php?rest_route=%2Fwp%2Fv2%2Fmedia&parent=334745"}],"wp:term":[{"taxonomy":"category","embeddable":true,"href":"https:\/\/arantv.az\/index.php?rest_route=%2Fwp%2Fv2%2Fcategories&post=334745"},{"taxonomy":"post_tag","embeddable":true,"href":"https:\/\/arantv.az\/index.php?rest_route=%2Fwp%2Fv2%2Ftags&post=334745"}],"curies":[{"name":"wp","href":"https:\/\/api.w.org\/{rel}","templated":true}]}}