{"id":334754,"date":"2021-05-06T12:00:35","date_gmt":"2021-05-06T09:00:35","guid":{"rendered":"https:\/\/arantv.az\/?p=334754"},"modified":"2021-05-06T12:00:35","modified_gmt":"2021-05-06T09:00:35","slug":"deputat-erm%c9%99nistanda-h%c9%99r-yerd%c9%99-az%c9%99rbaycanlilara-qarsi-dusm%c9%99ncilik-t%c9%99blig-edilir","status":"publish","type":"post","link":"https:\/\/arantv.az\/?p=334754","title":{"rendered":"Deputat: \u201cErm\u0259nistanda h\u0259r yerd\u0259 az\u0259rbaycanl\u0131lara qar\u015f\u0131 d\u00fc\u015fm\u0259n\u00e7ilik t\u0259bli\u011f edilir\u201d"},"content":{"rendered":"<p>\u201cErm\u0259nil\u0259rin C\u0259nubi Qafqaza k\u00f6\u00e7\u00fcr\u00fcld\u00fcy\u00fc d\u00f6vrd\u0259n ba\u015flayaraq b\u00f6lg\u0259 xalqlar\u0131 h\u0259r zaman erm\u0259nil\u0259r t\u0259r\u0259find\u0259n k\u00fctl\u0259vi q\u0259tl\u0259, ya\u015fay\u0131\u015f yerl\u0259rinin da\u011f\u0131d\u0131lmas\u0131na m\u0259ruz qal\u0131blar. Az\u0259rbaycan xalq\u0131 1905 v\u0259 1918-ci ill\u0259rd\u0259 erm\u0259nil\u0259r t\u0259r\u0259find\u0259n t\u00f6r\u0259dil\u0259n soyq\u0131r\u0131m\u0131 hadis\u0259l\u0259rini yax\u015f\u0131 xat\u0131rlay\u0131r\u201d.<\/p>\n<p>Bunu \u201cReport\u201da a\u00e7\u0131qlamas\u0131nda deputat Ceyhun M\u0259mm\u0259dov deyib.<\/p>\n<p>Deputat\u0131n s\u00f6zl\u0259rin\u0259 g\u00f6r\u0259, o d\u00f6vrd\u0259 d\u0259 erm\u0259nil\u0259r ya\u015fl\u0131, qad\u0131n, azya\u015fl\u0131 u\u015faq olma\u011f\u0131na baxmayaraq Bak\u0131da v\u0259 b\u00f6lg\u0259l\u0259rd\u0259 k\u00fctl\u0259vi q\u0259tll\u0259r t\u00f6r\u0259tdil\u0259r, \u00e7oxlu sayda az\u0259rbaycanl\u0131n\u0131 q\u0259tl\u0259 yetirdil\u0259r:<\/p>\n<div id=\"AdviadNativeVideo0\" class=\"AdviadNativeVideo\"><\/div>\n<p>\u201cQeyd etm\u0259k laz\u0131md\u0131r ki, bu hadis\u0259l\u0259rin qurbanlar\u0131 yaln\u0131z az\u0259rbaycanl\u0131lar deyil, b\u00f6lg\u0259d\u0259 ya\u015fayan dig\u0259r xalqlar\u0131n n\u00fcmay\u0259nd\u0259l\u0259ri d\u0259 olub. Erm\u0259nistan sonrak\u0131 ill\u0259rd\u0259 d\u0259 bu siyas\u0259ti davam etdirdi. Sovet d\u00f6vr\u00fcnd\u0259 indiki Erm\u0259nistan \u0259razisind\u0259 ya\u015fayan az\u0259rbaycanl\u0131lar bir ne\u00e7\u0259 d\u0259f\u0259 deportasiyaya m\u0259ruz qald\u0131lar. \u00d6t\u0259n \u0259srin 50-ci v\u0259 80-ci ill\u0259rind\u0259 y\u00fcz minl\u0259rl\u0259 az\u0259rbaycanl\u0131 Erm\u0259nistanda k\u00fctl\u0259vi q\u0259tl\u0259 v\u0259 q\u0259sb\u0259 m\u0259ruz qald\u0131lar. Onlar\u0131n evl\u0259ri ata-baba yurdlar\u0131 da\u011f\u0131d\u0131ld\u0131, yerl\u0259-yeksan edildi.<\/p>\n<p>Az\u0259rbaycan m\u00fcst\u0259qilliyini b\u0259rpa etdikd\u0259n sonra Erm\u0259nistan havadarlar\u0131na g\u00fcv\u0259n\u0259r\u0259k \u00f6lk\u0259miz\u0259\u00a0qar\u015f\u0131 t\u0259cav\u00fcz v\u0259 soyq\u0131r\u0131m\u0131 siyas\u0259tini davam etdirdi. Xocal\u0131 soyq\u0131r\u0131m\u0131 bu hadis\u0259l\u0259r aras\u0131nda x\u00fcsusi q\u0259ddarl\u0131\u011f\u0131 il\u0259 se\u00e7ilir. Xocal\u0131 hadis\u0259si \u00f6t\u0259n \u0259srin \u0259n a\u011f\u0131r soyq\u0131r\u0131m\u0131 hadis\u0259l\u0259rind\u0259n biridir. Bu hadis\u0259l\u0259r zaman\u0131 y\u00fczl\u0259rl\u0259 az\u0259rbaycanl\u0131 n\u00f6vb\u0259ti d\u0259f\u0259 erm\u0259nil\u0259rin k\u00fctl\u0259vi q\u0259tl v\u0259 t\u0259cav\u00fcz\u00fcn\u0259 m\u0259ruz qald\u0131. O d\u00f6vrd\u0259 erm\u0259nil\u0259r t\u0259k\u00a0Xocal\u0131 soyq\u0131r\u0131m\u0131n\u0131 t\u00f6r\u0259tm\u0259dil\u0259r. Az\u0259rbaycan xalq\u0131 A\u011fdaban, Ba\u015fl\u0131bel v\u0259 Ball\u0131qaya faci\u0259l\u0259rini d\u0259 he\u00e7 zaman unutmayacaq. Bu faci\u0259l\u0259r d\u0259 erm\u0259nil\u0259r t\u0259r\u0259find\u0259n x\u00fcsusi amans\u0131zl\u0131qla t\u00f6r\u0259dildi\u201d.<\/p>\n<p>Mill\u0259t v\u0259kili bildirib ki, V\u0259t\u0259n m\u00fcharib\u0259si d\u00f6vr\u00fcnd\u0259 d\u0259 erm\u0259nil\u0259r bu v\u0259h\u015filik v\u0259 q\u0259ddarl\u0131\u011f\u0131 davam etdirdil\u0259r:<\/p>\n<p>\u201cG\u0259nc\u0259nin, T\u0259rt\u0259rin v\u0259 dig\u0259r \u015f\u0259h\u0259rl\u0259rimizin gec\u0259 vaxt\u0131 davaml\u0131 raket at\u0259\u015fin\u0259 m\u0259ruz qalmas\u0131 erm\u0259ni v\u0259h\u015filiyinin n\u00f6vb\u0259ti bariz n\u00fcmun\u0259si idi. Yen\u0259 ya\u015fl\u0131 insanlar, qad\u0131nlar, u\u015faqlar erm\u0259ni t\u0259cav\u00fcz\u00fcn\u00fcn qurban\u0131na \u00e7evrildil\u0259r\u201d.<\/p>\n<p>\u201cBu g\u00fcn d\u0259 Erm\u0259nistan m\u0259tbuat\u0131n\u0131, sosial \u015f\u0259b\u0259k\u0259l\u0259rin erm\u0259ni seqmentini t\u0259hlil etdikd\u0259 az\u0259rbaycanl\u0131lara qar\u015f\u0131 nifr\u0259tin v\u0259 d\u00fc\u015fm\u0259n\u00e7iliyin davaml\u0131 xarakter ald\u0131\u011f\u0131n\u0131 g\u00f6r\u00fcr\u00fck. Erm\u0259nistanda h\u0259r yerd\u0259 az\u0259rbaycanl\u0131lara qar\u015f\u0131 d\u00fc\u015fm\u0259n\u00e7ilik t\u0259bli\u011f edilir.<\/p>\n<p>Az\u0259rbaycan Respublikas\u0131n\u0131n \u0130nsan H\u00fcquqlar\u0131 \u00fczr\u0259 M\u00fcv\u0259kkilinin Az\u0259rbaycanl\u0131lara qar\u015f\u0131 nifr\u0259t cinay\u0259tl\u0259ri v\u0259 nifr\u0259t nitqin\u0259 dair haz\u0131rlad\u0131\u011f\u0131 hesabat b\u00fct\u00fcn bu faci\u0259l\u0259rl\u0259 ba\u011fl\u0131 m\u0259lumatlar\u0131 \u00f6z\u00fcnd\u0259 m\u00fcf\u0259ss\u0259l ehtiva edir. Hesab edir\u0259m Az\u0259rbaycan h\u0259qiq\u0259tl\u0259rinin, erm\u0259nil\u0259rin az\u0259rbaycanl\u0131lara qar\u015f\u0131 t\u00f6r\u0259tdikl\u0259ri v\u0259h\u015filikl\u0259rin d\u00fcnya ictimaiyy\u0259tin\u0259 \u00e7atd\u0131r\u0131lmas\u0131 i\u015fin\u0259 s\u00f6z\u00fcged\u0259n hesabat m\u00fch\u00fcm t\u00f6hf\u0259 ver\u0259 bil\u0259r. Hesabat haz\u0131rda davam ed\u0259n informasiya m\u00fcharib\u0259sind\u0259 bu istiqam\u0259td\u0259 \u00e7al\u0131\u015fan ayr\u0131-ayr\u0131 d\u00f6vl\u0259t qurumlar\u0131n\u0131n masa\u00fcst\u00fc kitab\u0131 rolunu da oynaya bil\u0259r\u201d, &#8211; C.M\u0259mm\u0259dov qeyd edib.<\/p>\n<p>&nbsp;<\/p>\n","protected":false},"excerpt":{"rendered":"<p>\u201cErm\u0259nil\u0259rin C\u0259nubi Qafqaza k\u00f6\u00e7\u00fcr\u00fcld\u00fcy\u00fc d\u00f6vrd\u0259n ba\u015flayaraq b\u00f6lg\u0259 xalqlar\u0131 h\u0259r zaman erm\u0259nil\u0259r t\u0259r\u0259find\u0259n k\u00fctl\u0259vi q\u0259tl\u0259, ya\u015fay\u0131\u015f yerl\u0259rinin da\u011f\u0131d\u0131lmas\u0131na m\u0259ruz qal\u0131blar. Az\u0259rbaycan xalq\u0131 1905 v\u0259 1918-ci ill\u0259rd\u0259 erm\u0259nil\u0259r t\u0259r\u0259find\u0259n t\u00f6r\u0259dil\u0259n soyq\u0131r\u0131m\u0131 hadis\u0259l\u0259rini yax\u015f\u0131 xat\u0131rlay\u0131r\u201d. Bunu \u201cReport\u201da a\u00e7\u0131qlamas\u0131nda deputat Ceyhun M\u0259mm\u0259dov deyib. Deputat\u0131n s\u00f6zl\u0259rin\u0259 g\u00f6r\u0259, o d\u00f6vrd\u0259 d\u0259 erm\u0259nil\u0259r ya\u015fl\u0131, qad\u0131n, azya\u015fl\u0131 u\u015faq olma\u011f\u0131na baxmayaraq Bak\u0131da v\u0259 b\u00f6lg\u0259l\u0259rd\u0259 k\u00fctl\u0259vi q\u0259tll\u0259r t\u00f6r\u0259tdil\u0259r, \u00e7oxlu sayda az\u0259rbaycanl\u0131n\u0131 q\u0259tl\u0259 yetirdil\u0259r: \u201cQeyd etm\u0259k laz\u0131md\u0131r ki, bu hadis\u0259l\u0259rin qurbanlar\u0131 yaln\u0131z az\u0259rbaycanl\u0131lar deyil, b\u00f6lg\u0259d\u0259 ya\u015fayan dig\u0259r xalqlar\u0131n n\u00fcmay\u0259nd\u0259l\u0259ri d\u0259 olub. Erm\u0259nistan sonrak\u0131 ill\u0259rd\u0259 d\u0259 bu siyas\u0259ti davam etdirdi. Sovet d\u00f6vr\u00fcnd\u0259&hellip;<\/p>\n","protected":false},"author":2,"featured_media":334755,"comment_status":"closed","ping_status":"closed","sticky":false,"template":"","format":"standard","meta":{"om_disable_all_campaigns":false,"_monsterinsights_skip_tracking":false,"_monsterinsights_sitenote_active":false,"_monsterinsights_sitenote_note":"","_monsterinsights_sitenote_category":0},"categories":[4],"tags":[],"aioseo_notices":[],"gutentor_comment":0,"rttpg_featured_image_url":{"full":["https:\/\/arantv.az\/wp-content\/uploads\/2021\/05\/ert.jpg",620,387,false],"landscape":["https:\/\/arantv.az\/wp-content\/uploads\/2021\/05\/ert.jpg",620,387,false],"portraits":["https:\/\/arantv.az\/wp-content\/uploads\/2021\/05\/ert.jpg",620,387,false],"thumbnail":["https:\/\/arantv.az\/wp-content\/uploads\/2021\/05\/ert-500x280.jpg",500,280,true],"medium":["https:\/\/arantv.az\/wp-content\/uploads\/2021\/05\/ert-585x365.jpg",585,365,true],"large":["https:\/\/arantv.az\/wp-content\/uploads\/2021\/05\/ert.jpg",620,387,false],"1536x1536":["https:\/\/arantv.az\/wp-content\/uploads\/2021\/05\/ert.jpg",620,387,false],"2048x2048":["https:\/\/arantv.az\/wp-content\/uploads\/2021\/05\/ert.jpg",620,387,false],"post-thumbnail":["https:\/\/arantv.az\/wp-content\/uploads\/2021\/05\/ert-240x172.jpg",240,172,true],"advps-thumb-one":["https:\/\/arantv.az\/wp-content\/uploads\/2021\/05\/ert.jpg",620,387,false]},"rttpg_author":{"display_name":"V\u00fcsal Rafiqo\u011flu","author_link":"https:\/\/arantv.az\/?author=2"},"rttpg_comment":0,"rttpg_category":"<a href=\"https:\/\/arantv.az\/?cat=4\" rel=\"category\">Siyas\u0259t<\/a>","rttpg_excerpt":"\u201cErm\u0259nil\u0259rin C\u0259nubi Qafqaza k\u00f6\u00e7\u00fcr\u00fcld\u00fcy\u00fc d\u00f6vrd\u0259n ba\u015flayaraq b\u00f6lg\u0259 xalqlar\u0131 h\u0259r zaman erm\u0259nil\u0259r t\u0259r\u0259find\u0259n k\u00fctl\u0259vi q\u0259tl\u0259, ya\u015fay\u0131\u015f yerl\u0259rinin da\u011f\u0131d\u0131lmas\u0131na m\u0259ruz qal\u0131blar. Az\u0259rbaycan xalq\u0131 1905 v\u0259 1918-ci ill\u0259rd\u0259 erm\u0259nil\u0259r t\u0259r\u0259find\u0259n t\u00f6r\u0259dil\u0259n soyq\u0131r\u0131m\u0131 hadis\u0259l\u0259rini yax\u015f\u0131 xat\u0131rlay\u0131r\u201d. Bunu \u201cReport\u201da a\u00e7\u0131qlamas\u0131nda deputat Ceyhun M\u0259mm\u0259dov deyib. Deputat\u0131n s\u00f6zl\u0259rin\u0259 g\u00f6r\u0259, o d\u00f6vrd\u0259 d\u0259 erm\u0259nil\u0259r ya\u015fl\u0131, qad\u0131n, azya\u015fl\u0131 u\u015faq olma\u011f\u0131na baxmayaraq Bak\u0131da v\u0259 b\u00f6lg\u0259l\u0259rd\u0259&hellip;","_links":{"self":[{"href":"https:\/\/arantv.az\/index.php?rest_route=\/wp\/v2\/posts\/334754"}],"collection":[{"href":"https:\/\/arantv.az\/index.php?rest_route=\/wp\/v2\/posts"}],"about":[{"href":"https:\/\/arantv.az\/index.php?rest_route=\/wp\/v2\/types\/post"}],"author":[{"embeddable":true,"href":"https:\/\/arantv.az\/index.php?rest_route=\/wp\/v2\/users\/2"}],"replies":[{"embeddable":true,"href":"https:\/\/arantv.az\/index.php?rest_route=%2Fwp%2Fv2%2Fcomments&post=334754"}],"version-history":[{"count":0,"href":"https:\/\/arantv.az\/index.php?rest_route=\/wp\/v2\/posts\/334754\/revisions"}],"wp:featuredmedia":[{"embeddable":true,"href":"https:\/\/arantv.az\/index.php?rest_route=\/wp\/v2\/media\/334755"}],"wp:attachment":[{"href":"https:\/\/arantv.az\/index.php?rest_route=%2Fwp%2Fv2%2Fmedia&parent=334754"}],"wp:term":[{"taxonomy":"category","embeddable":true,"href":"https:\/\/arantv.az\/index.php?rest_route=%2Fwp%2Fv2%2Fcategories&post=334754"},{"taxonomy":"post_tag","embeddable":true,"href":"https:\/\/arantv.az\/index.php?rest_route=%2Fwp%2Fv2%2Ftags&post=334754"}],"curies":[{"name":"wp","href":"https:\/\/api.w.org\/{rel}","templated":true}]}}