{"id":334769,"date":"2021-05-06T12:12:57","date_gmt":"2021-05-06T09:12:57","guid":{"rendered":"https:\/\/arantv.az\/?p=334769"},"modified":"2021-05-06T12:12:57","modified_gmt":"2021-05-06T09:12:57","slug":"bundan-sonra-da-vaksinl%c9%99rin-g%c9%99tirilm%c9%99si-t%c9%99min-edil%c9%99c%c9%99k-teymur-musayev","status":"publish","type":"post","link":"https:\/\/arantv.az\/?p=334769","title":{"rendered":"Bundan sonra da vaksinl\u0259rin g\u0259tirilm\u0259si t\u0259min edil\u0259c\u0259k &#8211; Teymur Musayev"},"content":{"rendered":"<p>Son zamanlar vaksinasiyan\u0131n m\u00f6vs\u00fcm\u00fc xarakter da\u015f\u0131yaca\u011f\u0131 ehtimal edilir. Bununla \u0259laq\u0259dar Az\u0259rbaycan b\u00fct\u00fcn vaksin istehsal\u00e7\u0131lar\u0131 il\u0259 dan\u0131\u015f\u0131qlar apar\u0131r.<\/p>\n<p><strong>ARANTV.AZ\u00a0<\/strong> <a href=\"https:\/\/az.trend.az\/\" target=\"_blank\" rel=\"noopener\">Trend<\/a>-\u0259 istinad\u0259n bildirir ki,\u00a0bunu S\u0259hiyy\u0259 nazirinin birinci m\u00fcavini Teymur Musayev Operativ Q\u0259rargah\u0131n bu g\u00fcn ke\u00e7iril\u0259n brifinqind\u0259 deyib.<\/p>\n<p>O qeyd edib ki, bundan sonra da vaksinl\u0259rin \u00f6lk\u0259miz\u0259 g\u0259tirilm\u0259si t\u0259min edil\u0259c\u0259k.<\/p>\n","protected":false},"excerpt":{"rendered":"<p>Son zamanlar vaksinasiyan\u0131n m\u00f6vs\u00fcm\u00fc xarakter da\u015f\u0131yaca\u011f\u0131 ehtimal edilir. Bununla \u0259laq\u0259dar Az\u0259rbaycan b\u00fct\u00fcn vaksin istehsal\u00e7\u0131lar\u0131 il\u0259 dan\u0131\u015f\u0131qlar apar\u0131r. ARANTV.AZ\u00a0 Trend-\u0259 istinad\u0259n bildirir ki,\u00a0bunu S\u0259hiyy\u0259 nazirinin birinci m\u00fcavini Teymur Musayev Operativ Q\u0259rargah\u0131n bu g\u00fcn ke\u00e7iril\u0259n brifinqind\u0259 deyib. O qeyd edib ki, bundan sonra da vaksinl\u0259rin \u00f6lk\u0259miz\u0259 g\u0259tirilm\u0259si t\u0259min edil\u0259c\u0259k.<\/p>\n","protected":false},"author":2,"featured_media":334770,"comment_status":"closed","ping_status":"closed","sticky":false,"template":"","format":"standard","meta":{"om_disable_all_campaigns":false,"_monsterinsights_skip_tracking":false,"_monsterinsights_sitenote_active":false,"_monsterinsights_sitenote_note":"","_monsterinsights_sitenote_category":0},"categories":[26],"tags":[],"aioseo_notices":[],"gutentor_comment":0,"rttpg_featured_image_url":{"full":["https:\/\/arantv.az\/wp-content\/uploads\/2021\/05\/946243.jpg",800,600,false],"landscape":["https:\/\/arantv.az\/wp-content\/uploads\/2021\/05\/946243.jpg",800,600,false],"portraits":["https:\/\/arantv.az\/wp-content\/uploads\/2021\/05\/946243.jpg",800,600,false],"thumbnail":["https:\/\/arantv.az\/wp-content\/uploads\/2021\/05\/946243-500x280.jpg",500,280,true],"medium":["https:\/\/arantv.az\/wp-content\/uploads\/2021\/05\/946243-487x365.jpg",487,365,true],"large":["https:\/\/arantv.az\/wp-content\/uploads\/2021\/05\/946243.jpg",640,480,false],"1536x1536":["https:\/\/arantv.az\/wp-content\/uploads\/2021\/05\/946243.jpg",800,600,false],"2048x2048":["https:\/\/arantv.az\/wp-content\/uploads\/2021\/05\/946243.jpg",800,600,false],"post-thumbnail":["https:\/\/arantv.az\/wp-content\/uploads\/2021\/05\/946243-240x172.jpg",240,172,true],"advps-thumb-one":["https:\/\/arantv.az\/wp-content\/uploads\/2021\/05\/946243.jpg",800,600,false]},"rttpg_author":{"display_name":"V\u00fcsal Rafiqo\u011flu","author_link":"https:\/\/arantv.az\/?author=2"},"rttpg_comment":0,"rttpg_category":"<a href=\"https:\/\/arantv.az\/?cat=26\" rel=\"category\">Sosial<\/a>","rttpg_excerpt":"Son zamanlar vaksinasiyan\u0131n m\u00f6vs\u00fcm\u00fc xarakter da\u015f\u0131yaca\u011f\u0131 ehtimal edilir. Bununla \u0259laq\u0259dar Az\u0259rbaycan b\u00fct\u00fcn vaksin istehsal\u00e7\u0131lar\u0131 il\u0259 dan\u0131\u015f\u0131qlar apar\u0131r. ARANTV.AZ\u00a0 Trend-\u0259 istinad\u0259n bildirir ki,\u00a0bunu S\u0259hiyy\u0259 nazirinin birinci m\u00fcavini Teymur Musayev Operativ Q\u0259rargah\u0131n bu g\u00fcn ke\u00e7iril\u0259n brifinqind\u0259 deyib. O qeyd edib ki, bundan sonra da vaksinl\u0259rin \u00f6lk\u0259miz\u0259 g\u0259tirilm\u0259si t\u0259min edil\u0259c\u0259k.","_links":{"self":[{"href":"https:\/\/arantv.az\/index.php?rest_route=\/wp\/v2\/posts\/334769"}],"collection":[{"href":"https:\/\/arantv.az\/index.php?rest_route=\/wp\/v2\/posts"}],"about":[{"href":"https:\/\/arantv.az\/index.php?rest_route=\/wp\/v2\/types\/post"}],"author":[{"embeddable":true,"href":"https:\/\/arantv.az\/index.php?rest_route=\/wp\/v2\/users\/2"}],"replies":[{"embeddable":true,"href":"https:\/\/arantv.az\/index.php?rest_route=%2Fwp%2Fv2%2Fcomments&post=334769"}],"version-history":[{"count":0,"href":"https:\/\/arantv.az\/index.php?rest_route=\/wp\/v2\/posts\/334769\/revisions"}],"wp:featuredmedia":[{"embeddable":true,"href":"https:\/\/arantv.az\/index.php?rest_route=\/wp\/v2\/media\/334770"}],"wp:attachment":[{"href":"https:\/\/arantv.az\/index.php?rest_route=%2Fwp%2Fv2%2Fmedia&parent=334769"}],"wp:term":[{"taxonomy":"category","embeddable":true,"href":"https:\/\/arantv.az\/index.php?rest_route=%2Fwp%2Fv2%2Fcategories&post=334769"},{"taxonomy":"post_tag","embeddable":true,"href":"https:\/\/arantv.az\/index.php?rest_route=%2Fwp%2Fv2%2Ftags&post=334769"}],"curies":[{"name":"wp","href":"https:\/\/api.w.org\/{rel}","templated":true}]}}