{"id":334772,"date":"2021-05-06T12:14:19","date_gmt":"2021-05-06T09:14:19","guid":{"rendered":"https:\/\/arantv.az\/?p=334772"},"modified":"2021-05-06T12:14:19","modified_gmt":"2021-05-06T09:14:19","slug":"qarabagda-v%c9%99ziyy%c9%99t-normallasib-xirda-insidentl%c9%99rin-qarsisi-d%c9%99rhal-alinir-lavrov","status":"publish","type":"post","link":"https:\/\/arantv.az\/?p=334772","title":{"rendered":"Qaraba\u011fda v\u0259ziyy\u0259t normalla\u015f\u0131b, x\u0131rda insidentl\u0259rin qar\u015f\u0131s\u0131 d\u0259rhal al\u0131n\u0131r &#8211; Lavrov"},"content":{"rendered":"<p>Qaraba\u011fda v\u0259ziyy\u0259t normalla\u015f\u0131b, x\u0131rda insidentl\u0259rin qar\u015f\u0131s\u0131 rusiyal\u0131 s\u00fclhm\u0259raml\u0131lar t\u0259r\u0259find\u0259n operativ v\u0259 s\u0259m\u0259r\u0259li \u015f\u0259kild\u0259 al\u0131n\u0131r.<\/p>\n<p><strong>ARANTV.AZ<\/strong> <a href=\"https:\/\/az.trend.az\/\" target=\"_blank\" rel=\"noopener\">Trend<\/a>-\u0259 istinad\u0259n bildirir ki,\u00a0bunu Rusiyan\u0131n xarici i\u015fl\u0259r naziri Sergey Lavrov Yerevanda erm\u0259nistanl\u0131 h\u0259mkar\u0131 Ara Ayvazyanla g\u00f6r\u00fc\u015f\u00fc zaman\u0131 deyib:<\/p>\n<p>O bildirib ki, Qaraba\u011f t\u0259nziml\u0259m\u0259sind\u0259 m\u00fcsb\u0259t tendensiyalar m\u00fc\u015fahid\u0259 olunur: &#8220;Rusiyan\u0131n s\u00fclhm\u0259raml\u0131 kontingenti t\u0259hl\u00fck\u0259sizliyin qarant\u0131 kimi \u00e7\u0131x\u0131\u015f edir. B\u00fct\u00fcn \u0259m\u0259liyyatlarda oldu\u011fu kimi, bu prosesd\u0259 d\u0259 qeyd\u0259 al\u0131nan x\u0131rda insidentl\u0259rin qar\u015f\u0131s\u0131 rusiyal\u0131 s\u00fclhm\u0259raml\u0131lar t\u0259r\u0259find\u0259n operativ v\u0259 s\u0259m\u0259r\u0259li \u015f\u0259kild\u0259 al\u0131n\u0131r&#8221;.<\/p>\n<p>S.Lavrov, h\u0259m\u00e7inin ba\u015f nazir m\u00fcavinl\u0259rind\u0259n \u00fc\u00e7t\u0259r\u0259fli i\u015f\u00e7i qrupunun i\u015fini f\u0259al \u015f\u0259kild\u0259 davam etdirdiyini vur\u011fulay\u0131b: &#8220;Biz bu i\u015fin davam etm\u0259sind\u0259 v\u0259 C\u0259nubi Qafqaz\u0131n dayan\u0131ql\u0131 iqtisadi inki\u015fafn\u0131n t\u0259min olunmas\u0131 \u00fc\u00e7\u00fcn Bak\u0131 il\u0259 Yerevan aras\u0131nda dialoqun qurulmas\u0131nda maraql\u0131y\u0131q&#8221;.<\/p>\n","protected":false},"excerpt":{"rendered":"<p>Qaraba\u011fda v\u0259ziyy\u0259t normalla\u015f\u0131b, x\u0131rda insidentl\u0259rin qar\u015f\u0131s\u0131 rusiyal\u0131 s\u00fclhm\u0259raml\u0131lar t\u0259r\u0259find\u0259n operativ v\u0259 s\u0259m\u0259r\u0259li \u015f\u0259kild\u0259 al\u0131n\u0131r. ARANTV.AZ Trend-\u0259 istinad\u0259n bildirir ki,\u00a0bunu Rusiyan\u0131n xarici i\u015fl\u0259r naziri Sergey Lavrov Yerevanda erm\u0259nistanl\u0131 h\u0259mkar\u0131 Ara Ayvazyanla g\u00f6r\u00fc\u015f\u00fc zaman\u0131 deyib: O bildirib ki, Qaraba\u011f t\u0259nziml\u0259m\u0259sind\u0259 m\u00fcsb\u0259t tendensiyalar m\u00fc\u015fahid\u0259 olunur: &#8220;Rusiyan\u0131n s\u00fclhm\u0259raml\u0131 kontingenti t\u0259hl\u00fck\u0259sizliyin qarant\u0131 kimi \u00e7\u0131x\u0131\u015f edir. B\u00fct\u00fcn \u0259m\u0259liyyatlarda oldu\u011fu kimi, bu prosesd\u0259 d\u0259 qeyd\u0259 al\u0131nan x\u0131rda insidentl\u0259rin qar\u015f\u0131s\u0131 rusiyal\u0131 s\u00fclhm\u0259raml\u0131lar t\u0259r\u0259find\u0259n operativ v\u0259 s\u0259m\u0259r\u0259li \u015f\u0259kild\u0259 al\u0131n\u0131r&#8221;. S.Lavrov, h\u0259m\u00e7inin ba\u015f nazir m\u00fcavinl\u0259rind\u0259n \u00fc\u00e7t\u0259r\u0259fli i\u015f\u00e7i qrupunun i\u015fini f\u0259al \u015f\u0259kild\u0259 davam etdirdiyini vur\u011fulay\u0131b: &#8220;Biz bu i\u015fin davam etm\u0259sind\u0259 v\u0259&hellip;<\/p>\n","protected":false},"author":2,"featured_media":334773,"comment_status":"closed","ping_status":"closed","sticky":false,"template":"","format":"standard","meta":{"om_disable_all_campaigns":false,"_monsterinsights_skip_tracking":false,"_monsterinsights_sitenote_active":false,"_monsterinsights_sitenote_note":"","_monsterinsights_sitenote_category":0},"categories":[4],"tags":[],"aioseo_notices":[],"gutentor_comment":0,"rttpg_featured_image_url":{"full":["https:\/\/arantv.az\/wp-content\/uploads\/2021\/05\/sergey_lavrov_140120_2.jpg",587,440,false],"landscape":["https:\/\/arantv.az\/wp-content\/uploads\/2021\/05\/sergey_lavrov_140120_2.jpg",587,440,false],"portraits":["https:\/\/arantv.az\/wp-content\/uploads\/2021\/05\/sergey_lavrov_140120_2.jpg",587,440,false],"thumbnail":["https:\/\/arantv.az\/wp-content\/uploads\/2021\/05\/sergey_lavrov_140120_2-500x280.jpg",500,280,true],"medium":["https:\/\/arantv.az\/wp-content\/uploads\/2021\/05\/sergey_lavrov_140120_2-487x365.jpg",487,365,true],"large":["https:\/\/arantv.az\/wp-content\/uploads\/2021\/05\/sergey_lavrov_140120_2.jpg",587,440,false],"1536x1536":["https:\/\/arantv.az\/wp-content\/uploads\/2021\/05\/sergey_lavrov_140120_2.jpg",587,440,false],"2048x2048":["https:\/\/arantv.az\/wp-content\/uploads\/2021\/05\/sergey_lavrov_140120_2.jpg",587,440,false],"post-thumbnail":["https:\/\/arantv.az\/wp-content\/uploads\/2021\/05\/sergey_lavrov_140120_2-240x172.jpg",240,172,true],"advps-thumb-one":["https:\/\/arantv.az\/wp-content\/uploads\/2021\/05\/sergey_lavrov_140120_2.jpg",587,440,false]},"rttpg_author":{"display_name":"V\u00fcsal Rafiqo\u011flu","author_link":"https:\/\/arantv.az\/?author=2"},"rttpg_comment":0,"rttpg_category":"<a href=\"https:\/\/arantv.az\/?cat=4\" rel=\"category\">Siyas\u0259t<\/a>","rttpg_excerpt":"Qaraba\u011fda v\u0259ziyy\u0259t normalla\u015f\u0131b, x\u0131rda insidentl\u0259rin qar\u015f\u0131s\u0131 rusiyal\u0131 s\u00fclhm\u0259raml\u0131lar t\u0259r\u0259find\u0259n operativ v\u0259 s\u0259m\u0259r\u0259li \u015f\u0259kild\u0259 al\u0131n\u0131r. ARANTV.AZ Trend-\u0259 istinad\u0259n bildirir ki,\u00a0bunu Rusiyan\u0131n xarici i\u015fl\u0259r naziri Sergey Lavrov Yerevanda erm\u0259nistanl\u0131 h\u0259mkar\u0131 Ara Ayvazyanla g\u00f6r\u00fc\u015f\u00fc zaman\u0131 deyib: O bildirib ki, Qaraba\u011f t\u0259nziml\u0259m\u0259sind\u0259 m\u00fcsb\u0259t tendensiyalar m\u00fc\u015fahid\u0259 olunur: &#8220;Rusiyan\u0131n s\u00fclhm\u0259raml\u0131 kontingenti t\u0259hl\u00fck\u0259sizliyin qarant\u0131 kimi \u00e7\u0131x\u0131\u015f edir. B\u00fct\u00fcn \u0259m\u0259liyyatlarda oldu\u011fu kimi, bu&hellip;","_links":{"self":[{"href":"https:\/\/arantv.az\/index.php?rest_route=\/wp\/v2\/posts\/334772"}],"collection":[{"href":"https:\/\/arantv.az\/index.php?rest_route=\/wp\/v2\/posts"}],"about":[{"href":"https:\/\/arantv.az\/index.php?rest_route=\/wp\/v2\/types\/post"}],"author":[{"embeddable":true,"href":"https:\/\/arantv.az\/index.php?rest_route=\/wp\/v2\/users\/2"}],"replies":[{"embeddable":true,"href":"https:\/\/arantv.az\/index.php?rest_route=%2Fwp%2Fv2%2Fcomments&post=334772"}],"version-history":[{"count":0,"href":"https:\/\/arantv.az\/index.php?rest_route=\/wp\/v2\/posts\/334772\/revisions"}],"wp:featuredmedia":[{"embeddable":true,"href":"https:\/\/arantv.az\/index.php?rest_route=\/wp\/v2\/media\/334773"}],"wp:attachment":[{"href":"https:\/\/arantv.az\/index.php?rest_route=%2Fwp%2Fv2%2Fmedia&parent=334772"}],"wp:term":[{"taxonomy":"category","embeddable":true,"href":"https:\/\/arantv.az\/index.php?rest_route=%2Fwp%2Fv2%2Fcategories&post=334772"},{"taxonomy":"post_tag","embeddable":true,"href":"https:\/\/arantv.az\/index.php?rest_route=%2Fwp%2Fv2%2Ftags&post=334772"}],"curies":[{"name":"wp","href":"https:\/\/api.w.org\/{rel}","templated":true}]}}