{"id":334775,"date":"2021-05-06T12:15:31","date_gmt":"2021-05-06T09:15:31","guid":{"rendered":"https:\/\/arantv.az\/?p=334775"},"modified":"2021-05-06T12:15:31","modified_gmt":"2021-05-06T09:15:31","slug":"az%c9%99rbaycanda-koronavirusa-%c9%99n-cox-bu-yasda-olanlar-yoluxur","status":"publish","type":"post","link":"https:\/\/arantv.az\/?p=334775","title":{"rendered":"Az\u0259rbaycanda koronavirusa \u0259n \u00e7ox bu ya\u015fda olanlar yoluxur"},"content":{"rendered":"<p><strong>Az\u0259rbaycanda koronavirusa \u0259n \u00e7ox yoluxan ya\u015f qrupu a\u00e7\u0131qlan\u0131b.<\/strong><\/p>\n<p><strong>ARANTV.AZ<\/strong> <a href=\"https:\/\/az.trend.az\/\" target=\"_blank\" rel=\"noopener\">Trend<\/a>-\u0259 istinad\u0259n bildirir ki,\u00a0T\u018fB\u0130B-in Departament m\u00fcdiri Yaqut Qarayeva Operativ Q\u0259rargah\u0131n bu g\u00fcn ke\u00e7iril\u0259n brifinqind\u0259 deyib ki, Az\u0259rbaycanda koronavirusa yoluxanlar \u0259n \u00e7ox ya\u015f\u0131 30-59 aras\u0131nda olan \u015f\u0259xsl\u0259rdir.<\/p>\n<p>Y.Qarayeva h\u0259r k\u0259si karantin qaydalar\u0131na riay\u0259t etm\u0259y\u0259 \u00e7a\u011f\u0131r\u0131b. Departament r\u0259hb\u0259ri bildirib ki, haz\u0131rda \u00f6lk\u0259mizd\u0259 m\u00fcsb\u0259t dinamika m\u00fc\u015fahid\u0259 olunmaqdad\u0131r: &#8220;Bu nailiyy\u0259t b\u00f6y\u00fck t\u0259dbirl\u0259r n\u0259tic\u0259sind\u0259 \u0259ld\u0259 olunub v\u0259 h\u0259r birimiz \u00e7al\u0131\u015fmal\u0131y\u0131q ki, bu n\u0259tic\u0259l\u0259ri itirm\u0259y\u0259k&#8221;.<\/p>\n","protected":false},"excerpt":{"rendered":"<p>Az\u0259rbaycanda koronavirusa \u0259n \u00e7ox yoluxan ya\u015f qrupu a\u00e7\u0131qlan\u0131b. ARANTV.AZ Trend-\u0259 istinad\u0259n bildirir ki,\u00a0T\u018fB\u0130B-in Departament m\u00fcdiri Yaqut Qarayeva Operativ Q\u0259rargah\u0131n bu g\u00fcn ke\u00e7iril\u0259n brifinqind\u0259 deyib ki, Az\u0259rbaycanda koronavirusa yoluxanlar \u0259n \u00e7ox ya\u015f\u0131 30-59 aras\u0131nda olan \u015f\u0259xsl\u0259rdir. Y.Qarayeva h\u0259r k\u0259si karantin qaydalar\u0131na riay\u0259t etm\u0259y\u0259 \u00e7a\u011f\u0131r\u0131b. Departament r\u0259hb\u0259ri bildirib ki, haz\u0131rda \u00f6lk\u0259mizd\u0259 m\u00fcsb\u0259t dinamika m\u00fc\u015fahid\u0259 olunmaqdad\u0131r: &#8220;Bu nailiyy\u0259t b\u00f6y\u00fck t\u0259dbirl\u0259r n\u0259tic\u0259sind\u0259 \u0259ld\u0259 olunub v\u0259 h\u0259r birimiz \u00e7al\u0131\u015fmal\u0131y\u0131q ki, bu n\u0259tic\u0259l\u0259ri itirm\u0259y\u0259k&#8221;.<\/p>\n","protected":false},"author":2,"featured_media":334776,"comment_status":"closed","ping_status":"closed","sticky":false,"template":"","format":"standard","meta":{"om_disable_all_campaigns":false,"_monsterinsights_skip_tracking":false,"_monsterinsights_sitenote_active":false,"_monsterinsights_sitenote_note":"","_monsterinsights_sitenote_category":0},"categories":[26],"tags":[],"aioseo_notices":[],"gutentor_comment":0,"rttpg_featured_image_url":{"full":["https:\/\/arantv.az\/wp-content\/uploads\/2021\/05\/946232.jpg",800,600,false],"landscape":["https:\/\/arantv.az\/wp-content\/uploads\/2021\/05\/946232.jpg",800,600,false],"portraits":["https:\/\/arantv.az\/wp-content\/uploads\/2021\/05\/946232.jpg",800,600,false],"thumbnail":["https:\/\/arantv.az\/wp-content\/uploads\/2021\/05\/946232-500x280.jpg",500,280,true],"medium":["https:\/\/arantv.az\/wp-content\/uploads\/2021\/05\/946232-487x365.jpg",487,365,true],"large":["https:\/\/arantv.az\/wp-content\/uploads\/2021\/05\/946232.jpg",640,480,false],"1536x1536":["https:\/\/arantv.az\/wp-content\/uploads\/2021\/05\/946232.jpg",800,600,false],"2048x2048":["https:\/\/arantv.az\/wp-content\/uploads\/2021\/05\/946232.jpg",800,600,false],"post-thumbnail":["https:\/\/arantv.az\/wp-content\/uploads\/2021\/05\/946232-240x172.jpg",240,172,true],"advps-thumb-one":["https:\/\/arantv.az\/wp-content\/uploads\/2021\/05\/946232.jpg",800,600,false]},"rttpg_author":{"display_name":"V\u00fcsal Rafiqo\u011flu","author_link":"https:\/\/arantv.az\/?author=2"},"rttpg_comment":0,"rttpg_category":"<a href=\"https:\/\/arantv.az\/?cat=26\" rel=\"category\">Sosial<\/a>","rttpg_excerpt":"Az\u0259rbaycanda koronavirusa \u0259n \u00e7ox yoluxan ya\u015f qrupu a\u00e7\u0131qlan\u0131b. ARANTV.AZ Trend-\u0259 istinad\u0259n bildirir ki,\u00a0T\u018fB\u0130B-in Departament m\u00fcdiri Yaqut Qarayeva Operativ Q\u0259rargah\u0131n bu g\u00fcn ke\u00e7iril\u0259n brifinqind\u0259 deyib ki, Az\u0259rbaycanda koronavirusa yoluxanlar \u0259n \u00e7ox ya\u015f\u0131 30-59 aras\u0131nda olan \u015f\u0259xsl\u0259rdir. Y.Qarayeva h\u0259r k\u0259si karantin qaydalar\u0131na riay\u0259t etm\u0259y\u0259 \u00e7a\u011f\u0131r\u0131b. Departament r\u0259hb\u0259ri bildirib ki, haz\u0131rda \u00f6lk\u0259mizd\u0259 m\u00fcsb\u0259t dinamika m\u00fc\u015fahid\u0259 olunmaqdad\u0131r: &#8220;Bu nailiyy\u0259t&hellip;","_links":{"self":[{"href":"https:\/\/arantv.az\/index.php?rest_route=\/wp\/v2\/posts\/334775"}],"collection":[{"href":"https:\/\/arantv.az\/index.php?rest_route=\/wp\/v2\/posts"}],"about":[{"href":"https:\/\/arantv.az\/index.php?rest_route=\/wp\/v2\/types\/post"}],"author":[{"embeddable":true,"href":"https:\/\/arantv.az\/index.php?rest_route=\/wp\/v2\/users\/2"}],"replies":[{"embeddable":true,"href":"https:\/\/arantv.az\/index.php?rest_route=%2Fwp%2Fv2%2Fcomments&post=334775"}],"version-history":[{"count":0,"href":"https:\/\/arantv.az\/index.php?rest_route=\/wp\/v2\/posts\/334775\/revisions"}],"wp:featuredmedia":[{"embeddable":true,"href":"https:\/\/arantv.az\/index.php?rest_route=\/wp\/v2\/media\/334776"}],"wp:attachment":[{"href":"https:\/\/arantv.az\/index.php?rest_route=%2Fwp%2Fv2%2Fmedia&parent=334775"}],"wp:term":[{"taxonomy":"category","embeddable":true,"href":"https:\/\/arantv.az\/index.php?rest_route=%2Fwp%2Fv2%2Fcategories&post=334775"},{"taxonomy":"post_tag","embeddable":true,"href":"https:\/\/arantv.az\/index.php?rest_route=%2Fwp%2Fv2%2Ftags&post=334775"}],"curies":[{"name":"wp","href":"https:\/\/api.w.org\/{rel}","templated":true}]}}