{"id":334787,"date":"2021-05-06T12:37:09","date_gmt":"2021-05-06T09:37:09","guid":{"rendered":"https:\/\/arantv.az\/?p=334787"},"modified":"2021-05-06T12:37:09","modified_gmt":"2021-05-06T09:37:09","slug":"prezidentin-yuks%c9%99k-v%c9%99zif%c9%99-verdiyi-s%c9%99xs-kimdir-dosye","status":"publish","type":"post","link":"https:\/\/arantv.az\/?p=334787","title":{"rendered":"Prezidentin y\u00fcks\u0259k v\u0259zif\u0259 verdiyi \u015f\u0259xs kimdir? &#8211; DOSYE"},"content":{"rendered":"<p>Prezident \u0130lham \u018fliyevin bu g\u00fcn imzalad\u0131\u011f\u0131 s\u0259r\u0259ncam\u0131 il\u0259, Orxan Faiq o\u011flu N\u0259z\u0259rli Az\u0259rbaycan Respublikas\u0131n\u0131n \u0130qtisadiyyat Nazirliyi yan\u0131nda D\u00f6vl\u0259t Vergi Xidm\u0259tinin r\u0259isi t\u0259yin edilib.<\/p>\n<p>Orxan Faiq o\u011flu N\u0259z\u0259rli 1984-c\u00fc il dekabr\u0131n 5-d\u0259 A\u011fdam \u015f\u0259h\u0259rind\u0259 anadan olub. 2005-ci ild\u0259 Az\u0259rbaycan D\u00f6vl\u0259t \u0130qtisad Universitetinin Beyn\u0259lxalq iqtisadi m\u00fcnasib\u0259tl\u0259r fak\u00fclt\u0259sini bitirib.<\/p>\n<p>\u018fm\u0259k f\u0259aliyy\u0259tin\u0259 2003-c\u00fc ild\u0259 \u00f6z\u0259l sektorda ba\u015flay\u0131b, 2005-2015-ci ill\u0259rd\u0259 Az\u0259rbaycan Respublikas\u0131nda f\u0259aliyy\u0259t g\u00f6st\u0259r\u0259n d\u00fcnyan\u0131n n\u00fcfuzlu beyn\u0259lxalq audit \u015firk\u0259tl\u0259rind\u0259n birind\u0259 m\u00fcxt\u0259lif v\u0259zif\u0259l\u0259rd\u0259 \u00e7al\u0131\u015f\u0131b.<\/p>\n<div id=\"AdviadNativeVideo0\" class=\"AdviadNativeVideo\"><\/div>\n<p>2014-c\u00fc ild\u0259 AB\u015e-\u0131n Alyaska \u015ftat\u0131nda sertifikasiyadan ke\u00e7ib \u201cCertified Public Accountant\u201d lisenziyas\u0131 al\u0131b.<\/p>\n<p>2015-2016-c\u0131 ill\u0259rd\u0259 Az\u0259rbaycan Respublikas\u0131 T\u0259hsil nazirinin iqtisadi m\u0259s\u0259l\u0259l\u0259r \u00fczr\u0259 m\u00fc\u015faviri, 2016-2017-ci ill\u0259rd\u0259 is\u0259 Az\u0259rbaycan Respublikas\u0131 T\u0259hsil Nazirliyinin Aparat r\u0259hb\u0259rinin m\u00fcavini v\u0259zif\u0259l\u0259rind\u0259 cal\u0131\u015f\u0131b.<\/p>\n<p>2018-ci ild\u0259 Az\u0259rbaycan Respublikas\u0131 Vergil\u0259r nazirinin m\u00fc\u015faviri v\u0259zif\u0259sin\u0259 t\u0259yin edilib. 2019-cu ild\u0259n etibar\u0259n, h\u0259m\u00e7inin, Vergil\u0259r Nazirliyinin Milli G\u0259lirl\u0259r Ba\u015f \u0130dar\u0259sinin r\u0259isi v\u0259zif\u0259sini icra edib.<\/p>\n<p>Az\u0259rbaycan Respublikas\u0131 Prezidentinin 13 may 2020-ci il tarixli s\u0259r\u0259ncam\u0131 il\u0259 \u0130qtisadiyyat Nazirliyi yan\u0131nda D\u00f6vl\u0259t Vergi Xidm\u0259tinin r\u0259isinin m\u00fcavini v\u0259zif\u0259sin\u0259 t\u0259yin edilib.<\/p>\n<p>Orxan N\u0259z\u0259rli 3-c\u00fc d\u0259r\u0259c\u0259li d\u00f6vl\u0259t vergi xidm\u0259ti m\u00fc\u015faviridir.<\/p>\n<p>Ail\u0259lidir, 3 \u00f6vlad\u0131 var.<\/p>\n","protected":false},"excerpt":{"rendered":"<p>Prezident \u0130lham \u018fliyevin bu g\u00fcn imzalad\u0131\u011f\u0131 s\u0259r\u0259ncam\u0131 il\u0259, Orxan Faiq o\u011flu N\u0259z\u0259rli Az\u0259rbaycan Respublikas\u0131n\u0131n \u0130qtisadiyyat Nazirliyi yan\u0131nda D\u00f6vl\u0259t Vergi Xidm\u0259tinin r\u0259isi t\u0259yin edilib. Orxan Faiq o\u011flu N\u0259z\u0259rli 1984-c\u00fc il dekabr\u0131n 5-d\u0259 A\u011fdam \u015f\u0259h\u0259rind\u0259 anadan olub. 2005-ci ild\u0259 Az\u0259rbaycan D\u00f6vl\u0259t \u0130qtisad Universitetinin Beyn\u0259lxalq iqtisadi m\u00fcnasib\u0259tl\u0259r fak\u00fclt\u0259sini bitirib. \u018fm\u0259k f\u0259aliyy\u0259tin\u0259 2003-c\u00fc ild\u0259 \u00f6z\u0259l sektorda ba\u015flay\u0131b, 2005-2015-ci ill\u0259rd\u0259 Az\u0259rbaycan Respublikas\u0131nda f\u0259aliyy\u0259t g\u00f6st\u0259r\u0259n d\u00fcnyan\u0131n n\u00fcfuzlu beyn\u0259lxalq audit \u015firk\u0259tl\u0259rind\u0259n birind\u0259 m\u00fcxt\u0259lif v\u0259zif\u0259l\u0259rd\u0259 \u00e7al\u0131\u015f\u0131b. 2014-c\u00fc ild\u0259 AB\u015e-\u0131n Alyaska \u015ftat\u0131nda sertifikasiyadan ke\u00e7ib \u201cCertified Public Accountant\u201d lisenziyas\u0131 al\u0131b. 2015-2016-c\u0131 ill\u0259rd\u0259 Az\u0259rbaycan Respublikas\u0131 T\u0259hsil nazirinin iqtisadi m\u0259s\u0259l\u0259l\u0259r \u00fczr\u0259 m\u00fc\u015faviri,&hellip;<\/p>\n","protected":false},"author":2,"featured_media":334788,"comment_status":"closed","ping_status":"closed","sticky":false,"template":"","format":"standard","meta":{"om_disable_all_campaigns":false,"_monsterinsights_skip_tracking":false,"_monsterinsights_sitenote_active":false,"_monsterinsights_sitenote_note":"","_monsterinsights_sitenote_category":0},"categories":[4],"tags":[],"aioseo_notices":[],"gutentor_comment":0,"rttpg_featured_image_url":{"full":["https:\/\/arantv.az\/wp-content\/uploads\/2021\/05\/orxan-nezerli-dvx.jpg",620,408,false],"landscape":["https:\/\/arantv.az\/wp-content\/uploads\/2021\/05\/orxan-nezerli-dvx.jpg",620,408,false],"portraits":["https:\/\/arantv.az\/wp-content\/uploads\/2021\/05\/orxan-nezerli-dvx.jpg",620,408,false],"thumbnail":["https:\/\/arantv.az\/wp-content\/uploads\/2021\/05\/orxan-nezerli-dvx-500x280.jpg",500,280,true],"medium":["https:\/\/arantv.az\/wp-content\/uploads\/2021\/05\/orxan-nezerli-dvx-555x365.jpg",555,365,true],"large":["https:\/\/arantv.az\/wp-content\/uploads\/2021\/05\/orxan-nezerli-dvx.jpg",620,408,false],"1536x1536":["https:\/\/arantv.az\/wp-content\/uploads\/2021\/05\/orxan-nezerli-dvx.jpg",620,408,false],"2048x2048":["https:\/\/arantv.az\/wp-content\/uploads\/2021\/05\/orxan-nezerli-dvx.jpg",620,408,false],"post-thumbnail":["https:\/\/arantv.az\/wp-content\/uploads\/2021\/05\/orxan-nezerli-dvx-240x172.jpg",240,172,true],"advps-thumb-one":["https:\/\/arantv.az\/wp-content\/uploads\/2021\/05\/orxan-nezerli-dvx.jpg",620,408,false]},"rttpg_author":{"display_name":"V\u00fcsal Rafiqo\u011flu","author_link":"https:\/\/arantv.az\/?author=2"},"rttpg_comment":0,"rttpg_category":"<a href=\"https:\/\/arantv.az\/?cat=4\" rel=\"category\">Siyas\u0259t<\/a>","rttpg_excerpt":"Prezident \u0130lham \u018fliyevin bu g\u00fcn imzalad\u0131\u011f\u0131 s\u0259r\u0259ncam\u0131 il\u0259, Orxan Faiq o\u011flu N\u0259z\u0259rli Az\u0259rbaycan Respublikas\u0131n\u0131n \u0130qtisadiyyat Nazirliyi yan\u0131nda D\u00f6vl\u0259t Vergi Xidm\u0259tinin r\u0259isi t\u0259yin edilib. Orxan Faiq o\u011flu N\u0259z\u0259rli 1984-c\u00fc il dekabr\u0131n 5-d\u0259 A\u011fdam \u015f\u0259h\u0259rind\u0259 anadan olub. 2005-ci ild\u0259 Az\u0259rbaycan D\u00f6vl\u0259t \u0130qtisad Universitetinin Beyn\u0259lxalq iqtisadi m\u00fcnasib\u0259tl\u0259r fak\u00fclt\u0259sini bitirib. \u018fm\u0259k f\u0259aliyy\u0259tin\u0259 2003-c\u00fc ild\u0259 \u00f6z\u0259l sektorda ba\u015flay\u0131b, 2005-2015-ci ill\u0259rd\u0259&hellip;","_links":{"self":[{"href":"https:\/\/arantv.az\/index.php?rest_route=\/wp\/v2\/posts\/334787"}],"collection":[{"href":"https:\/\/arantv.az\/index.php?rest_route=\/wp\/v2\/posts"}],"about":[{"href":"https:\/\/arantv.az\/index.php?rest_route=\/wp\/v2\/types\/post"}],"author":[{"embeddable":true,"href":"https:\/\/arantv.az\/index.php?rest_route=\/wp\/v2\/users\/2"}],"replies":[{"embeddable":true,"href":"https:\/\/arantv.az\/index.php?rest_route=%2Fwp%2Fv2%2Fcomments&post=334787"}],"version-history":[{"count":0,"href":"https:\/\/arantv.az\/index.php?rest_route=\/wp\/v2\/posts\/334787\/revisions"}],"wp:featuredmedia":[{"embeddable":true,"href":"https:\/\/arantv.az\/index.php?rest_route=\/wp\/v2\/media\/334788"}],"wp:attachment":[{"href":"https:\/\/arantv.az\/index.php?rest_route=%2Fwp%2Fv2%2Fmedia&parent=334787"}],"wp:term":[{"taxonomy":"category","embeddable":true,"href":"https:\/\/arantv.az\/index.php?rest_route=%2Fwp%2Fv2%2Fcategories&post=334787"},{"taxonomy":"post_tag","embeddable":true,"href":"https:\/\/arantv.az\/index.php?rest_route=%2Fwp%2Fv2%2Ftags&post=334787"}],"curies":[{"name":"wp","href":"https:\/\/api.w.org\/{rel}","templated":true}]}}