{"id":334790,"date":"2021-05-06T12:39:15","date_gmt":"2021-05-06T09:39:15","guid":{"rendered":"https:\/\/arantv.az\/?p=334790"},"modified":"2021-05-06T12:39:15","modified_gmt":"2021-05-06T09:39:15","slug":"prezidentin-yuks%c9%99k-v%c9%99zif%c9%99y%c9%99-t%c9%99yin-etdiyi-m%c9%99tin-eynullayev-kimdir-dosye","status":"publish","type":"post","link":"https:\/\/arantv.az\/?p=334790","title":{"rendered":"Prezidentin y\u00fcks\u0259k v\u0259zif\u0259y\u0259 t\u0259yin etdiyi M\u0259tin Eynullayev kimdir? &#8211; DOSYE"},"content":{"rendered":"<p>M\u0259tin Balas\u0259n o\u011flu Eynullayev \u0130qtisadiyyat Nazirliyi yan\u0131nda \u018fmlak M\u0259s\u0259l\u0259l\u0259ri D\u00f6vl\u0259t Xidm\u0259tinin r\u0259isi t\u0259yin edilib.<\/p>\n<p><strong>ARANTV.AZ<\/strong>\u00a0 x\u0259b\u0259r verir ki, Prezident \u0130lham \u018fliyev bununla ba\u011fl\u0131 s\u0259r\u0259ncam imzalay\u0131b.<\/p>\n<p>D\u00f6vl\u0259t ba\u015f\u00e7\u0131s\u0131n\u0131n dig\u0259r s\u0259r\u0259ncam\u0131 il\u0259 M\u0259tin Eynullayev \u0130qtisadiyyat Nazirliyi yan\u0131nda \u018fmlak M\u0259s\u0259l\u0259l\u0259ri D\u00f6vl\u0259t Xidm\u0259tinin r\u0259is m\u00fcavini v\u0259zif\u0259sind\u0259n azad edilib.<\/p>\n<p>Qeyd ed\u0259k ki, M.Eynullayev 1975-ci il mart\u0131n 22-d\u0259 Bak\u0131 \u015f\u0259h\u0259rind\u0259 anadan olub. 1992-ci ild\u0259 Bak\u0131 D\u00f6vl\u0259t Universitetinin h\u00fcquq fak\u00fclt\u0259sin\u0259 daxil olub, 1997-ci ild\u0259 h\u0259min universiteti h\u00fcquq\u015f\u00fcnasl\u0131q ixtisas\u0131 \u00fczr\u0259 f\u0259rql\u0259nm\u0259 diplomu il\u0259 bitirib.<\/p>\n<p>&#8220;Azleks&#8221; beyn\u0259lxalq h\u00fcquq firmas\u0131nda m\u00fc\u015favir, \u018fm\u0259k v\u0259 \u018fhalinin Sosial M\u00fcdafi\u0259si Nazirliyinin n\u0259zdind\u0259 \u018flill\u0259rin Sosial M\u00fcdafi\u0259si Fondunda ba\u015f h\u00fcquq\u015f\u00fcnas, \u0130qtisadi \u0130nki\u015faf Nazirliyinin Korporativ idar\u0259etm\u0259 sektorunun ba\u015f m\u0259sl\u0259h\u0259t\u00e7isi, Nazirl\u0259r Kabineti yan\u0131nda &#8220;\u0130\u00e7\u0259ri\u015f\u0259h\u0259r&#8221; D\u00f6vl\u0259t Tarix-Memarl\u0131q Qoru\u011fu \u0130dar\u0259sinin sektor m\u00fcdiri, \u015f\u00f6b\u0259 m\u00fcdirinin m\u00fcavini, \u015f\u00f6b\u0259 m\u00fcdiri v\u0259zif\u0259l\u0259rind\u0259 \u00e7al\u0131\u015f\u0131b.<\/p>\n<p>2013-2016-c\u0131 ill\u0259rd\u0259 T\u0259hsil Nazirliyinin Aparat r\u0259hb\u0259rinin m\u00fcavini v\u0259 Aparat r\u0259hb\u0259ri v\u0259zif\u0259l\u0259rind\u0259 \u00e7al\u0131\u015f\u0131b. D\u00f6vl\u0259t ba\u015f\u00e7\u0131s\u0131n\u0131n 2015-ci il 22 iyun tarixli s\u0259r\u0259ncam\u0131 il\u0259 &#8220;D\u00f6vl\u0259t qullu\u011funda f\u0259rql\u0259nm\u0259y\u0259 g\u00f6r\u0259&#8221; medal\u0131 il\u0259 t\u0259ltif edilib.<\/p>\n<p>Prezidentin 2017-ci il 11 yanvar tarixli s\u0259r\u0259ncam\u0131 il\u0259 t\u0259hsil nazirinin m\u00fcavini v\u0259zif\u0259sin\u0259 t\u0259yin edilib. D\u00f6vl\u0259t ba\u015f\u00e7\u0131s\u0131n\u0131n 2018-ci il 17 yanvar tarixli s\u0259r\u0259ncam\u0131 il\u0259 vergil\u0259r nazirinin m\u00fcavini v\u0259zif\u0259sin\u0259 t\u0259yin edilib.<\/p>\n<p>M.Eynullayev bu t\u0259yinatad\u0259k \u018fmlak M\u0259s\u0259l\u0259l\u0259ri \u00fczr\u0259 D\u00f6vl\u0259t Xidm\u0259tinin r\u0259isinin s\u0259lahiyy\u0259tl\u0259rini icra edirdi.<\/p>\n<p>O, d\u00f6vl\u0259t qullu\u011funun ki\u00e7ik m\u00fc\u015faviridir.<\/p>\n<p>Ail\u0259lidir, 2 \u00f6vlad\u0131 var.<\/p>\n","protected":false},"excerpt":{"rendered":"<p>M\u0259tin Balas\u0259n o\u011flu Eynullayev \u0130qtisadiyyat Nazirliyi yan\u0131nda \u018fmlak M\u0259s\u0259l\u0259l\u0259ri D\u00f6vl\u0259t Xidm\u0259tinin r\u0259isi t\u0259yin edilib. ARANTV.AZ\u00a0 x\u0259b\u0259r verir ki, Prezident \u0130lham \u018fliyev bununla ba\u011fl\u0131 s\u0259r\u0259ncam imzalay\u0131b. D\u00f6vl\u0259t ba\u015f\u00e7\u0131s\u0131n\u0131n dig\u0259r s\u0259r\u0259ncam\u0131 il\u0259 M\u0259tin Eynullayev \u0130qtisadiyyat Nazirliyi yan\u0131nda \u018fmlak M\u0259s\u0259l\u0259l\u0259ri D\u00f6vl\u0259t Xidm\u0259tinin r\u0259is m\u00fcavini v\u0259zif\u0259sind\u0259n azad edilib. Qeyd ed\u0259k ki, M.Eynullayev 1975-ci il mart\u0131n 22-d\u0259 Bak\u0131 \u015f\u0259h\u0259rind\u0259 anadan olub. 1992-ci ild\u0259 Bak\u0131 D\u00f6vl\u0259t Universitetinin h\u00fcquq fak\u00fclt\u0259sin\u0259 daxil olub, 1997-ci ild\u0259 h\u0259min universiteti h\u00fcquq\u015f\u00fcnasl\u0131q ixtisas\u0131 \u00fczr\u0259 f\u0259rql\u0259nm\u0259 diplomu il\u0259 bitirib. &#8220;Azleks&#8221; beyn\u0259lxalq h\u00fcquq firmas\u0131nda m\u00fc\u015favir, \u018fm\u0259k v\u0259 \u018fhalinin Sosial M\u00fcdafi\u0259si Nazirliyinin n\u0259zdind\u0259 \u018flill\u0259rin Sosial&hellip;<\/p>\n","protected":false},"author":2,"featured_media":334791,"comment_status":"closed","ping_status":"closed","sticky":false,"template":"","format":"standard","meta":{"om_disable_all_campaigns":false,"_monsterinsights_skip_tracking":false,"_monsterinsights_sitenote_active":false,"_monsterinsights_sitenote_note":"","_monsterinsights_sitenote_category":0},"categories":[4],"tags":[],"aioseo_notices":[],"gutentor_comment":0,"rttpg_featured_image_url":{"full":["https:\/\/arantv.az\/wp-content\/uploads\/2021\/05\/946248.jpg",800,600,false],"landscape":["https:\/\/arantv.az\/wp-content\/uploads\/2021\/05\/946248.jpg",800,600,false],"portraits":["https:\/\/arantv.az\/wp-content\/uploads\/2021\/05\/946248.jpg",800,600,false],"thumbnail":["https:\/\/arantv.az\/wp-content\/uploads\/2021\/05\/946248-500x280.jpg",500,280,true],"medium":["https:\/\/arantv.az\/wp-content\/uploads\/2021\/05\/946248-487x365.jpg",487,365,true],"large":["https:\/\/arantv.az\/wp-content\/uploads\/2021\/05\/946248.jpg",640,480,false],"1536x1536":["https:\/\/arantv.az\/wp-content\/uploads\/2021\/05\/946248.jpg",800,600,false],"2048x2048":["https:\/\/arantv.az\/wp-content\/uploads\/2021\/05\/946248.jpg",800,600,false],"post-thumbnail":["https:\/\/arantv.az\/wp-content\/uploads\/2021\/05\/946248-240x172.jpg",240,172,true],"advps-thumb-one":["https:\/\/arantv.az\/wp-content\/uploads\/2021\/05\/946248.jpg",800,600,false]},"rttpg_author":{"display_name":"V\u00fcsal Rafiqo\u011flu","author_link":"https:\/\/arantv.az\/?author=2"},"rttpg_comment":0,"rttpg_category":"<a href=\"https:\/\/arantv.az\/?cat=4\" rel=\"category\">Siyas\u0259t<\/a>","rttpg_excerpt":"M\u0259tin Balas\u0259n o\u011flu Eynullayev \u0130qtisadiyyat Nazirliyi yan\u0131nda \u018fmlak M\u0259s\u0259l\u0259l\u0259ri D\u00f6vl\u0259t Xidm\u0259tinin r\u0259isi t\u0259yin edilib. ARANTV.AZ\u00a0 x\u0259b\u0259r verir ki, Prezident \u0130lham \u018fliyev bununla ba\u011fl\u0131 s\u0259r\u0259ncam imzalay\u0131b. D\u00f6vl\u0259t ba\u015f\u00e7\u0131s\u0131n\u0131n dig\u0259r s\u0259r\u0259ncam\u0131 il\u0259 M\u0259tin Eynullayev \u0130qtisadiyyat Nazirliyi yan\u0131nda \u018fmlak M\u0259s\u0259l\u0259l\u0259ri D\u00f6vl\u0259t Xidm\u0259tinin r\u0259is m\u00fcavini v\u0259zif\u0259sind\u0259n azad edilib. Qeyd ed\u0259k ki, M.Eynullayev 1975-ci il mart\u0131n 22-d\u0259 Bak\u0131 \u015f\u0259h\u0259rind\u0259 anadan&hellip;","_links":{"self":[{"href":"https:\/\/arantv.az\/index.php?rest_route=\/wp\/v2\/posts\/334790"}],"collection":[{"href":"https:\/\/arantv.az\/index.php?rest_route=\/wp\/v2\/posts"}],"about":[{"href":"https:\/\/arantv.az\/index.php?rest_route=\/wp\/v2\/types\/post"}],"author":[{"embeddable":true,"href":"https:\/\/arantv.az\/index.php?rest_route=\/wp\/v2\/users\/2"}],"replies":[{"embeddable":true,"href":"https:\/\/arantv.az\/index.php?rest_route=%2Fwp%2Fv2%2Fcomments&post=334790"}],"version-history":[{"count":0,"href":"https:\/\/arantv.az\/index.php?rest_route=\/wp\/v2\/posts\/334790\/revisions"}],"wp:featuredmedia":[{"embeddable":true,"href":"https:\/\/arantv.az\/index.php?rest_route=\/wp\/v2\/media\/334791"}],"wp:attachment":[{"href":"https:\/\/arantv.az\/index.php?rest_route=%2Fwp%2Fv2%2Fmedia&parent=334790"}],"wp:term":[{"taxonomy":"category","embeddable":true,"href":"https:\/\/arantv.az\/index.php?rest_route=%2Fwp%2Fv2%2Fcategories&post=334790"},{"taxonomy":"post_tag","embeddable":true,"href":"https:\/\/arantv.az\/index.php?rest_route=%2Fwp%2Fv2%2Ftags&post=334790"}],"curies":[{"name":"wp","href":"https:\/\/api.w.org\/{rel}","templated":true}]}}