{"id":3348,"date":"2018-08-01T09:19:52","date_gmt":"2018-08-01T06:19:52","guid":{"rendered":"http:\/\/arantv.az\/?p=3348"},"modified":"2018-08-01T09:19:52","modified_gmt":"2018-08-01T06:19:52","slug":"olk%c9%99d%c9%99-dini-muhiti-qarisdirmaq-ist%c9%99y%c9%99n-ideoloji-terrorcularin-qarabag-diplomatiyasini-h%c9%99d%c9%99f%c9%99-almasi-t%c9%99saduf-deyil","status":"publish","type":"post","link":"https:\/\/arantv.az\/?p=3348","title":{"rendered":"&#8220;\u00d6lk\u0259d\u0259 dini m\u00fchiti qar\u0131\u015fd\u0131rmaq ist\u0259y\u0259n &#8220;ideoloji terror\u00e7ular&#8221;\u0131n Qaraba\u011f diplomatiyas\u0131n\u0131 h\u0259d\u0259f\u0259 almas\u0131 t\u0259sad\u00fcf deyil&#8221;"},"content":{"rendered":"<blockquote>\n<h4><em><strong>Az\u0259rbaycan\u0131n rahat dini m\u00fchitini qar\u0131\u015fd\u0131rmaq ist\u0259y\u0259n &#8220;ideoloji terror\u00e7ular&#8221;\u0131n h\u0259m d\u0259 Qaraba\u011f diplomatiyas\u0131n\u0131 h\u0259d\u0259f\u0259 almas\u0131 t\u0259sad\u00fcf deyil.<\/strong><\/em><\/h4>\n<\/blockquote>\n<p><strong>ARANTV.AZ<\/strong> x\u0259b\u0259r verir ki, bunu trend-\u0259 &#8220;Bak\u0131 X\u0259b\u0259r&#8221; q\u0259zetinin ba\u015f redaktoru\u00a0<strong>Ayd\u0131n Quliyev<\/strong>bildirib.<\/p>\n<p>A.Quliyev qeyd edib ki, d\u00f6vl\u0259t m\u0259murlar\u0131 \u0259leyhin\u0259 silahl\u0131 terror h\u00fccumlar\u0131n\u0131 davaml\u0131 proses\u0259 \u00e7evirm\u0259k c\u0259hdl\u0259ri iflasa u\u011frayandan sonra h\u0259min q\u00fcvv\u0259l\u0259r indi d\u0259 \u0259sas g\u00fcc\u00fc ideoloji terror sah\u0259sin\u0259 y\u00f6n\u0259ldibl\u0259r:<\/p>\n<p>&#8220;Az\u0259rbaycanda guya m\u00fcs\u0259lmanlar\u0131n s\u0131x\u0131\u015fd\u0131r\u0131ld\u0131\u011f\u0131n\u0131, dini azadl\u0131qlar\u0131n olmad\u0131\u011f\u0131n\u0131 iddia edirl\u0259r, milli-etnik h\u0259mr\u0259yliyin m\u00f6vcudlu\u011funa \u015f\u00fcbh\u0259 oyatmaq ist\u0259yirl\u0259r, h\u0259tta Az\u0259rbaycan hakimiyy\u0259tinin guya Qaraba\u011f probleminin h\u0259llind\u0259 maraql\u0131 olmad\u0131\u011f\u0131n\u0131 s\u00fcbut etm\u0259y\u0259 \u00e7al\u0131\u015f\u0131rlar. Qon\u015fu \u00f6lk\u0259l\u0259rd\u0259 s\u0131\u011f\u0131nacaq alm\u0131\u015f m\u0259lum d\u00f6n\u00fckl\u0259r Az\u0259rbaycana qar\u015f\u0131 din p\u0259rd\u0259si alt\u0131nda ideoloji terrorun z\u0259rb\u0259 q\u00fcvv\u0259l\u0259ri kimi qaba\u011fa verilib. \u0130deoloji terrorla m\u0259\u015f\u011ful olan bu q\u00fcvv\u0259l\u0259rin \u0259sas h\u0259d\u0259fl\u0259rin\u0259 ayr\u0131ca baxsaq, G\u0259nc\u0259d\u0259 terror t\u00f6r\u0259d\u0259nl\u0259rl\u0259 eyni m\u0259rk\u0259zd\u0259n idar\u0259 olunduqlar\u0131na bir daha \u0259min ola bil\u0259rik. Az\u0259rbaycandak\u0131 tolerant m\u00fchiti, milli-dini m\u0259nsubiyy\u0259tind\u0259n as\u0131l\u0131 olmayaraq \u00fcmumv\u0259t\u0259nda\u015f h\u0259mr\u0259yliyini v\u0259 getdikc\u0259 m\u00f6hk\u0259ml\u0259n\u0259n Qaraba\u011f diplomatiyas\u0131n\u0131 h\u0259d\u0259f\u0259 al\u0131blar. Onlar\u0131n se\u00e7diyi bu \u00fc\u00e7 h\u0259d\u0259f m\u00fcasir Az\u0259rbaycan d\u00f6vl\u0259t\u00e7iliyinin sars\u0131lmaz s\u00fctunlar\u0131d\u0131r, bunu onlar da yax\u015f\u0131 bilir. Bizi bu s\u00fctunlardan vurmaq ist\u0259y\u0259n t\u0259k-t\u0259k sosial media terror\u00e7ular\u0131n\u0131n hans\u0131 bar\u0131\u015fmaz d\u00fc\u015fm\u0259nl\u0259rimizl\u0259 \u0259lbir olduqlar\u0131 a\u015fkard\u0131r&#8221;.<\/p>\n<p>Onun s\u00f6zl\u0259rin\u0259 g\u00f6r\u0259, Qaraba\u011f diplomatiyas\u0131 el\u0259 bir d\u00f6vrd\u0259 h\u0259d\u0259f se\u00e7ilir ki, Erm\u0259nistan dalbadal s\u0259hvl\u0259r burax\u0131r v\u0259 d\u00fcnyada Az\u0259rbaycan\u0131n m\u00f6vqeyin\u0259 veril\u0259n d\u0259st\u0259yin miqyas\u0131 s\u00fcr\u0259tl\u0259 art\u0131r: &#8220;Bu fakt sosial \u015f\u0259b\u0259k\u0259l\u0259rd\u0259 Az\u0259rbaycan\u0131n dini m\u00fchitini h\u0259d\u0259f\u0259 alanlar\u0131n erm\u0259nip\u0259r\u0259st q\u00fcvv\u0259l\u0259rl\u0259 i\u015fbirliyind\u0259 olduqlar\u0131na \u015f\u00fcbh\u0259 yeri qoymur. Az\u0259rbaycan ictimaiyy\u0259ti bel\u0259 d\u00fc\u015fm\u0259n s\u00f6vd\u0259l\u0259\u015fm\u0259l\u0259rd\u0259n yax\u015f\u0131 x\u0259b\u0259rdar oldu\u011fu \u00fc\u00e7\u00fcn h\u0259min planlar\u0131n u\u011fur \u015fans\u0131 s\u0131f\u0131ra b\u0259rab\u0259rdir&#8221;.<\/p>\n","protected":false},"excerpt":{"rendered":"<p>Az\u0259rbaycan\u0131n rahat dini m\u00fchitini qar\u0131\u015fd\u0131rmaq ist\u0259y\u0259n &#8220;ideoloji terror\u00e7ular&#8221;\u0131n h\u0259m d\u0259 Qaraba\u011f diplomatiyas\u0131n\u0131 h\u0259d\u0259f\u0259 almas\u0131 t\u0259sad\u00fcf deyil. ARANTV.AZ x\u0259b\u0259r verir ki, bunu trend-\u0259 &#8220;Bak\u0131 X\u0259b\u0259r&#8221; q\u0259zetinin ba\u015f redaktoru\u00a0Ayd\u0131n Quliyevbildirib. A.Quliyev qeyd edib ki, d\u00f6vl\u0259t m\u0259murlar\u0131 \u0259leyhin\u0259 silahl\u0131 terror h\u00fccumlar\u0131n\u0131 davaml\u0131 proses\u0259 \u00e7evirm\u0259k c\u0259hdl\u0259ri iflasa u\u011frayandan sonra h\u0259min q\u00fcvv\u0259l\u0259r indi d\u0259 \u0259sas g\u00fcc\u00fc ideoloji terror sah\u0259sin\u0259 y\u00f6n\u0259ldibl\u0259r: &#8220;Az\u0259rbaycanda guya m\u00fcs\u0259lmanlar\u0131n s\u0131x\u0131\u015fd\u0131r\u0131ld\u0131\u011f\u0131n\u0131, dini azadl\u0131qlar\u0131n olmad\u0131\u011f\u0131n\u0131 iddia edirl\u0259r, milli-etnik h\u0259mr\u0259yliyin m\u00f6vcudlu\u011funa \u015f\u00fcbh\u0259 oyatmaq ist\u0259yirl\u0259r, h\u0259tta Az\u0259rbaycan hakimiyy\u0259tinin guya Qaraba\u011f probleminin h\u0259llind\u0259 maraql\u0131 olmad\u0131\u011f\u0131n\u0131 s\u00fcbut etm\u0259y\u0259 \u00e7al\u0131\u015f\u0131rlar. Qon\u015fu \u00f6lk\u0259l\u0259rd\u0259 s\u0131\u011f\u0131nacaq alm\u0131\u015f m\u0259lum d\u00f6n\u00fckl\u0259r Az\u0259rbaycana qar\u015f\u0131&hellip;<\/p>\n","protected":false},"author":2,"featured_media":3349,"comment_status":"open","ping_status":"open","sticky":false,"template":"","format":"standard","meta":{"om_disable_all_campaigns":false,"_monsterinsights_skip_tracking":false,"_monsterinsights_sitenote_active":false,"_monsterinsights_sitenote_note":"","_monsterinsights_sitenote_category":0},"categories":[4],"tags":[],"aioseo_notices":[],"gutentor_comment":0,"rttpg_featured_image_url":{"full":["https:\/\/arantv.az\/wp-content\/uploads\/2018\/08\/aydin_quliyev_0582.jpg",800,600,false],"landscape":["https:\/\/arantv.az\/wp-content\/uploads\/2018\/08\/aydin_quliyev_0582.jpg",800,600,false],"portraits":["https:\/\/arantv.az\/wp-content\/uploads\/2018\/08\/aydin_quliyev_0582.jpg",800,600,false],"thumbnail":["https:\/\/arantv.az\/wp-content\/uploads\/2018\/08\/aydin_quliyev_0582-150x150.jpg",150,150,true],"medium":["https:\/\/arantv.az\/wp-content\/uploads\/2018\/08\/aydin_quliyev_0582-300x225.jpg",300,225,true],"large":["https:\/\/arantv.az\/wp-content\/uploads\/2018\/08\/aydin_quliyev_0582.jpg",640,480,false],"1536x1536":["https:\/\/arantv.az\/wp-content\/uploads\/2018\/08\/aydin_quliyev_0582.jpg",800,600,false],"2048x2048":["https:\/\/arantv.az\/wp-content\/uploads\/2018\/08\/aydin_quliyev_0582.jpg",800,600,false],"post-thumbnail":["https:\/\/arantv.az\/wp-content\/uploads\/2018\/08\/aydin_quliyev_0582.jpg",229,172,false],"advps-thumb-one":["https:\/\/arantv.az\/wp-content\/uploads\/2018\/08\/aydin_quliyev_0582.jpg",800,600,false]},"rttpg_author":{"display_name":"V\u00fcsal Rafiqo\u011flu","author_link":"https:\/\/arantv.az\/?author=2"},"rttpg_comment":0,"rttpg_category":"<a href=\"https:\/\/arantv.az\/?cat=4\" rel=\"category\">Siyas\u0259t<\/a>","rttpg_excerpt":"Az\u0259rbaycan\u0131n rahat dini m\u00fchitini qar\u0131\u015fd\u0131rmaq ist\u0259y\u0259n &#8220;ideoloji terror\u00e7ular&#8221;\u0131n h\u0259m d\u0259 Qaraba\u011f diplomatiyas\u0131n\u0131 h\u0259d\u0259f\u0259 almas\u0131 t\u0259sad\u00fcf deyil. ARANTV.AZ x\u0259b\u0259r verir ki, bunu trend-\u0259 &#8220;Bak\u0131 X\u0259b\u0259r&#8221; q\u0259zetinin ba\u015f redaktoru\u00a0Ayd\u0131n Quliyevbildirib. A.Quliyev qeyd edib ki, d\u00f6vl\u0259t m\u0259murlar\u0131 \u0259leyhin\u0259 silahl\u0131 terror h\u00fccumlar\u0131n\u0131 davaml\u0131 proses\u0259 \u00e7evirm\u0259k c\u0259hdl\u0259ri iflasa u\u011frayandan sonra h\u0259min q\u00fcvv\u0259l\u0259r indi d\u0259 \u0259sas g\u00fcc\u00fc ideoloji terror sah\u0259sin\u0259 y\u00f6n\u0259ldibl\u0259r:&hellip;","_links":{"self":[{"href":"https:\/\/arantv.az\/index.php?rest_route=\/wp\/v2\/posts\/3348"}],"collection":[{"href":"https:\/\/arantv.az\/index.php?rest_route=\/wp\/v2\/posts"}],"about":[{"href":"https:\/\/arantv.az\/index.php?rest_route=\/wp\/v2\/types\/post"}],"author":[{"embeddable":true,"href":"https:\/\/arantv.az\/index.php?rest_route=\/wp\/v2\/users\/2"}],"replies":[{"embeddable":true,"href":"https:\/\/arantv.az\/index.php?rest_route=%2Fwp%2Fv2%2Fcomments&post=3348"}],"version-history":[{"count":0,"href":"https:\/\/arantv.az\/index.php?rest_route=\/wp\/v2\/posts\/3348\/revisions"}],"wp:featuredmedia":[{"embeddable":true,"href":"https:\/\/arantv.az\/index.php?rest_route=\/wp\/v2\/media\/3349"}],"wp:attachment":[{"href":"https:\/\/arantv.az\/index.php?rest_route=%2Fwp%2Fv2%2Fmedia&parent=3348"}],"wp:term":[{"taxonomy":"category","embeddable":true,"href":"https:\/\/arantv.az\/index.php?rest_route=%2Fwp%2Fv2%2Fcategories&post=3348"},{"taxonomy":"post_tag","embeddable":true,"href":"https:\/\/arantv.az\/index.php?rest_route=%2Fwp%2Fv2%2Ftags&post=3348"}],"curies":[{"name":"wp","href":"https:\/\/api.w.org\/{rel}","templated":true}]}}