{"id":33523,"date":"2019-01-19T10:38:08","date_gmt":"2019-01-19T07:38:08","guid":{"rendered":"http:\/\/arantv.az\/?p=33523"},"modified":"2019-01-19T10:38:08","modified_gmt":"2019-01-19T07:38:08","slug":"yazici-n%c9%99simi-ili-az%c9%99rbaycan-m%c9%99d%c9%99niyy%c9%99tini-dunyaya-tanidacaq","status":"publish","type":"post","link":"https:\/\/arantv.az\/?p=33523","title":{"rendered":"Yaz\u0131\u00e7\u0131: \u201cN\u0259simi ili\u201d Az\u0259rbaycan m\u0259d\u0259niyy\u0259tini d\u00fcnyaya tan\u0131dacaq"},"content":{"rendered":"<p>\u201c2019-cu ilin N\u0259simi ili elan edilm\u0259si d\u00fczg\u00fcn v\u0259 m\u00fcdrik q\u0259rard\u0131r. Bizim \u015fairl\u0259ri zirv\u0259l\u0259r\u0259 qald\u0131rmaq, onlar\u0131n d\u00fcnya miqyasl\u0131 az\u0259rbaycanl\u0131 \u015fairl\u0259r oldu\u011funu g\u00f6st\u0259rm\u0259k laz\u0131md\u0131r\u201d<\/p>\n<p><b>ARANTV.AZ <\/b>oxu.az-a<b>\u00a0<\/b> istinad\u0259n x\u0259b\u0259r verir ki, bu s\u00f6zl\u0259ri az\u0259rbaycanl\u0131 yaz\u0131\u00e7\u0131, \u0259m\u0259kdar inc\u0259s\u0259n\u0259t xadimi\u00a0<strong>Natiq R\u0259sulzad\u0259<\/strong>s\u0259sl\u0259ndirib.<\/p>\n<p>\u201cBu Az\u0259rbaycan \u0259d\u0259bi v\u0259 m\u0259d\u0259ni k\u00f6kl\u0259rinin n\u0259 q\u0259d\u0259r d\u0259rin oldu\u011funu b\u00fct\u00fcn d\u00fcnyaya g\u00f6st\u0259rir. B\u00fct\u00fcn d\u00fcnya bilm\u0259lidir ki, bizim N\u0259simi, F\u00fczuli, Nizami kimi dahi \u015fairl\u0259rimiz var. Bunlar\u0131 g\u00f6st\u0259rm\u0259k laz\u0131md\u0131r. Ham\u0131 Az\u0259rbaycan\u0131n d\u0259rin m\u0259d\u0259ni k\u00f6kl\u0259ri olan multikulturalizm \u00f6lk\u0259si oldu\u011funu bilm\u0259lidir.\u201d, -dey\u0259 R\u0259sulzad\u0259 vur\u011fulay\u0131b.<\/p>\n<div id=\"AdributorNativeVideo0\" class=\"AdributorNativeVideo\"><\/div>\n<p>Xat\u0131rladaq ki, prezident\u00a0<strong>\u0130lham \u018fliyev<\/strong>\u00a0yanvar\u0131n 11-d\u0259 Az\u0259rbaycanda \u201cN\u0259simi \u0130linin\u201d elan olunmas\u0131 haqq\u0131nda s\u0259r\u0259ncam imzalay\u0131b.<\/p>\n","protected":false},"excerpt":{"rendered":"<p>\u201c2019-cu ilin N\u0259simi ili elan edilm\u0259si d\u00fczg\u00fcn v\u0259 m\u00fcdrik q\u0259rard\u0131r. Bizim \u015fairl\u0259ri zirv\u0259l\u0259r\u0259 qald\u0131rmaq, onlar\u0131n d\u00fcnya miqyasl\u0131 az\u0259rbaycanl\u0131 \u015fairl\u0259r oldu\u011funu g\u00f6st\u0259rm\u0259k laz\u0131md\u0131r\u201d ARANTV.AZ oxu.az-a\u00a0 istinad\u0259n x\u0259b\u0259r verir ki, bu s\u00f6zl\u0259ri az\u0259rbaycanl\u0131 yaz\u0131\u00e7\u0131, \u0259m\u0259kdar inc\u0259s\u0259n\u0259t xadimi\u00a0Natiq R\u0259sulzad\u0259s\u0259sl\u0259ndirib. \u201cBu Az\u0259rbaycan \u0259d\u0259bi v\u0259 m\u0259d\u0259ni k\u00f6kl\u0259rinin n\u0259 q\u0259d\u0259r d\u0259rin oldu\u011funu b\u00fct\u00fcn d\u00fcnyaya g\u00f6st\u0259rir. B\u00fct\u00fcn d\u00fcnya bilm\u0259lidir ki, bizim N\u0259simi, F\u00fczuli, Nizami kimi dahi \u015fairl\u0259rimiz var. Bunlar\u0131 g\u00f6st\u0259rm\u0259k laz\u0131md\u0131r. Ham\u0131 Az\u0259rbaycan\u0131n d\u0259rin m\u0259d\u0259ni k\u00f6kl\u0259ri olan multikulturalizm \u00f6lk\u0259si oldu\u011funu bilm\u0259lidir.\u201d, -dey\u0259 R\u0259sulzad\u0259 vur\u011fulay\u0131b. Xat\u0131rladaq ki, prezident\u00a0\u0130lham \u018fliyev\u00a0yanvar\u0131n 11-d\u0259 Az\u0259rbaycanda \u201cN\u0259simi \u0130linin\u201d elan olunmas\u0131 haqq\u0131nda s\u0259r\u0259ncam imzalay\u0131b.<\/p>\n","protected":false},"author":2,"featured_media":33524,"comment_status":"closed","ping_status":"closed","sticky":false,"template":"","format":"standard","meta":{"om_disable_all_campaigns":false,"_monsterinsights_skip_tracking":false,"_monsterinsights_sitenote_active":false,"_monsterinsights_sitenote_note":"","_monsterinsights_sitenote_category":0},"categories":[1],"tags":[],"aioseo_notices":[],"gutentor_comment":0,"rttpg_featured_image_url":{"full":["https:\/\/arantv.az\/wp-content\/uploads\/2019\/01\/410589202.jpg",620,335,false],"landscape":["https:\/\/arantv.az\/wp-content\/uploads\/2019\/01\/410589202.jpg",620,335,false],"portraits":["https:\/\/arantv.az\/wp-content\/uploads\/2019\/01\/410589202.jpg",620,335,false],"thumbnail":["https:\/\/arantv.az\/wp-content\/uploads\/2019\/01\/410589202-150x150.jpg",150,150,true],"medium":["https:\/\/arantv.az\/wp-content\/uploads\/2019\/01\/410589202-300x162.jpg",300,162,true],"large":["https:\/\/arantv.az\/wp-content\/uploads\/2019\/01\/410589202.jpg",620,335,false],"1536x1536":["https:\/\/arantv.az\/wp-content\/uploads\/2019\/01\/410589202.jpg",620,335,false],"2048x2048":["https:\/\/arantv.az\/wp-content\/uploads\/2019\/01\/410589202.jpg",620,335,false],"post-thumbnail":["https:\/\/arantv.az\/wp-content\/uploads\/2019\/01\/410589202-240x172.jpg",240,172,true],"advps-thumb-one":["https:\/\/arantv.az\/wp-content\/uploads\/2019\/01\/410589202.jpg",620,335,false]},"rttpg_author":{"display_name":"V\u00fcsal Rafiqo\u011flu","author_link":"https:\/\/arantv.az\/?author=2"},"rttpg_comment":0,"rttpg_category":"<a href=\"https:\/\/arantv.az\/?cat=1\" rel=\"category\">C\u0259miyy\u0259t<\/a>","rttpg_excerpt":"\u201c2019-cu ilin N\u0259simi ili elan edilm\u0259si d\u00fczg\u00fcn v\u0259 m\u00fcdrik q\u0259rard\u0131r. Bizim \u015fairl\u0259ri zirv\u0259l\u0259r\u0259 qald\u0131rmaq, onlar\u0131n d\u00fcnya miqyasl\u0131 az\u0259rbaycanl\u0131 \u015fairl\u0259r oldu\u011funu g\u00f6st\u0259rm\u0259k laz\u0131md\u0131r\u201d ARANTV.AZ oxu.az-a\u00a0 istinad\u0259n x\u0259b\u0259r verir ki, bu s\u00f6zl\u0259ri az\u0259rbaycanl\u0131 yaz\u0131\u00e7\u0131, \u0259m\u0259kdar inc\u0259s\u0259n\u0259t xadimi\u00a0Natiq R\u0259sulzad\u0259s\u0259sl\u0259ndirib. \u201cBu Az\u0259rbaycan \u0259d\u0259bi v\u0259 m\u0259d\u0259ni k\u00f6kl\u0259rinin n\u0259 q\u0259d\u0259r d\u0259rin oldu\u011funu b\u00fct\u00fcn d\u00fcnyaya g\u00f6st\u0259rir. B\u00fct\u00fcn d\u00fcnya bilm\u0259lidir ki, bizim N\u0259simi,&hellip;","_links":{"self":[{"href":"https:\/\/arantv.az\/index.php?rest_route=\/wp\/v2\/posts\/33523"}],"collection":[{"href":"https:\/\/arantv.az\/index.php?rest_route=\/wp\/v2\/posts"}],"about":[{"href":"https:\/\/arantv.az\/index.php?rest_route=\/wp\/v2\/types\/post"}],"author":[{"embeddable":true,"href":"https:\/\/arantv.az\/index.php?rest_route=\/wp\/v2\/users\/2"}],"replies":[{"embeddable":true,"href":"https:\/\/arantv.az\/index.php?rest_route=%2Fwp%2Fv2%2Fcomments&post=33523"}],"version-history":[{"count":0,"href":"https:\/\/arantv.az\/index.php?rest_route=\/wp\/v2\/posts\/33523\/revisions"}],"wp:featuredmedia":[{"embeddable":true,"href":"https:\/\/arantv.az\/index.php?rest_route=\/wp\/v2\/media\/33524"}],"wp:attachment":[{"href":"https:\/\/arantv.az\/index.php?rest_route=%2Fwp%2Fv2%2Fmedia&parent=33523"}],"wp:term":[{"taxonomy":"category","embeddable":true,"href":"https:\/\/arantv.az\/index.php?rest_route=%2Fwp%2Fv2%2Fcategories&post=33523"},{"taxonomy":"post_tag","embeddable":true,"href":"https:\/\/arantv.az\/index.php?rest_route=%2Fwp%2Fv2%2Ftags&post=33523"}],"curies":[{"name":"wp","href":"https:\/\/api.w.org\/{rel}","templated":true}]}}