{"id":33532,"date":"2019-01-19T11:13:46","date_gmt":"2019-01-19T08:13:46","guid":{"rendered":"http:\/\/arantv.az\/?p=33532"},"modified":"2019-01-19T11:13:46","modified_gmt":"2019-01-19T08:13:46","slug":"az%c9%99rbaycan-v%c9%99-zimbabve-prezidentl%c9%99rinin-gorusu-olub-foto","status":"publish","type":"post","link":"https:\/\/arantv.az\/?p=33532","title":{"rendered":"Az\u0259rbaycan v\u0259 Zimbabve prezidentl\u0259rinin g\u00f6r\u00fc\u015f\u00fc olub &#8211; FOTO"},"content":{"rendered":"<p>Yanvar\u0131n 19-da Az\u0259rbaycan Respublikas\u0131n\u0131n Prezidenti \u0130lham \u018fliyevin \u00f6lk\u0259miz\u0259 i\u015fg\u00fczar s\u0259f\u0259r\u0259 g\u0259l\u0259n Zimbabve Respublikas\u0131n\u0131n Prezidenti Emmerson Mnanqaqva il\u0259 g\u00f6r\u00fc\u015f\u00fc olub.<\/p>\n<p><strong>ARANTV.AZ<\/strong> az\u0259rtac-a istinad\u0259n x\u0259b\u0259r verir ki, d\u00f6vl\u0259timizin ba\u015f\u00e7\u0131s\u0131 Zimbabve Prezidentini qar\u015f\u0131lad\u0131.<\/p>\n<p>Sonra birg\u0259 foto \u00e7\u0259kdirildi.<\/p>\n<p>Daha sonra d\u00f6vl\u0259t ba\u015f\u00e7\u0131lar\u0131n\u0131n g\u00f6r\u00fc\u015f\u00fc oldu.<\/p>\n<p><img loading=\"lazy\" class=\"alignnone size-full wp-image-33533\" src=\"https:\/\/arantv.az\/wp-content\/uploads\/2019\/01\/722727_01.jpg\" alt=\"\" width=\"250\" height=\"207\" \/><img loading=\"lazy\" class=\"alignnone size-full wp-image-33535\" src=\"https:\/\/arantv.az\/wp-content\/uploads\/2019\/01\/722727_03.jpg\" alt=\"\" width=\"250\" height=\"178\" \/><img loading=\"lazy\" class=\"alignnone size-medium wp-image-33534\" src=\"https:\/\/arantv.az\/wp-content\/uploads\/2019\/01\/722727-300x225.jpg\" alt=\"\" width=\"300\" height=\"225\" \/><img loading=\"lazy\" class=\"alignnone size-full wp-image-33536\" src=\"https:\/\/arantv.az\/wp-content\/uploads\/2019\/01\/722727_09.jpg\" alt=\"\" width=\"250\" height=\"160\" \/><img loading=\"lazy\" class=\"alignnone size-full wp-image-33537\" src=\"https:\/\/arantv.az\/wp-content\/uploads\/2019\/01\/722727_07.jpg\" alt=\"\" width=\"250\" height=\"165\" \/><\/p>\n","protected":false},"excerpt":{"rendered":"<p>Yanvar\u0131n 19-da Az\u0259rbaycan Respublikas\u0131n\u0131n Prezidenti \u0130lham \u018fliyevin \u00f6lk\u0259miz\u0259 i\u015fg\u00fczar s\u0259f\u0259r\u0259 g\u0259l\u0259n Zimbabve Respublikas\u0131n\u0131n Prezidenti Emmerson Mnanqaqva il\u0259 g\u00f6r\u00fc\u015f\u00fc olub. ARANTV.AZ az\u0259rtac-a istinad\u0259n x\u0259b\u0259r verir ki, d\u00f6vl\u0259timizin ba\u015f\u00e7\u0131s\u0131 Zimbabve Prezidentini qar\u015f\u0131lad\u0131. Sonra birg\u0259 foto \u00e7\u0259kdirildi. Daha sonra d\u00f6vl\u0259t ba\u015f\u00e7\u0131lar\u0131n\u0131n g\u00f6r\u00fc\u015f\u00fc oldu.<\/p>\n","protected":false},"author":2,"featured_media":33534,"comment_status":"closed","ping_status":"closed","sticky":false,"template":"","format":"standard","meta":{"om_disable_all_campaigns":false,"_monsterinsights_skip_tracking":false,"_monsterinsights_sitenote_active":false,"_monsterinsights_sitenote_note":"","_monsterinsights_sitenote_category":0},"categories":[8],"tags":[],"aioseo_notices":[],"gutentor_comment":0,"rttpg_featured_image_url":{"full":["https:\/\/arantv.az\/wp-content\/uploads\/2019\/01\/722727.jpg",800,600,false],"landscape":["https:\/\/arantv.az\/wp-content\/uploads\/2019\/01\/722727.jpg",800,600,false],"portraits":["https:\/\/arantv.az\/wp-content\/uploads\/2019\/01\/722727.jpg",800,600,false],"thumbnail":["https:\/\/arantv.az\/wp-content\/uploads\/2019\/01\/722727-150x150.jpg",150,150,true],"medium":["https:\/\/arantv.az\/wp-content\/uploads\/2019\/01\/722727-300x225.jpg",300,225,true],"large":["https:\/\/arantv.az\/wp-content\/uploads\/2019\/01\/722727.jpg",640,480,false],"1536x1536":["https:\/\/arantv.az\/wp-content\/uploads\/2019\/01\/722727.jpg",800,600,false],"2048x2048":["https:\/\/arantv.az\/wp-content\/uploads\/2019\/01\/722727.jpg",800,600,false],"post-thumbnail":["https:\/\/arantv.az\/wp-content\/uploads\/2019\/01\/722727-240x172.jpg",240,172,true],"advps-thumb-one":["https:\/\/arantv.az\/wp-content\/uploads\/2019\/01\/722727.jpg",800,600,false]},"rttpg_author":{"display_name":"V\u00fcsal Rafiqo\u011flu","author_link":"https:\/\/arantv.az\/?author=2"},"rttpg_comment":0,"rttpg_category":"<a href=\"https:\/\/arantv.az\/?cat=8\" rel=\"category\">\u018fsas s\u0259hif\u0259<\/a>","rttpg_excerpt":"Yanvar\u0131n 19-da Az\u0259rbaycan Respublikas\u0131n\u0131n Prezidenti \u0130lham \u018fliyevin \u00f6lk\u0259miz\u0259 i\u015fg\u00fczar s\u0259f\u0259r\u0259 g\u0259l\u0259n Zimbabve Respublikas\u0131n\u0131n Prezidenti Emmerson Mnanqaqva il\u0259 g\u00f6r\u00fc\u015f\u00fc olub. ARANTV.AZ az\u0259rtac-a istinad\u0259n x\u0259b\u0259r verir ki, d\u00f6vl\u0259timizin ba\u015f\u00e7\u0131s\u0131 Zimbabve Prezidentini qar\u015f\u0131lad\u0131. Sonra birg\u0259 foto \u00e7\u0259kdirildi. Daha sonra d\u00f6vl\u0259t ba\u015f\u00e7\u0131lar\u0131n\u0131n g\u00f6r\u00fc\u015f\u00fc oldu.","_links":{"self":[{"href":"https:\/\/arantv.az\/index.php?rest_route=\/wp\/v2\/posts\/33532"}],"collection":[{"href":"https:\/\/arantv.az\/index.php?rest_route=\/wp\/v2\/posts"}],"about":[{"href":"https:\/\/arantv.az\/index.php?rest_route=\/wp\/v2\/types\/post"}],"author":[{"embeddable":true,"href":"https:\/\/arantv.az\/index.php?rest_route=\/wp\/v2\/users\/2"}],"replies":[{"embeddable":true,"href":"https:\/\/arantv.az\/index.php?rest_route=%2Fwp%2Fv2%2Fcomments&post=33532"}],"version-history":[{"count":0,"href":"https:\/\/arantv.az\/index.php?rest_route=\/wp\/v2\/posts\/33532\/revisions"}],"wp:featuredmedia":[{"embeddable":true,"href":"https:\/\/arantv.az\/index.php?rest_route=\/wp\/v2\/media\/33534"}],"wp:attachment":[{"href":"https:\/\/arantv.az\/index.php?rest_route=%2Fwp%2Fv2%2Fmedia&parent=33532"}],"wp:term":[{"taxonomy":"category","embeddable":true,"href":"https:\/\/arantv.az\/index.php?rest_route=%2Fwp%2Fv2%2Fcategories&post=33532"},{"taxonomy":"post_tag","embeddable":true,"href":"https:\/\/arantv.az\/index.php?rest_route=%2Fwp%2Fv2%2Ftags&post=33532"}],"curies":[{"name":"wp","href":"https:\/\/api.w.org\/{rel}","templated":true}]}}