{"id":337024,"date":"2021-05-12T12:02:18","date_gmt":"2021-05-12T09:02:18","guid":{"rendered":"https:\/\/arantv.az\/?p=337024"},"modified":"2021-05-12T12:02:18","modified_gmt":"2021-05-12T09:02:18","slug":"k%c9%99lb%c9%99c%c9%99r%c9%99-ged%c9%99n-butun-yollarin-minalanmasi-%c9%99mrini-kim-vermisdi-video","status":"publish","type":"post","link":"https:\/\/arantv.az\/?p=337024","title":{"rendered":"K\u0259lb\u0259c\u0259r\u0259 ged\u0259n b\u00fct\u00fcn yollar\u0131n minalanmas\u0131 \u0259mrini kim vermi\u015fdi? &#8211; V\u0130DEO"},"content":{"rendered":"<p>Qaraba\u011f m\u00fcnaqi\u015f\u0259si h\u0259ll olunduqdan sonra i\u015f\u011faldan azad edilmi\u015f \u0259razil\u0259rd\u0259 \u0259n b\u00f6y\u00fck t\u0259hl\u00fck\u0259 minalard\u0131r.<\/p>\n<p>Mina partlay\u0131\u015f\u0131na m\u0259ruz qalan \u015f\u0259xsin \u00f6lm\u0259k t\u0259hl\u00fck\u0259si, \u0259n yax\u015f\u0131\u00a0halda is\u0259 \u00f6m\u00fcrl\u00fck \u0259lil qalmaq riski var.<\/p>\n<p>R\u0259smi a\u00e7\u0131qlamaya g\u00f6r\u0259, Qaraba\u011fda m\u00fcharib\u0259 bitdikd\u0259n sonra i\u015f\u011faldan azad olunmu\u015f \u0259razil\u0259rimizd\u0259 mina partlamas\u0131 n\u0259tic\u0259sind\u0259 aralar\u0131nda 14 n\u0259f\u0259ri m\u00fclki \u015f\u0259xs olmaqla, 20 Az\u0259rbaycan v\u0259t\u0259nda\u015f\u0131 h\u0259lak olub, 85 v\u0259t\u0259nda\u015f is\u0259 yaralan\u0131b.<\/p>\n<p>\u018frazil\u0259rin minalardan t\u0259mizl\u0259nm\u0259si \u00fc\u00e7\u00fcn intensiv i\u015fl\u0259r apar\u0131l\u0131r, lakin ortaya \u00e7\u0259tinlikl\u0259r d\u0259 \u00e7\u0131x\u0131r.<\/p>\n<p>\u00dcmumiyy\u0259tl\u0259 \u0259razil\u0259rin minalardan t\u0259mizl\u0259nm\u0259si \u00fc\u00e7\u00fcn b\u00fct\u00fcn m\u00fcvafiq resurslar c\u0259lb olunsa da, bizd\u0259n as\u0131l\u0131 olmayan s\u0259b\u0259bl\u0259rd\u0259n proses uzun \u00e7\u0259kir.<\/p>\n<p>Problemi d\u0259rinl\u0259\u015fdir\u0259n m\u0259s\u0259l\u0259l\u0259rd\u0259n biri d\u0259 Erm\u0259nistan\u0131n mina x\u0259rit\u0259l\u0259rini Az\u0259rbaycana t\u0259qdim etm\u0259kd\u0259n imtina etm\u0259sidir.<\/p>\n<p>Minalar i\u015f\u011fal m\u00fcdd\u0259tind\u0259 daha \u00e7ox erm\u0259nil\u0259rin yaratd\u0131\u011f\u0131 m\u00fcdafi\u0259 x\u0259tl\u0259rind\u0259 basd\u0131r\u0131lm\u0131\u015fd\u0131. Ancaq ke\u00e7mi\u015f t\u0259mas x\u0259ttind\u0259n xeyli uzaqda da minalar var, bunula ba\u011fl\u0131 h\u0259r g\u00fcn yeni faktlarla qar\u015f\u0131la\u015f\u0131r\u0131q.<\/p>\n<p>M\u0259s\u0259l\u0259n, bu yax\u0131nlarda K\u0259lb\u0259c\u0259rd\u0259 qar \u0259riy\u0259nd\u0259n sonra xeyli sayda mina \u00fcz\u0259 \u00e7\u0131xd\u0131.<\/p>\n<p>Mina t\u0259hl\u00fck\u0259sinin miqyas\u0131n\u0131n co\u011frafi bax\u0131mdan da geni\u015f \u0259razil\u0259ri \u0259hat\u0259 etdiyini s\u00f6yl\u0259m\u0259k olar.<\/p>\n<p>Erm\u0259nistan\u0131n K\u0259lb\u0259c\u0259rd\u0259 minalar basd\u0131rmas\u0131 il\u0259 ba\u011fl\u0131 r\u0259smi a\u00e7\u0131qlaman\u0131n tarixi 2014-c\u00fc il\u0259 gedib \u00e7\u0131x\u0131r. Erm\u0259nistan r\u0259smi \u015f\u0259kild\u0259 b\u0259yan etmi\u015fdi ki, K\u0259lbc\u0259r\u0259 ged\u0259n b\u00fct\u00fcn yollar minalan\u0131b.<\/p>\n<p>Bu bar\u0259d\u0259 o zamank\u0131 M\u00fcdafi\u0259 naziri Seyran Ohanyan g\u00f6st\u0259ri\u015f vermi\u015fdi.<\/p>\n<p>Erm\u0259nistan bu add\u0131m\u0131n\u0131 Dilq\u0259m \u018fsg\u0259rov, \u015eahbaz Quliyev, H\u0259s\u0259n H\u0259s\u0259novun (m\u0259rhum) K\u0259lb\u0259c\u0259r\u0259 s\u0259f\u0259r etm\u0259si il\u0259 \u0259laq\u0259l\u0259ndirirdi.<\/p>\n<p>Bir s\u00f6zl\u0259, \u00fc\u00e7 az\u0259rbaycanl\u0131n\u0131n \u00f6z-d\u0259d\u0259 baba yurdlar\u0131na getm\u0259si Erm\u0259nistan\u0131 \u0259m\u0259lli-ba\u015fl\u0131 qorxuya salm\u0131\u015fd\u0131 v\u0259 K\u0259lb\u0259c\u0259r ged\u0259n b\u00fct\u00fcn yollar\u0131n minalanmas\u0131n\u0131 a\u015fkar \u015f\u0259kild\u0259 b\u0259yan edirdil\u0259r.<\/p>\n<p>Bu ilin may\u0131nda is\u0259 K\u0259lb\u0259c\u0259rd\u0259 qar \u0259ridikd\u0259n sonra minalar\u0131n ortaya \u00e7\u0131xmas\u0131 iki versiyan\u0131 \u00f6n\u0259 \u00e7\u0131xar\u0131r: Ya h\u0259min minalar i\u015f\u011fal m\u00fcdd\u0259tind\u0259 basd\u0131r\u0131l\u0131b, ya da erm\u0259ni qo\u015funlar\u0131 K\u0259lb\u0259c\u0259ri t\u0259rk ed\u0259rk\u0259n biz\u0259 \u201cmiras\u201d qoyublar.<\/p>\n<p>\u0130ndi v\u0259t\u0259nda\u015flar qanunsuz yollarla i\u015f\u011faldan azad edilmi\u015f \u0259razil\u0259r\u0259 ke\u00e7m\u0259y\u0259 c\u0259hd etm\u0259k bar\u0259d\u0259 d\u00fc\u015f\u00fcnm\u0259s\u0259l\u0259r yax\u015f\u0131d\u0131r. \u00c7\u00fcnki mina h\u0259r yerd\u0259dir v\u0259 h\u0259r an partlay\u0131\u015f\u0131n qurban\u0131 ola bil\u0259rl\u0259r.<\/p>\n<div><iframe loading=\"lazy\" title=\"YouTube video player\" src=\"https:\/\/www.youtube.com\/embed\/BB07KpNcAbw\" width=\"560\" height=\"315\" frameborder=\"0\" allowfullscreen=\"allowfullscreen\" data-mce-fragment=\"1\"><\/iframe><\/div>\n<p>&nbsp;<\/p>\n","protected":false},"excerpt":{"rendered":"<p>Qaraba\u011f m\u00fcnaqi\u015f\u0259si h\u0259ll olunduqdan sonra i\u015f\u011faldan azad edilmi\u015f \u0259razil\u0259rd\u0259 \u0259n b\u00f6y\u00fck t\u0259hl\u00fck\u0259 minalard\u0131r. Mina partlay\u0131\u015f\u0131na m\u0259ruz qalan \u015f\u0259xsin \u00f6lm\u0259k t\u0259hl\u00fck\u0259si, \u0259n yax\u015f\u0131\u00a0halda is\u0259 \u00f6m\u00fcrl\u00fck \u0259lil qalmaq riski var. R\u0259smi a\u00e7\u0131qlamaya g\u00f6r\u0259, Qaraba\u011fda m\u00fcharib\u0259 bitdikd\u0259n sonra i\u015f\u011faldan azad olunmu\u015f \u0259razil\u0259rimizd\u0259 mina partlamas\u0131 n\u0259tic\u0259sind\u0259 aralar\u0131nda 14 n\u0259f\u0259ri m\u00fclki \u015f\u0259xs olmaqla, 20 Az\u0259rbaycan v\u0259t\u0259nda\u015f\u0131 h\u0259lak olub, 85 v\u0259t\u0259nda\u015f is\u0259 yaralan\u0131b. \u018frazil\u0259rin minalardan t\u0259mizl\u0259nm\u0259si \u00fc\u00e7\u00fcn intensiv i\u015fl\u0259r apar\u0131l\u0131r, lakin ortaya \u00e7\u0259tinlikl\u0259r d\u0259 \u00e7\u0131x\u0131r. \u00dcmumiyy\u0259tl\u0259 \u0259razil\u0259rin minalardan t\u0259mizl\u0259nm\u0259si \u00fc\u00e7\u00fcn b\u00fct\u00fcn m\u00fcvafiq resurslar c\u0259lb olunsa da, bizd\u0259n as\u0131l\u0131 olmayan s\u0259b\u0259bl\u0259rd\u0259n proses uzun \u00e7\u0259kir. Problemi d\u0259rinl\u0259\u015fdir\u0259n m\u0259s\u0259l\u0259l\u0259rd\u0259n&hellip;<\/p>\n","protected":false},"author":2,"featured_media":337025,"comment_status":"closed","ping_status":"closed","sticky":false,"template":"","format":"standard","meta":{"om_disable_all_campaigns":false,"_monsterinsights_skip_tracking":false,"_monsterinsights_sitenote_active":false,"_monsterinsights_sitenote_note":"","_monsterinsights_sitenote_category":0},"categories":[4],"tags":[],"aioseo_notices":[],"gutentor_comment":0,"rttpg_featured_image_url":{"full":["https:\/\/arantv.az\/wp-content\/uploads\/2021\/05\/16207192802791012602_1000x669.jpg",620,446,false],"landscape":["https:\/\/arantv.az\/wp-content\/uploads\/2021\/05\/16207192802791012602_1000x669.jpg",620,446,false],"portraits":["https:\/\/arantv.az\/wp-content\/uploads\/2021\/05\/16207192802791012602_1000x669.jpg",620,446,false],"thumbnail":["https:\/\/arantv.az\/wp-content\/uploads\/2021\/05\/16207192802791012602_1000x669-500x280.jpg",500,280,true],"medium":["https:\/\/arantv.az\/wp-content\/uploads\/2021\/05\/16207192802791012602_1000x669-507x365.jpg",507,365,true],"large":["https:\/\/arantv.az\/wp-content\/uploads\/2021\/05\/16207192802791012602_1000x669.jpg",620,446,false],"1536x1536":["https:\/\/arantv.az\/wp-content\/uploads\/2021\/05\/16207192802791012602_1000x669.jpg",620,446,false],"2048x2048":["https:\/\/arantv.az\/wp-content\/uploads\/2021\/05\/16207192802791012602_1000x669.jpg",620,446,false],"post-thumbnail":["https:\/\/arantv.az\/wp-content\/uploads\/2021\/05\/16207192802791012602_1000x669-240x172.jpg",240,172,true],"advps-thumb-one":["https:\/\/arantv.az\/wp-content\/uploads\/2021\/05\/16207192802791012602_1000x669.jpg",620,446,false]},"rttpg_author":{"display_name":"V\u00fcsal Rafiqo\u011flu","author_link":"https:\/\/arantv.az\/?author=2"},"rttpg_comment":0,"rttpg_category":"<a href=\"https:\/\/arantv.az\/?cat=4\" rel=\"category\">Siyas\u0259t<\/a>","rttpg_excerpt":"Qaraba\u011f m\u00fcnaqi\u015f\u0259si h\u0259ll olunduqdan sonra i\u015f\u011faldan azad edilmi\u015f \u0259razil\u0259rd\u0259 \u0259n b\u00f6y\u00fck t\u0259hl\u00fck\u0259 minalard\u0131r. Mina partlay\u0131\u015f\u0131na m\u0259ruz qalan \u015f\u0259xsin \u00f6lm\u0259k t\u0259hl\u00fck\u0259si, \u0259n yax\u015f\u0131\u00a0halda is\u0259 \u00f6m\u00fcrl\u00fck \u0259lil qalmaq riski var. R\u0259smi a\u00e7\u0131qlamaya g\u00f6r\u0259, Qaraba\u011fda m\u00fcharib\u0259 bitdikd\u0259n sonra i\u015f\u011faldan azad olunmu\u015f \u0259razil\u0259rimizd\u0259 mina partlamas\u0131 n\u0259tic\u0259sind\u0259 aralar\u0131nda 14 n\u0259f\u0259ri m\u00fclki \u015f\u0259xs olmaqla, 20 Az\u0259rbaycan v\u0259t\u0259nda\u015f\u0131 h\u0259lak olub, 85 v\u0259t\u0259nda\u015f&hellip;","_links":{"self":[{"href":"https:\/\/arantv.az\/index.php?rest_route=\/wp\/v2\/posts\/337024"}],"collection":[{"href":"https:\/\/arantv.az\/index.php?rest_route=\/wp\/v2\/posts"}],"about":[{"href":"https:\/\/arantv.az\/index.php?rest_route=\/wp\/v2\/types\/post"}],"author":[{"embeddable":true,"href":"https:\/\/arantv.az\/index.php?rest_route=\/wp\/v2\/users\/2"}],"replies":[{"embeddable":true,"href":"https:\/\/arantv.az\/index.php?rest_route=%2Fwp%2Fv2%2Fcomments&post=337024"}],"version-history":[{"count":0,"href":"https:\/\/arantv.az\/index.php?rest_route=\/wp\/v2\/posts\/337024\/revisions"}],"wp:featuredmedia":[{"embeddable":true,"href":"https:\/\/arantv.az\/index.php?rest_route=\/wp\/v2\/media\/337025"}],"wp:attachment":[{"href":"https:\/\/arantv.az\/index.php?rest_route=%2Fwp%2Fv2%2Fmedia&parent=337024"}],"wp:term":[{"taxonomy":"category","embeddable":true,"href":"https:\/\/arantv.az\/index.php?rest_route=%2Fwp%2Fv2%2Fcategories&post=337024"},{"taxonomy":"post_tag","embeddable":true,"href":"https:\/\/arantv.az\/index.php?rest_route=%2Fwp%2Fv2%2Ftags&post=337024"}],"curies":[{"name":"wp","href":"https:\/\/api.w.org\/{rel}","templated":true}]}}