{"id":337027,"date":"2021-05-12T12:02:52","date_gmt":"2021-05-12T09:02:52","guid":{"rendered":"https:\/\/arantv.az\/?p=337027"},"modified":"2021-05-12T12:02:52","modified_gmt":"2021-05-12T09:02:52","slug":"abs-da-yeddi-muharib%c9%99-veteranini-oldur%c9%99n-tibb-bacisinin-c%c9%99zasi-aciqlandi","status":"publish","type":"post","link":"https:\/\/arantv.az\/?p=337027","title":{"rendered":"AB\u015e-da yeddi m\u00fcharib\u0259 veteran\u0131n\u0131 \u00f6ld\u00fcr\u0259n tibb bac\u0131s\u0131n\u0131n c\u0259zas\u0131 a\u00e7\u0131qland\u0131"},"content":{"rendered":"<p>AB\u015e-\u0131n Q\u0259rbi Virciniya \u015ftat\u0131nda yeddi m\u00fcharib\u0259 veteran\u0131n\u0131 insulinin t\u0259hl\u00fck\u0259li dozas\u0131 il\u0259 \u00f6ld\u00fcrm\u00fc\u015f tibb bac\u0131s\u0131 Reta Meys\u0259\u00a0\u00f6m\u00fcrl\u00fck h\u0259bs c\u0259zas\u0131 verilib.<\/p>\n<p>Bu bar\u0259d\u0259 \u201cUSA Today\u201d n\u0259\u015fri m\u0259lumat yay\u0131b.<\/p>\n<div id=\"AdviadNativeVideo0\" class=\"AdviadNativeVideo\">\n<div class=\"adviad-inboard sm-screen\">\n<div>\n<div class=\"adviad-ui-components-label\">\n<p>Bel\u0259 ki, tibb bac\u0131s\u0131 2017-ci ilin iyulundan 2018-ci ilin iyununad\u0259k Klarksburq \u015f\u0259h\u0259rind\u0259 \u0130kinci D\u00fcnya\u00a0v\u0259 Koreya M\u00fcharib\u0259sind\u0259\u00a0d\u00f6y\u00fc\u015fm\u00fc\u015f m\u00fcharib\u0259 veteranlar\u0131na inyeksiya vasit\u0259sil\u0259 insulinin \u00f6l\u00fcmc\u00fcl dozas\u0131n\u0131 vurub.<\/p>\n<p>R.Meys\u00a0q\u0259tll\u0259ri gec\u0259 n\u00f6vb\u0259sind\u0259 olark\u0259n\u00a0h\u0259yata ke\u00e7irib.<\/p>\n<\/div>\n<\/div>\n<\/div>\n<\/div>\n","protected":false},"excerpt":{"rendered":"<p>AB\u015e-\u0131n Q\u0259rbi Virciniya \u015ftat\u0131nda yeddi m\u00fcharib\u0259 veteran\u0131n\u0131 insulinin t\u0259hl\u00fck\u0259li dozas\u0131 il\u0259 \u00f6ld\u00fcrm\u00fc\u015f tibb bac\u0131s\u0131 Reta Meys\u0259\u00a0\u00f6m\u00fcrl\u00fck h\u0259bs c\u0259zas\u0131 verilib. Bu bar\u0259d\u0259 \u201cUSA Today\u201d n\u0259\u015fri m\u0259lumat yay\u0131b. Bel\u0259 ki, tibb bac\u0131s\u0131 2017-ci ilin iyulundan 2018-ci ilin iyununad\u0259k Klarksburq \u015f\u0259h\u0259rind\u0259 \u0130kinci D\u00fcnya\u00a0v\u0259 Koreya M\u00fcharib\u0259sind\u0259\u00a0d\u00f6y\u00fc\u015fm\u00fc\u015f m\u00fcharib\u0259 veteranlar\u0131na inyeksiya vasit\u0259sil\u0259 insulinin \u00f6l\u00fcmc\u00fcl dozas\u0131n\u0131 vurub. R.Meys\u00a0q\u0259tll\u0259ri gec\u0259 n\u00f6vb\u0259sind\u0259 olark\u0259n\u00a0h\u0259yata ke\u00e7irib.<\/p>\n","protected":false},"author":2,"featured_media":337028,"comment_status":"closed","ping_status":"closed","sticky":false,"template":"","format":"standard","meta":{"om_disable_all_campaigns":false,"_monsterinsights_skip_tracking":false,"_monsterinsights_sitenote_active":false,"_monsterinsights_sitenote_note":"","_monsterinsights_sitenote_category":0},"categories":[7],"tags":[],"aioseo_notices":[],"gutentor_comment":0,"rttpg_featured_image_url":{"full":["https:\/\/arantv.az\/wp-content\/uploads\/2021\/05\/500x339-min.jpg",500,339,false],"landscape":["https:\/\/arantv.az\/wp-content\/uploads\/2021\/05\/500x339-min.jpg",500,339,false],"portraits":["https:\/\/arantv.az\/wp-content\/uploads\/2021\/05\/500x339-min.jpg",500,339,false],"thumbnail":["https:\/\/arantv.az\/wp-content\/uploads\/2021\/05\/500x339-min-500x280.jpg",500,280,true],"medium":["https:\/\/arantv.az\/wp-content\/uploads\/2021\/05\/500x339-min.jpg",500,339,false],"large":["https:\/\/arantv.az\/wp-content\/uploads\/2021\/05\/500x339-min.jpg",500,339,false],"1536x1536":["https:\/\/arantv.az\/wp-content\/uploads\/2021\/05\/500x339-min.jpg",500,339,false],"2048x2048":["https:\/\/arantv.az\/wp-content\/uploads\/2021\/05\/500x339-min.jpg",500,339,false],"post-thumbnail":["https:\/\/arantv.az\/wp-content\/uploads\/2021\/05\/500x339-min-240x172.jpg",240,172,true],"advps-thumb-one":["https:\/\/arantv.az\/wp-content\/uploads\/2021\/05\/500x339-min.jpg",500,339,false]},"rttpg_author":{"display_name":"V\u00fcsal Rafiqo\u011flu","author_link":"https:\/\/arantv.az\/?author=2"},"rttpg_comment":0,"rttpg_category":"<a href=\"https:\/\/arantv.az\/?cat=7\" rel=\"category\">D\u00fcnya<\/a>","rttpg_excerpt":"AB\u015e-\u0131n Q\u0259rbi Virciniya \u015ftat\u0131nda yeddi m\u00fcharib\u0259 veteran\u0131n\u0131 insulinin t\u0259hl\u00fck\u0259li dozas\u0131 il\u0259 \u00f6ld\u00fcrm\u00fc\u015f tibb bac\u0131s\u0131 Reta Meys\u0259\u00a0\u00f6m\u00fcrl\u00fck h\u0259bs c\u0259zas\u0131 verilib. Bu bar\u0259d\u0259 \u201cUSA Today\u201d n\u0259\u015fri m\u0259lumat yay\u0131b. Bel\u0259 ki, tibb bac\u0131s\u0131 2017-ci ilin iyulundan 2018-ci ilin iyununad\u0259k Klarksburq \u015f\u0259h\u0259rind\u0259 \u0130kinci D\u00fcnya\u00a0v\u0259 Koreya M\u00fcharib\u0259sind\u0259\u00a0d\u00f6y\u00fc\u015fm\u00fc\u015f m\u00fcharib\u0259 veteranlar\u0131na inyeksiya vasit\u0259sil\u0259 insulinin \u00f6l\u00fcmc\u00fcl dozas\u0131n\u0131 vurub. R.Meys\u00a0q\u0259tll\u0259ri gec\u0259 n\u00f6vb\u0259sind\u0259 olark\u0259n\u00a0h\u0259yata ke\u00e7irib.","_links":{"self":[{"href":"https:\/\/arantv.az\/index.php?rest_route=\/wp\/v2\/posts\/337027"}],"collection":[{"href":"https:\/\/arantv.az\/index.php?rest_route=\/wp\/v2\/posts"}],"about":[{"href":"https:\/\/arantv.az\/index.php?rest_route=\/wp\/v2\/types\/post"}],"author":[{"embeddable":true,"href":"https:\/\/arantv.az\/index.php?rest_route=\/wp\/v2\/users\/2"}],"replies":[{"embeddable":true,"href":"https:\/\/arantv.az\/index.php?rest_route=%2Fwp%2Fv2%2Fcomments&post=337027"}],"version-history":[{"count":0,"href":"https:\/\/arantv.az\/index.php?rest_route=\/wp\/v2\/posts\/337027\/revisions"}],"wp:featuredmedia":[{"embeddable":true,"href":"https:\/\/arantv.az\/index.php?rest_route=\/wp\/v2\/media\/337028"}],"wp:attachment":[{"href":"https:\/\/arantv.az\/index.php?rest_route=%2Fwp%2Fv2%2Fmedia&parent=337027"}],"wp:term":[{"taxonomy":"category","embeddable":true,"href":"https:\/\/arantv.az\/index.php?rest_route=%2Fwp%2Fv2%2Fcategories&post=337027"},{"taxonomy":"post_tag","embeddable":true,"href":"https:\/\/arantv.az\/index.php?rest_route=%2Fwp%2Fv2%2Ftags&post=337027"}],"curies":[{"name":"wp","href":"https:\/\/api.w.org\/{rel}","templated":true}]}}