{"id":337033,"date":"2021-05-12T12:04:11","date_gmt":"2021-05-12T09:04:11","guid":{"rendered":"https:\/\/arantv.az\/?p=337033"},"modified":"2021-05-12T12:04:11","modified_gmt":"2021-05-12T09:04:11","slug":"peru-m%c9%99tbuati-qarabagdaki-erm%c9%99ni-vandalizmind%c9%99n-yazib","status":"publish","type":"post","link":"https:\/\/arantv.az\/?p=337033","title":{"rendered":"Peru m\u0259tbuat\u0131 Qaraba\u011fdak\u0131 erm\u0259ni vandalizmind\u0259n yaz\u0131b"},"content":{"rendered":"<p>Perunun tan\u0131nm\u0131\u015f K\u0130V-l\u0259rind\u0259n \u201cLa Republica\u201d q\u0259zetind\u0259 bu \u00f6lk\u0259d\u0259ki s\u0259firimiz M\u0259mm\u0259d Tal\u0131bovun Qaraba\u011fda m\u00fcharib\u0259d\u0259n sonrak\u0131 v\u0259ziyy\u0259t, burada m\u00fc\u015fahid\u0259 olunan erm\u0259ni vandalizmi, Az\u0259rbaycan\u0131n apard\u0131\u011f\u0131 b\u0259rpa v\u0259 yenid\u0259nqurma i\u015fl\u0259ri, qar\u015f\u0131ya \u00e7\u0131xan \u00e7\u0259tinlikl\u0259r v\u0259 regionda davaml\u0131 s\u00fclh\u00fcn \u015f\u0259rtl\u0259ri bar\u0259d\u0259\u00a0<a href=\"https:\/\/larepublica.pe\/mundo\/2021\/05\/10\/mammad-talibov-armenia-tiene-que-dejar-sus-rencores-con-sus-vecinos\/\" target=\"_blank\" rel=\"noopener\">m\u00fcsahib\u0259si<\/a>\u00a0d\u0259rc olunub.<\/p>\n<p>Bu bar\u0259d\u0259 Az\u0259rbaycan\u0131n Meksikadak\u0131 s\u0259firliyi m\u0259lumat yay\u0131b.<\/p>\n<p>M\u00fcsahib\u0259d\u0259 b\u00f6lg\u0259d\u0259 m\u00fcnaqi\u015f\u0259 sonras\u0131 geosiyasi durumla \u0259laq\u0259dar 44 g\u00fcnl\u00fck m\u00fcharib\u0259nin yekununda Az\u0259rbaycan \u0259razil\u0259rinin i\u015f\u011faldan azad edildiyi, m\u00fcnaqi\u015f\u0259nin bitmi\u015f say\u0131ld\u0131\u011f\u0131, regionda n\u0259qliyyat v\u0259 kommunikasiyalar\u0131n a\u00e7\u0131lmas\u0131 haqda raz\u0131l\u0131q \u0259ld\u0259 olundu\u011fu v\u0259 haz\u0131rda \u00f6lk\u0259mizin b\u00f6lg\u0259nin iqtisadi dir\u00e7\u0259li\u015fi istiqam\u0259tind\u0259 \u00f6n\u0259mli s\u0259yl\u0259r g\u00f6st\u0259rdiyi bildirilir.<\/p>\n<p>30 il\u0259 yax\u0131n davam ed\u0259n i\u015f\u011fal m\u00fcdd\u0259tind\u0259 Az\u0259rbaycan \u0259razisinin be\u015fd\u0259 birinin Erm\u0259nistan t\u0259r\u0259find\u0259n tamamil\u0259 da\u011f\u0131d\u0131ld\u0131\u011f\u0131, vaxtil\u0259 1 milyona yax\u0131n az\u0259rbaycanl\u0131 \u0259halinin ya\u015fad\u0131\u011f\u0131 v\u0259 haz\u0131rda viran\u0259y\u0259 \u00e7evrilmi\u015f bu torpaqlarda erm\u0259nil\u0259rin k\u00fctl\u0259vi minalama aparm\u0131\u015f olmas\u0131 v\u0259 beyn\u0259lxalq humanitar h\u00fcquqa zidd olaraq h\u0259min partlay\u0131c\u0131 qur\u011fular\u0131n yerl\u0259\u015fm\u0259 x\u0259rit\u0259sini verm\u0259kd\u0259n imtina etm\u0259si s\u0259b\u0259bind\u0259n soyda\u015flar\u0131m\u0131z\u0131n bu g\u00fcn d\u0259 \u00f6z yurdlar\u0131na qay\u0131da bilm\u0259diyi qeyd olunur.<\/p>\n<p>Az\u0259rbaycan h\u00f6kum\u0259tinin \u0259n \u00f6nc\u00fcl m\u0259qs\u0259dinin az\u0259rbaycanl\u0131 m\u0259cburi k\u00f6\u00e7k\u00fcnl\u0259rin m\u00fcmk\u00fcn q\u0259d\u0259r q\u0131sa zamanda evl\u0259rin\u0259 qay\u0131d\u0131\u015f\u0131n\u0131 t\u0259min etm\u0259k oldu\u011fu, bu m\u0259qs\u0259dl\u0259 b\u00f6lg\u0259d\u0259 intensiv minat\u0259mizl\u0259m\u0259 v\u0259 infrastrukturun b\u0259rpa edilm\u0259si, bu x\u00fcsusda n\u0259qliyyat yollar\u0131, hava limanlar\u0131, hospital, m\u0259kt\u0259b, \u201ca\u011f\u0131ll\u0131 k\u0259ndl\u0259r\u201d v\u0259 dig\u0259r layih\u0259l\u0259rin h\u0259yata ke\u00e7irilm\u0259kd\u0259 oldu\u011fu, T\u00fcrkiy\u0259, \u0130taliya, \u0130srail kimi dost \u00f6lk\u0259l\u0259rd\u0259n olan \u015firk\u0259tl\u0259rin d\u0259 \u0259n innovativ texnologiyalarla bu i\u015fl\u0259r\u0259 c\u0259lb edildiyi haqq\u0131nda m\u0259lumat verilir.<\/p>\n<p>Bununla yana\u015f\u0131, m\u00fcnaqi\u015f\u0259nin t\u0259sirin\u0259 m\u0259ruz qalm\u0131\u015f \u0259razil\u0259rd\u0259 onillikl\u0259r \u0259rzind\u0259 Erm\u0259nistan t\u0259r\u0259find\u0259n da\u011f\u0131d\u0131lm\u0131\u015f tarixi-m\u0259d\u0259ni abid\u0259l\u0259rimizin restavrasiyas\u0131 i\u015fl\u0259rinin apar\u0131ld\u0131\u011f\u0131 deyilir.<\/p>\n<p>B\u00f6lg\u0259d\u0259 davaml\u0131 s\u00fclh\u00fcn t\u0259min edilm\u0259sinin ba\u015fl\u0131ca \u015f\u0259rtl\u0259ri haqda suala m\u00fcnasib\u0259td\u0259 ke\u00e7mi\u015f m\u00fcnaqi\u015f\u0259 t\u0259r\u0259fl\u0259rinin bir-birinin \u0259razi b\u00fct\u00f6vl\u00fcy\u00fcn\u00fc qar\u015f\u0131l\u0131ql\u0131 \u015f\u0259kild\u0259 tan\u0131mal\u0131, eyni zamanda Erm\u0259nistan\u0131n qon\u015fular\u0131na qar\u015f\u0131 nifr\u0259t siyas\u0259tind\u0259n \u0259l \u00e7\u0259km\u0259li v\u0259 xalq\u0131n\u0131 bar\u0131\u015f\u0131\u011fa haz\u0131rlamal\u0131 oldu\u011fu s\u00f6yl\u0259nilir.<\/p>\n","protected":false},"excerpt":{"rendered":"<p>Perunun tan\u0131nm\u0131\u015f K\u0130V-l\u0259rind\u0259n \u201cLa Republica\u201d q\u0259zetind\u0259 bu \u00f6lk\u0259d\u0259ki s\u0259firimiz M\u0259mm\u0259d Tal\u0131bovun Qaraba\u011fda m\u00fcharib\u0259d\u0259n sonrak\u0131 v\u0259ziyy\u0259t, burada m\u00fc\u015fahid\u0259 olunan erm\u0259ni vandalizmi, Az\u0259rbaycan\u0131n apard\u0131\u011f\u0131 b\u0259rpa v\u0259 yenid\u0259nqurma i\u015fl\u0259ri, qar\u015f\u0131ya \u00e7\u0131xan \u00e7\u0259tinlikl\u0259r v\u0259 regionda davaml\u0131 s\u00fclh\u00fcn \u015f\u0259rtl\u0259ri bar\u0259d\u0259\u00a0m\u00fcsahib\u0259si\u00a0d\u0259rc olunub. Bu bar\u0259d\u0259 Az\u0259rbaycan\u0131n Meksikadak\u0131 s\u0259firliyi m\u0259lumat yay\u0131b. M\u00fcsahib\u0259d\u0259 b\u00f6lg\u0259d\u0259 m\u00fcnaqi\u015f\u0259 sonras\u0131 geosiyasi durumla \u0259laq\u0259dar 44 g\u00fcnl\u00fck m\u00fcharib\u0259nin yekununda Az\u0259rbaycan \u0259razil\u0259rinin i\u015f\u011faldan azad edildiyi, m\u00fcnaqi\u015f\u0259nin bitmi\u015f say\u0131ld\u0131\u011f\u0131, regionda n\u0259qliyyat v\u0259 kommunikasiyalar\u0131n a\u00e7\u0131lmas\u0131 haqda raz\u0131l\u0131q \u0259ld\u0259 olundu\u011fu v\u0259 haz\u0131rda \u00f6lk\u0259mizin b\u00f6lg\u0259nin iqtisadi dir\u00e7\u0259li\u015fi istiqam\u0259tind\u0259 \u00f6n\u0259mli s\u0259yl\u0259r g\u00f6st\u0259rdiyi bildirilir. 30 il\u0259 yax\u0131n davam ed\u0259n i\u015f\u011fal m\u00fcdd\u0259tind\u0259 Az\u0259rbaycan&hellip;<\/p>\n","protected":false},"author":2,"featured_media":337034,"comment_status":"closed","ping_status":"closed","sticky":false,"template":"","format":"standard","meta":{"om_disable_all_campaigns":false,"_monsterinsights_skip_tracking":false,"_monsterinsights_sitenote_active":false,"_monsterinsights_sitenote_note":"","_monsterinsights_sitenote_category":0},"categories":[26],"tags":[],"aioseo_notices":[],"gutentor_comment":0,"rttpg_featured_image_url":{"full":["https:\/\/arantv.az\/wp-content\/uploads\/2021\/05\/unnamed-2.jpg",467,465,false],"landscape":["https:\/\/arantv.az\/wp-content\/uploads\/2021\/05\/unnamed-2.jpg",467,465,false],"portraits":["https:\/\/arantv.az\/wp-content\/uploads\/2021\/05\/unnamed-2.jpg",467,465,false],"thumbnail":["https:\/\/arantv.az\/wp-content\/uploads\/2021\/05\/unnamed-2-467x280.jpg",467,280,true],"medium":["https:\/\/arantv.az\/wp-content\/uploads\/2021\/05\/unnamed-2-367x365.jpg",367,365,true],"large":["https:\/\/arantv.az\/wp-content\/uploads\/2021\/05\/unnamed-2.jpg",467,465,false],"1536x1536":["https:\/\/arantv.az\/wp-content\/uploads\/2021\/05\/unnamed-2.jpg",467,465,false],"2048x2048":["https:\/\/arantv.az\/wp-content\/uploads\/2021\/05\/unnamed-2.jpg",467,465,false],"post-thumbnail":["https:\/\/arantv.az\/wp-content\/uploads\/2021\/05\/unnamed-2-240x172.jpg",240,172,true],"advps-thumb-one":["https:\/\/arantv.az\/wp-content\/uploads\/2021\/05\/unnamed-2.jpg",467,465,false]},"rttpg_author":{"display_name":"V\u00fcsal Rafiqo\u011flu","author_link":"https:\/\/arantv.az\/?author=2"},"rttpg_comment":0,"rttpg_category":"<a href=\"https:\/\/arantv.az\/?cat=26\" rel=\"category\">Sosial<\/a>","rttpg_excerpt":"Perunun tan\u0131nm\u0131\u015f K\u0130V-l\u0259rind\u0259n \u201cLa Republica\u201d q\u0259zetind\u0259 bu \u00f6lk\u0259d\u0259ki s\u0259firimiz M\u0259mm\u0259d Tal\u0131bovun Qaraba\u011fda m\u00fcharib\u0259d\u0259n sonrak\u0131 v\u0259ziyy\u0259t, burada m\u00fc\u015fahid\u0259 olunan erm\u0259ni vandalizmi, Az\u0259rbaycan\u0131n apard\u0131\u011f\u0131 b\u0259rpa v\u0259 yenid\u0259nqurma i\u015fl\u0259ri, qar\u015f\u0131ya \u00e7\u0131xan \u00e7\u0259tinlikl\u0259r v\u0259 regionda davaml\u0131 s\u00fclh\u00fcn \u015f\u0259rtl\u0259ri bar\u0259d\u0259\u00a0m\u00fcsahib\u0259si\u00a0d\u0259rc olunub. Bu bar\u0259d\u0259 Az\u0259rbaycan\u0131n Meksikadak\u0131 s\u0259firliyi m\u0259lumat yay\u0131b. M\u00fcsahib\u0259d\u0259 b\u00f6lg\u0259d\u0259 m\u00fcnaqi\u015f\u0259 sonras\u0131 geosiyasi durumla \u0259laq\u0259dar 44 g\u00fcnl\u00fck m\u00fcharib\u0259nin yekununda Az\u0259rbaycan&hellip;","_links":{"self":[{"href":"https:\/\/arantv.az\/index.php?rest_route=\/wp\/v2\/posts\/337033"}],"collection":[{"href":"https:\/\/arantv.az\/index.php?rest_route=\/wp\/v2\/posts"}],"about":[{"href":"https:\/\/arantv.az\/index.php?rest_route=\/wp\/v2\/types\/post"}],"author":[{"embeddable":true,"href":"https:\/\/arantv.az\/index.php?rest_route=\/wp\/v2\/users\/2"}],"replies":[{"embeddable":true,"href":"https:\/\/arantv.az\/index.php?rest_route=%2Fwp%2Fv2%2Fcomments&post=337033"}],"version-history":[{"count":0,"href":"https:\/\/arantv.az\/index.php?rest_route=\/wp\/v2\/posts\/337033\/revisions"}],"wp:featuredmedia":[{"embeddable":true,"href":"https:\/\/arantv.az\/index.php?rest_route=\/wp\/v2\/media\/337034"}],"wp:attachment":[{"href":"https:\/\/arantv.az\/index.php?rest_route=%2Fwp%2Fv2%2Fmedia&parent=337033"}],"wp:term":[{"taxonomy":"category","embeddable":true,"href":"https:\/\/arantv.az\/index.php?rest_route=%2Fwp%2Fv2%2Fcategories&post=337033"},{"taxonomy":"post_tag","embeddable":true,"href":"https:\/\/arantv.az\/index.php?rest_route=%2Fwp%2Fv2%2Ftags&post=337033"}],"curies":[{"name":"wp","href":"https:\/\/api.w.org\/{rel}","templated":true}]}}