{"id":337048,"date":"2021-05-12T12:29:05","date_gmt":"2021-05-12T09:29:05","guid":{"rendered":"https:\/\/arantv.az\/?p=337048"},"modified":"2021-05-12T12:29:05","modified_gmt":"2021-05-12T09:29:05","slug":"yasat-fondu-s%c9%99hid-v%c9%99-qazi-ail%c9%99l%c9%99rin%c9%99-d%c9%99st%c9%99kl%c9%99-bagli-videocarx-hazirlayib-onlar-biz%c9%99-%c9%99man%c9%99t-video","status":"publish","type":"post","link":"https:\/\/arantv.az\/?p=337048","title":{"rendered":"\u201cYA\u015eAT\u201d Fondu \u015f\u0259hid v\u0259 qazi ail\u0259l\u0259rin\u0259 d\u0259st\u0259kl\u0259 ba\u011fl\u0131 video\u00e7arx haz\u0131rlay\u0131b: Onlar biz\u0259 \u0259man\u0259t! &#8211; V\u0130DEO"},"content":{"rendered":"<article class=\"news\">\n<div class=\"news-inner\">\n<p>\u201cAz\u0259rbaycan Respublikas\u0131n\u0131n \u0259razi b\u00fct\u00f6vl\u00fcy\u00fcn\u00fcn m\u00fcdafi\u0259si il\u0259 \u0259laq\u0259dar yaralananlar\u0131n v\u0259 \u015f\u0259hid ail\u0259l\u0259rinin t\u0259minat\u0131na d\u0259st\u0259k\u201d fondu (\u201cYA\u015eAT\u201d Fondu) \u015f\u0259hid \u00f6vladlar\u0131 il\u0259 ba\u011fl\u0131 \u201cOnlar biz\u0259 \u0259man\u0259t!\u201d adl\u0131 video\u00e7arx haz\u0131rlay\u0131b.<\/p>\n<div id=\"AdviadNativeVideo0\" class=\"AdviadNativeVideo\"><\/div>\n<p>Bu bar\u0259d\u0259 fond m\u0259lumat yay\u0131b.<\/p>\n<p>\u201c\u00dc\u00e7r\u0259ngli bayra\u011f\u0131m\u0131z zirv\u0259l\u0259rd\u0259 q\u00fcrurla dal\u011falans\u0131n dey\u0259 can\u0131ndan ke\u00e7\u0259n b\u00fct\u00fcn q\u0259hr\u0259manlar\u0131m\u0131z\u0131 ehtiramla yad edirik. \u018fman\u0259tinizi \u00fcr\u0259yimizd\u0259 da\u015f\u0131yaca\u011f\u0131q\u201d, &#8211; dey\u0259 fonddan veril\u0259n m\u0259lumatda qeyd edilib.<\/p>\n<div><iframe loading=\"lazy\" title=\"YouTube video player\" src=\"https:\/\/www.youtube.com\/embed\/EdjxB1cI9jw\" width=\"560\" height=\"315\" frameborder=\"0\" allowfullscreen=\"allowfullscreen\" data-mce-fragment=\"1\"><\/iframe><\/div>\n<\/div>\n<\/article>\n<h2 class=\"news-share-title\"><\/h2>\n","protected":false},"excerpt":{"rendered":"<p>\u201cAz\u0259rbaycan Respublikas\u0131n\u0131n \u0259razi b\u00fct\u00f6vl\u00fcy\u00fcn\u00fcn m\u00fcdafi\u0259si il\u0259 \u0259laq\u0259dar yaralananlar\u0131n v\u0259 \u015f\u0259hid ail\u0259l\u0259rinin t\u0259minat\u0131na d\u0259st\u0259k\u201d fondu (\u201cYA\u015eAT\u201d Fondu) \u015f\u0259hid \u00f6vladlar\u0131 il\u0259 ba\u011fl\u0131 \u201cOnlar biz\u0259 \u0259man\u0259t!\u201d adl\u0131 video\u00e7arx haz\u0131rlay\u0131b. Bu bar\u0259d\u0259 fond m\u0259lumat yay\u0131b. \u201c\u00dc\u00e7r\u0259ngli bayra\u011f\u0131m\u0131z zirv\u0259l\u0259rd\u0259 q\u00fcrurla dal\u011falans\u0131n dey\u0259 can\u0131ndan ke\u00e7\u0259n b\u00fct\u00fcn q\u0259hr\u0259manlar\u0131m\u0131z\u0131 ehtiramla yad edirik. \u018fman\u0259tinizi \u00fcr\u0259yimizd\u0259 da\u015f\u0131yaca\u011f\u0131q\u201d, &#8211; dey\u0259 fonddan veril\u0259n m\u0259lumatda qeyd edilib.<\/p>\n","protected":false},"author":2,"featured_media":337049,"comment_status":"closed","ping_status":"closed","sticky":false,"template":"","format":"standard","meta":{"om_disable_all_campaigns":false,"_monsterinsights_skip_tracking":false,"_monsterinsights_sitenote_active":false,"_monsterinsights_sitenote_note":"","_monsterinsights_sitenote_category":0},"categories":[26],"tags":[],"aioseo_notices":[],"gutentor_comment":0,"rttpg_featured_image_url":{"full":["https:\/\/arantv.az\/wp-content\/uploads\/2021\/05\/185504191_761274624750463_8132402729335996730_n.jpg",620,349,false],"landscape":["https:\/\/arantv.az\/wp-content\/uploads\/2021\/05\/185504191_761274624750463_8132402729335996730_n.jpg",620,349,false],"portraits":["https:\/\/arantv.az\/wp-content\/uploads\/2021\/05\/185504191_761274624750463_8132402729335996730_n.jpg",620,349,false],"thumbnail":["https:\/\/arantv.az\/wp-content\/uploads\/2021\/05\/185504191_761274624750463_8132402729335996730_n-500x280.jpg",500,280,true],"medium":["https:\/\/arantv.az\/wp-content\/uploads\/2021\/05\/185504191_761274624750463_8132402729335996730_n.jpg",620,349,false],"large":["https:\/\/arantv.az\/wp-content\/uploads\/2021\/05\/185504191_761274624750463_8132402729335996730_n.jpg",620,349,false],"1536x1536":["https:\/\/arantv.az\/wp-content\/uploads\/2021\/05\/185504191_761274624750463_8132402729335996730_n.jpg",620,349,false],"2048x2048":["https:\/\/arantv.az\/wp-content\/uploads\/2021\/05\/185504191_761274624750463_8132402729335996730_n.jpg",620,349,false],"post-thumbnail":["https:\/\/arantv.az\/wp-content\/uploads\/2021\/05\/185504191_761274624750463_8132402729335996730_n-240x172.jpg",240,172,true],"advps-thumb-one":["https:\/\/arantv.az\/wp-content\/uploads\/2021\/05\/185504191_761274624750463_8132402729335996730_n.jpg",620,349,false]},"rttpg_author":{"display_name":"V\u00fcsal Rafiqo\u011flu","author_link":"https:\/\/arantv.az\/?author=2"},"rttpg_comment":0,"rttpg_category":"<a href=\"https:\/\/arantv.az\/?cat=26\" rel=\"category\">Sosial<\/a>","rttpg_excerpt":"\u201cAz\u0259rbaycan Respublikas\u0131n\u0131n \u0259razi b\u00fct\u00f6vl\u00fcy\u00fcn\u00fcn m\u00fcdafi\u0259si il\u0259 \u0259laq\u0259dar yaralananlar\u0131n v\u0259 \u015f\u0259hid ail\u0259l\u0259rinin t\u0259minat\u0131na d\u0259st\u0259k\u201d fondu (\u201cYA\u015eAT\u201d Fondu) \u015f\u0259hid \u00f6vladlar\u0131 il\u0259 ba\u011fl\u0131 \u201cOnlar biz\u0259 \u0259man\u0259t!\u201d adl\u0131 video\u00e7arx haz\u0131rlay\u0131b. Bu bar\u0259d\u0259 fond m\u0259lumat yay\u0131b. \u201c\u00dc\u00e7r\u0259ngli bayra\u011f\u0131m\u0131z zirv\u0259l\u0259rd\u0259 q\u00fcrurla dal\u011falans\u0131n dey\u0259 can\u0131ndan ke\u00e7\u0259n b\u00fct\u00fcn q\u0259hr\u0259manlar\u0131m\u0131z\u0131 ehtiramla yad edirik. \u018fman\u0259tinizi \u00fcr\u0259yimizd\u0259 da\u015f\u0131yaca\u011f\u0131q\u201d, &#8211; dey\u0259 fonddan veril\u0259n m\u0259lumatda qeyd edilib.","_links":{"self":[{"href":"https:\/\/arantv.az\/index.php?rest_route=\/wp\/v2\/posts\/337048"}],"collection":[{"href":"https:\/\/arantv.az\/index.php?rest_route=\/wp\/v2\/posts"}],"about":[{"href":"https:\/\/arantv.az\/index.php?rest_route=\/wp\/v2\/types\/post"}],"author":[{"embeddable":true,"href":"https:\/\/arantv.az\/index.php?rest_route=\/wp\/v2\/users\/2"}],"replies":[{"embeddable":true,"href":"https:\/\/arantv.az\/index.php?rest_route=%2Fwp%2Fv2%2Fcomments&post=337048"}],"version-history":[{"count":0,"href":"https:\/\/arantv.az\/index.php?rest_route=\/wp\/v2\/posts\/337048\/revisions"}],"wp:featuredmedia":[{"embeddable":true,"href":"https:\/\/arantv.az\/index.php?rest_route=\/wp\/v2\/media\/337049"}],"wp:attachment":[{"href":"https:\/\/arantv.az\/index.php?rest_route=%2Fwp%2Fv2%2Fmedia&parent=337048"}],"wp:term":[{"taxonomy":"category","embeddable":true,"href":"https:\/\/arantv.az\/index.php?rest_route=%2Fwp%2Fv2%2Fcategories&post=337048"},{"taxonomy":"post_tag","embeddable":true,"href":"https:\/\/arantv.az\/index.php?rest_route=%2Fwp%2Fv2%2Ftags&post=337048"}],"curies":[{"name":"wp","href":"https:\/\/api.w.org\/{rel}","templated":true}]}}