{"id":337057,"date":"2021-05-12T12:54:00","date_gmt":"2021-05-12T09:54:00","guid":{"rendered":"https:\/\/arantv.az\/?p=337057"},"modified":"2021-05-12T12:54:00","modified_gmt":"2021-05-12T09:54:00","slug":"kazanda-q%c9%99tliamda-ol%c9%99n-m%c9%99kt%c9%99blil%c9%99rin-xatir%c9%99si-anilir-video","status":"publish","type":"post","link":"https:\/\/arantv.az\/?p=337057","title":{"rendered":"Kazanda q\u0259tliamda \u00f6l\u0259n m\u0259kt\u0259blil\u0259rin xatir\u0259si an\u0131l\u0131r &#8211; V\u0130DEO"},"content":{"rendered":"<article class=\"news\">\n<div class=\"news-inner\">\n<p>Bu g\u00fcn Kazan \u015f\u0259h\u0259rind\u0259 mat\u0259m g\u00fcn\u00fcd\u00fcr.<\/p>\n<div id=\"AdviadNativeVideo0\" class=\"AdviadNativeVideo\"><\/div>\n<p>\u00d6t\u0259n g\u00fcn Rusiyan\u0131n Tatar\u0131stan Respublikas\u0131n\u0131n\u00a0paytaxt\u0131nda yerl\u0259\u015f\u0259n m\u0259kt\u0259bl\u0259rin birin\u0259 h\u0259yata ke\u00e7iril\u0259n silahl\u0131 h\u00fccum n\u0259tic\u0259sind\u0259 9 n\u0259f\u0259r \u00f6ld\u00fcr\u00fcl\u00fcb, 21 n\u0259f\u0259r yaralan\u0131b.<\/p>\n<p>\u201cEuronews\u201d x\u0259b\u0259r verir ki, yerli sakinl\u0259r q\u0259tliam\u0131n ba\u015f verdiyi m\u0259kt\u0259bin \u00f6n\u00fcn\u0259 g\u0259l\u0259r\u0259k g\u00fcl d\u0259st\u0259l\u0259ri d\u00fcz\u00fcb, \u015famlar yand\u0131r\u0131blar.<\/p>\n<div><iframe loading=\"lazy\" src=\"https:\/\/player.baku.tv\/embed\/37985\" width=\"560\" height=\"315\" frameborder=\"0\" allowfullscreen=\"allowfullscreen\" data-mce-fragment=\"1\"><\/iframe><\/div>\n<\/div>\n<\/article>\n<h2 class=\"news-share-title\"><\/h2>\n","protected":false},"excerpt":{"rendered":"<p>Bu g\u00fcn Kazan \u015f\u0259h\u0259rind\u0259 mat\u0259m g\u00fcn\u00fcd\u00fcr. \u00d6t\u0259n g\u00fcn Rusiyan\u0131n Tatar\u0131stan Respublikas\u0131n\u0131n\u00a0paytaxt\u0131nda yerl\u0259\u015f\u0259n m\u0259kt\u0259bl\u0259rin birin\u0259 h\u0259yata ke\u00e7iril\u0259n silahl\u0131 h\u00fccum n\u0259tic\u0259sind\u0259 9 n\u0259f\u0259r \u00f6ld\u00fcr\u00fcl\u00fcb, 21 n\u0259f\u0259r yaralan\u0131b. \u201cEuronews\u201d x\u0259b\u0259r verir ki, yerli sakinl\u0259r q\u0259tliam\u0131n ba\u015f verdiyi m\u0259kt\u0259bin \u00f6n\u00fcn\u0259 g\u0259l\u0259r\u0259k g\u00fcl d\u0259st\u0259l\u0259ri d\u00fcz\u00fcb, \u015famlar yand\u0131r\u0131blar.<\/p>\n","protected":false},"author":2,"featured_media":337058,"comment_status":"closed","ping_status":"closed","sticky":false,"template":"","format":"standard","meta":{"om_disable_all_campaigns":false,"_monsterinsights_skip_tracking":false,"_monsterinsights_sitenote_active":false,"_monsterinsights_sitenote_note":"","_monsterinsights_sitenote_category":0},"categories":[7],"tags":[],"aioseo_notices":[],"gutentor_comment":0,"rttpg_featured_image_url":{"full":["https:\/\/arantv.az\/wp-content\/uploads\/2021\/05\/184825047_3848127218636232_2438209570828088892_n.jpg",620,349,false],"landscape":["https:\/\/arantv.az\/wp-content\/uploads\/2021\/05\/184825047_3848127218636232_2438209570828088892_n.jpg",620,349,false],"portraits":["https:\/\/arantv.az\/wp-content\/uploads\/2021\/05\/184825047_3848127218636232_2438209570828088892_n.jpg",620,349,false],"thumbnail":["https:\/\/arantv.az\/wp-content\/uploads\/2021\/05\/184825047_3848127218636232_2438209570828088892_n-500x280.jpg",500,280,true],"medium":["https:\/\/arantv.az\/wp-content\/uploads\/2021\/05\/184825047_3848127218636232_2438209570828088892_n.jpg",620,349,false],"large":["https:\/\/arantv.az\/wp-content\/uploads\/2021\/05\/184825047_3848127218636232_2438209570828088892_n.jpg",620,349,false],"1536x1536":["https:\/\/arantv.az\/wp-content\/uploads\/2021\/05\/184825047_3848127218636232_2438209570828088892_n.jpg",620,349,false],"2048x2048":["https:\/\/arantv.az\/wp-content\/uploads\/2021\/05\/184825047_3848127218636232_2438209570828088892_n.jpg",620,349,false],"post-thumbnail":["https:\/\/arantv.az\/wp-content\/uploads\/2021\/05\/184825047_3848127218636232_2438209570828088892_n-240x172.jpg",240,172,true],"advps-thumb-one":["https:\/\/arantv.az\/wp-content\/uploads\/2021\/05\/184825047_3848127218636232_2438209570828088892_n.jpg",620,349,false]},"rttpg_author":{"display_name":"V\u00fcsal Rafiqo\u011flu","author_link":"https:\/\/arantv.az\/?author=2"},"rttpg_comment":0,"rttpg_category":"<a href=\"https:\/\/arantv.az\/?cat=7\" rel=\"category\">D\u00fcnya<\/a>","rttpg_excerpt":"Bu g\u00fcn Kazan \u015f\u0259h\u0259rind\u0259 mat\u0259m g\u00fcn\u00fcd\u00fcr. \u00d6t\u0259n g\u00fcn Rusiyan\u0131n Tatar\u0131stan Respublikas\u0131n\u0131n\u00a0paytaxt\u0131nda yerl\u0259\u015f\u0259n m\u0259kt\u0259bl\u0259rin birin\u0259 h\u0259yata ke\u00e7iril\u0259n silahl\u0131 h\u00fccum n\u0259tic\u0259sind\u0259 9 n\u0259f\u0259r \u00f6ld\u00fcr\u00fcl\u00fcb, 21 n\u0259f\u0259r yaralan\u0131b. \u201cEuronews\u201d x\u0259b\u0259r verir ki, yerli sakinl\u0259r q\u0259tliam\u0131n ba\u015f verdiyi m\u0259kt\u0259bin \u00f6n\u00fcn\u0259 g\u0259l\u0259r\u0259k g\u00fcl d\u0259st\u0259l\u0259ri d\u00fcz\u00fcb, \u015famlar yand\u0131r\u0131blar.","_links":{"self":[{"href":"https:\/\/arantv.az\/index.php?rest_route=\/wp\/v2\/posts\/337057"}],"collection":[{"href":"https:\/\/arantv.az\/index.php?rest_route=\/wp\/v2\/posts"}],"about":[{"href":"https:\/\/arantv.az\/index.php?rest_route=\/wp\/v2\/types\/post"}],"author":[{"embeddable":true,"href":"https:\/\/arantv.az\/index.php?rest_route=\/wp\/v2\/users\/2"}],"replies":[{"embeddable":true,"href":"https:\/\/arantv.az\/index.php?rest_route=%2Fwp%2Fv2%2Fcomments&post=337057"}],"version-history":[{"count":0,"href":"https:\/\/arantv.az\/index.php?rest_route=\/wp\/v2\/posts\/337057\/revisions"}],"wp:featuredmedia":[{"embeddable":true,"href":"https:\/\/arantv.az\/index.php?rest_route=\/wp\/v2\/media\/337058"}],"wp:attachment":[{"href":"https:\/\/arantv.az\/index.php?rest_route=%2Fwp%2Fv2%2Fmedia&parent=337057"}],"wp:term":[{"taxonomy":"category","embeddable":true,"href":"https:\/\/arantv.az\/index.php?rest_route=%2Fwp%2Fv2%2Fcategories&post=337057"},{"taxonomy":"post_tag","embeddable":true,"href":"https:\/\/arantv.az\/index.php?rest_route=%2Fwp%2Fv2%2Ftags&post=337057"}],"curies":[{"name":"wp","href":"https:\/\/api.w.org\/{rel}","templated":true}]}}