{"id":337235,"date":"2021-05-12T21:25:16","date_gmt":"2021-05-12T18:25:16","guid":{"rendered":"https:\/\/arantv.az\/?p=337235"},"modified":"2021-05-12T21:25:16","modified_gmt":"2021-05-12T18:25:16","slug":"ilham-%c9%99liyev-susada-xan-qizi-nat%c9%99vanin-sarayina-baxis-kecirib","status":"publish","type":"post","link":"https:\/\/arantv.az\/?p=337235","title":{"rendered":"\u0130lham \u018fliyev \u015eu\u015fada xan q\u0131z\u0131 Nat\u0259van\u0131n saray\u0131na bax\u0131\u015f ke\u00e7irib"},"content":{"rendered":"<p>Az\u0259rbaycan Respublikas\u0131n\u0131n Prezidenti \u0130lham \u018fliyev, Birinci vitse-prezident\u00a0Mehriban \u018fliyeva v\u0259 q\u0131zlar\u0131 Leyla v\u0259 Arzu \u018fliyevalar may\u0131n 12-d\u0259 \u015eu\u015fada xan q\u0131z\u0131 Nat\u0259van\u0131n saray\u0131na bax\u0131\u015f ke\u00e7iribl\u0259r.<\/p>\n<p><strong>ARANTV.AZ<\/strong> x\u0259b\u0259r verir ki, \u015eu\u015fa \u015f\u0259h\u0259rind\u0259 Xan q\u0131z\u0131 Nat\u0259van\u0131n evi d\u0259 i\u015f\u011fal d\u00f6vr\u00fcnd\u0259 da\u011f\u0131d\u0131l\u0131b. Az\u0259rbaycanda yarad\u0131lan ilk u\u015faq musiqi m\u0259kt\u0259bi olan \u015eu\u015fa Musiqi M\u0259kt\u0259bi Xan q\u0131z\u0131 Nat\u0259van\u0131n evind\u0259 f\u0259aliyy\u0259t\u0259 ba\u015flam\u0131\u015fd\u0131. XVIII \u0259sr\u0259 aid tarix-memarl\u0131q abid\u0259si erm\u0259ni v\u0259h\u015filiyinin, vandalizminin qurban\u0131 olub.<\/p>\n<p>D\u00f6vl\u0259timizin ba\u015f\u00e7\u0131s\u0131na m\u0259lumat verildi ki, i\u015f\u011fal zaman\u0131 binaya d\u0259y\u0259n ziyan\u0131n qiym\u0259tl\u0259ndirilm\u0259sin\u0259 art\u0131q ba\u015flan\u0131l\u0131b. Bu prosesd\u0259n sonra burada b\u0259rpa i\u015fl\u0259rin\u0259 start veril\u0259c\u0259k.AZ\u018fRTAC<\/p>\n","protected":false},"excerpt":{"rendered":"<p>Az\u0259rbaycan Respublikas\u0131n\u0131n Prezidenti \u0130lham \u018fliyev, Birinci vitse-prezident\u00a0Mehriban \u018fliyeva v\u0259 q\u0131zlar\u0131 Leyla v\u0259 Arzu \u018fliyevalar may\u0131n 12-d\u0259 \u015eu\u015fada xan q\u0131z\u0131 Nat\u0259van\u0131n saray\u0131na bax\u0131\u015f ke\u00e7iribl\u0259r. ARANTV.AZ x\u0259b\u0259r verir ki, \u015eu\u015fa \u015f\u0259h\u0259rind\u0259 Xan q\u0131z\u0131 Nat\u0259van\u0131n evi d\u0259 i\u015f\u011fal d\u00f6vr\u00fcnd\u0259 da\u011f\u0131d\u0131l\u0131b. Az\u0259rbaycanda yarad\u0131lan ilk u\u015faq musiqi m\u0259kt\u0259bi olan \u015eu\u015fa Musiqi M\u0259kt\u0259bi Xan q\u0131z\u0131 Nat\u0259van\u0131n evind\u0259 f\u0259aliyy\u0259t\u0259 ba\u015flam\u0131\u015fd\u0131. XVIII \u0259sr\u0259 aid tarix-memarl\u0131q abid\u0259si erm\u0259ni v\u0259h\u015filiyinin, vandalizminin qurban\u0131 olub. D\u00f6vl\u0259timizin ba\u015f\u00e7\u0131s\u0131na m\u0259lumat verildi ki, i\u015f\u011fal zaman\u0131 binaya d\u0259y\u0259n ziyan\u0131n qiym\u0259tl\u0259ndirilm\u0259sin\u0259 art\u0131q ba\u015flan\u0131l\u0131b. Bu prosesd\u0259n sonra burada b\u0259rpa i\u015fl\u0259rin\u0259 start veril\u0259c\u0259k.AZ\u018fRTAC<\/p>\n","protected":false},"author":2,"featured_media":337236,"comment_status":"closed","ping_status":"closed","sticky":false,"template":"","format":"standard","meta":{"om_disable_all_campaigns":false,"_monsterinsights_skip_tracking":false,"_monsterinsights_sitenote_active":false,"_monsterinsights_sitenote_note":"","_monsterinsights_sitenote_category":0},"categories":[4],"tags":[],"aioseo_notices":[],"gutentor_comment":0,"rttpg_featured_image_url":{"full":["https:\/\/arantv.az\/wp-content\/uploads\/2021\/05\/16208367465069434047_1000x669-1.jpg",620,420,false],"landscape":["https:\/\/arantv.az\/wp-content\/uploads\/2021\/05\/16208367465069434047_1000x669-1.jpg",620,420,false],"portraits":["https:\/\/arantv.az\/wp-content\/uploads\/2021\/05\/16208367465069434047_1000x669-1.jpg",620,420,false],"thumbnail":["https:\/\/arantv.az\/wp-content\/uploads\/2021\/05\/16208367465069434047_1000x669-1-500x280.jpg",500,280,true],"medium":["https:\/\/arantv.az\/wp-content\/uploads\/2021\/05\/16208367465069434047_1000x669-1-539x365.jpg",539,365,true],"large":["https:\/\/arantv.az\/wp-content\/uploads\/2021\/05\/16208367465069434047_1000x669-1.jpg",620,420,false],"1536x1536":["https:\/\/arantv.az\/wp-content\/uploads\/2021\/05\/16208367465069434047_1000x669-1.jpg",620,420,false],"2048x2048":["https:\/\/arantv.az\/wp-content\/uploads\/2021\/05\/16208367465069434047_1000x669-1.jpg",620,420,false],"post-thumbnail":["https:\/\/arantv.az\/wp-content\/uploads\/2021\/05\/16208367465069434047_1000x669-1-240x172.jpg",240,172,true],"advps-thumb-one":["https:\/\/arantv.az\/wp-content\/uploads\/2021\/05\/16208367465069434047_1000x669-1.jpg",620,420,false]},"rttpg_author":{"display_name":"V\u00fcsal Rafiqo\u011flu","author_link":"https:\/\/arantv.az\/?author=2"},"rttpg_comment":0,"rttpg_category":"<a href=\"https:\/\/arantv.az\/?cat=4\" rel=\"category\">Siyas\u0259t<\/a>","rttpg_excerpt":"Az\u0259rbaycan Respublikas\u0131n\u0131n Prezidenti \u0130lham \u018fliyev, Birinci vitse-prezident\u00a0Mehriban \u018fliyeva v\u0259 q\u0131zlar\u0131 Leyla v\u0259 Arzu \u018fliyevalar may\u0131n 12-d\u0259 \u015eu\u015fada xan q\u0131z\u0131 Nat\u0259van\u0131n saray\u0131na bax\u0131\u015f ke\u00e7iribl\u0259r. ARANTV.AZ x\u0259b\u0259r verir ki, \u015eu\u015fa \u015f\u0259h\u0259rind\u0259 Xan q\u0131z\u0131 Nat\u0259van\u0131n evi d\u0259 i\u015f\u011fal d\u00f6vr\u00fcnd\u0259 da\u011f\u0131d\u0131l\u0131b. Az\u0259rbaycanda yarad\u0131lan ilk u\u015faq musiqi m\u0259kt\u0259bi olan \u015eu\u015fa Musiqi M\u0259kt\u0259bi Xan q\u0131z\u0131 Nat\u0259van\u0131n evind\u0259 f\u0259aliyy\u0259t\u0259 ba\u015flam\u0131\u015fd\u0131. XVIII \u0259sr\u0259&hellip;","_links":{"self":[{"href":"https:\/\/arantv.az\/index.php?rest_route=\/wp\/v2\/posts\/337235"}],"collection":[{"href":"https:\/\/arantv.az\/index.php?rest_route=\/wp\/v2\/posts"}],"about":[{"href":"https:\/\/arantv.az\/index.php?rest_route=\/wp\/v2\/types\/post"}],"author":[{"embeddable":true,"href":"https:\/\/arantv.az\/index.php?rest_route=\/wp\/v2\/users\/2"}],"replies":[{"embeddable":true,"href":"https:\/\/arantv.az\/index.php?rest_route=%2Fwp%2Fv2%2Fcomments&post=337235"}],"version-history":[{"count":0,"href":"https:\/\/arantv.az\/index.php?rest_route=\/wp\/v2\/posts\/337235\/revisions"}],"wp:featuredmedia":[{"embeddable":true,"href":"https:\/\/arantv.az\/index.php?rest_route=\/wp\/v2\/media\/337236"}],"wp:attachment":[{"href":"https:\/\/arantv.az\/index.php?rest_route=%2Fwp%2Fv2%2Fmedia&parent=337235"}],"wp:term":[{"taxonomy":"category","embeddable":true,"href":"https:\/\/arantv.az\/index.php?rest_route=%2Fwp%2Fv2%2Fcategories&post=337235"},{"taxonomy":"post_tag","embeddable":true,"href":"https:\/\/arantv.az\/index.php?rest_route=%2Fwp%2Fv2%2Ftags&post=337235"}],"curies":[{"name":"wp","href":"https:\/\/api.w.org\/{rel}","templated":true}]}}