{"id":337238,"date":"2021-05-12T21:26:44","date_gmt":"2021-05-12T18:26:44","guid":{"rendered":"https:\/\/arantv.az\/?p=337238"},"modified":"2021-05-12T21:26:44","modified_gmt":"2021-05-12T18:26:44","slug":"dovl%c9%99t-bascisi-xari-bulbul-otelinin-n%c9%99zdind%c9%99ki-korpusda-v%c9%99-kottecl%c9%99rd%c9%99-yaradilan-s%c9%99raitl%c9%99-tanis-olub","status":"publish","type":"post","link":"https:\/\/arantv.az\/?p=337238","title":{"rendered":"D\u00f6vl\u0259t ba\u015f\u00e7\u0131s\u0131 \u201cXar\u0131 B\u00fclb\u00fcl\u201d otelinin n\u0259zdind\u0259ki korpusda v\u0259 kottecl\u0259rd\u0259 yarad\u0131lan \u015f\u0259raitl\u0259 tan\u0131\u015f olub"},"content":{"rendered":"<p>Az\u0259rbaycan Respublikas\u0131n\u0131n Prezidenti \u0130lham \u018fliyev, Birinci vitse-prezident\u00a0Mehriban \u018fliyeva, q\u0131zlar\u0131 Leyla \u018fliyeva v\u0259 Arzu \u018fliyeva may\u0131n 12-d\u0259 \u015eu\u015fada \u201cXar\u0131 B\u00fclb\u00fcl\u201d otelinin n\u0259zdind\u0259ki 48 m\u0259nzilli korpusda v\u0259 kottecl\u0259rd\u0259 yarad\u0131lan \u015f\u0259raitl\u0259 tan\u0131\u015f olublar.<\/p>\n<div id=\"AdviadNativeVideo0\" class=\"AdviadNativeVideo\"><\/div>\n<p><strong>ARANTV.AZ<\/strong> x\u0259b\u0259r verir ki, d\u00f6vl\u0259timizin ba\u015f\u00e7\u0131s\u0131na v\u0259 birinci xan\u0131ma korpusda v\u0259 kottecl\u0259rd\u0259 g\u00f6r\u00fcl\u0259n i\u015fl\u0259r bar\u0259d\u0259 m\u0259lumat verildi. Qeyd olundu ki, bu obyektl\u0259r d\u0259 m\u00fcasir s\u0259viyy\u0259d\u0259 yenid\u0259n qurulub.AZ\u018fRTAC<\/p>\n","protected":false},"excerpt":{"rendered":"<p>Az\u0259rbaycan Respublikas\u0131n\u0131n Prezidenti \u0130lham \u018fliyev, Birinci vitse-prezident\u00a0Mehriban \u018fliyeva, q\u0131zlar\u0131 Leyla \u018fliyeva v\u0259 Arzu \u018fliyeva may\u0131n 12-d\u0259 \u015eu\u015fada \u201cXar\u0131 B\u00fclb\u00fcl\u201d otelinin n\u0259zdind\u0259ki 48 m\u0259nzilli korpusda v\u0259 kottecl\u0259rd\u0259 yarad\u0131lan \u015f\u0259raitl\u0259 tan\u0131\u015f olublar. ARANTV.AZ x\u0259b\u0259r verir ki, d\u00f6vl\u0259timizin ba\u015f\u00e7\u0131s\u0131na v\u0259 birinci xan\u0131ma korpusda v\u0259 kottecl\u0259rd\u0259 g\u00f6r\u00fcl\u0259n i\u015fl\u0259r bar\u0259d\u0259 m\u0259lumat verildi. Qeyd olundu ki, bu obyektl\u0259r d\u0259 m\u00fcasir s\u0259viyy\u0259d\u0259 yenid\u0259n qurulub.AZ\u018fRTAC<\/p>\n","protected":false},"author":2,"featured_media":337239,"comment_status":"closed","ping_status":"closed","sticky":false,"template":"","format":"standard","meta":{"om_disable_all_campaigns":false,"_monsterinsights_skip_tracking":false,"_monsterinsights_sitenote_active":false,"_monsterinsights_sitenote_note":"","_monsterinsights_sitenote_category":0},"categories":[4],"tags":[],"aioseo_notices":[],"gutentor_comment":0,"rttpg_featured_image_url":{"full":["https:\/\/arantv.az\/wp-content\/uploads\/2021\/05\/16208358291501061994_1000x669.jpg",590,406,false],"landscape":["https:\/\/arantv.az\/wp-content\/uploads\/2021\/05\/16208358291501061994_1000x669.jpg",590,406,false],"portraits":["https:\/\/arantv.az\/wp-content\/uploads\/2021\/05\/16208358291501061994_1000x669.jpg",590,406,false],"thumbnail":["https:\/\/arantv.az\/wp-content\/uploads\/2021\/05\/16208358291501061994_1000x669-500x280.jpg",500,280,true],"medium":["https:\/\/arantv.az\/wp-content\/uploads\/2021\/05\/16208358291501061994_1000x669-530x365.jpg",530,365,true],"large":["https:\/\/arantv.az\/wp-content\/uploads\/2021\/05\/16208358291501061994_1000x669.jpg",590,406,false],"1536x1536":["https:\/\/arantv.az\/wp-content\/uploads\/2021\/05\/16208358291501061994_1000x669.jpg",590,406,false],"2048x2048":["https:\/\/arantv.az\/wp-content\/uploads\/2021\/05\/16208358291501061994_1000x669.jpg",590,406,false],"post-thumbnail":["https:\/\/arantv.az\/wp-content\/uploads\/2021\/05\/16208358291501061994_1000x669-240x172.jpg",240,172,true],"advps-thumb-one":["https:\/\/arantv.az\/wp-content\/uploads\/2021\/05\/16208358291501061994_1000x669.jpg",590,406,false]},"rttpg_author":{"display_name":"V\u00fcsal Rafiqo\u011flu","author_link":"https:\/\/arantv.az\/?author=2"},"rttpg_comment":0,"rttpg_category":"<a href=\"https:\/\/arantv.az\/?cat=4\" rel=\"category\">Siyas\u0259t<\/a>","rttpg_excerpt":"Az\u0259rbaycan Respublikas\u0131n\u0131n Prezidenti \u0130lham \u018fliyev, Birinci vitse-prezident\u00a0Mehriban \u018fliyeva, q\u0131zlar\u0131 Leyla \u018fliyeva v\u0259 Arzu \u018fliyeva may\u0131n 12-d\u0259 \u015eu\u015fada \u201cXar\u0131 B\u00fclb\u00fcl\u201d otelinin n\u0259zdind\u0259ki 48 m\u0259nzilli korpusda v\u0259 kottecl\u0259rd\u0259 yarad\u0131lan \u015f\u0259raitl\u0259 tan\u0131\u015f olublar. ARANTV.AZ x\u0259b\u0259r verir ki, d\u00f6vl\u0259timizin ba\u015f\u00e7\u0131s\u0131na v\u0259 birinci xan\u0131ma korpusda v\u0259 kottecl\u0259rd\u0259 g\u00f6r\u00fcl\u0259n i\u015fl\u0259r bar\u0259d\u0259 m\u0259lumat verildi. Qeyd olundu ki, bu obyektl\u0259r d\u0259 m\u00fcasir s\u0259viyy\u0259d\u0259&hellip;","_links":{"self":[{"href":"https:\/\/arantv.az\/index.php?rest_route=\/wp\/v2\/posts\/337238"}],"collection":[{"href":"https:\/\/arantv.az\/index.php?rest_route=\/wp\/v2\/posts"}],"about":[{"href":"https:\/\/arantv.az\/index.php?rest_route=\/wp\/v2\/types\/post"}],"author":[{"embeddable":true,"href":"https:\/\/arantv.az\/index.php?rest_route=\/wp\/v2\/users\/2"}],"replies":[{"embeddable":true,"href":"https:\/\/arantv.az\/index.php?rest_route=%2Fwp%2Fv2%2Fcomments&post=337238"}],"version-history":[{"count":0,"href":"https:\/\/arantv.az\/index.php?rest_route=\/wp\/v2\/posts\/337238\/revisions"}],"wp:featuredmedia":[{"embeddable":true,"href":"https:\/\/arantv.az\/index.php?rest_route=\/wp\/v2\/media\/337239"}],"wp:attachment":[{"href":"https:\/\/arantv.az\/index.php?rest_route=%2Fwp%2Fv2%2Fmedia&parent=337238"}],"wp:term":[{"taxonomy":"category","embeddable":true,"href":"https:\/\/arantv.az\/index.php?rest_route=%2Fwp%2Fv2%2Fcategories&post=337238"},{"taxonomy":"post_tag","embeddable":true,"href":"https:\/\/arantv.az\/index.php?rest_route=%2Fwp%2Fv2%2Ftags&post=337238"}],"curies":[{"name":"wp","href":"https:\/\/api.w.org\/{rel}","templated":true}]}}